{"id":373744,"date":"2025-09-07T20:30:14","date_gmt":"2025-09-07T20:30:14","guid":{"rendered":"https:\/\/www.europesays.com\/fr\/373744\/"},"modified":"2025-09-07T20:30:14","modified_gmt":"2025-09-07T20:30:14","slug":"le-team-strasbourg-vainqueur-logique-a-douai","status":"publish","type":"post","link":"https:\/\/www.europesays.com\/fr\/373744\/","title":{"rendered":"le Team Strasbourg vainqueur logique \u00e0 Douai"},"content":{"rendered":"<p>Sans surprise, les favoris strasbourgeois ont ais\u00e9ment remport\u00e9 leurs trois rencontres. Le capitaine Hugo Fontani et ses co\u00e9quipiers ont d\u00e9but\u00e9 par un festival offensif contre Mouscron, le champion de Belgique (21-11), vendredi soir. Le lendemain, ils ont surclass\u00e9 les Nordistes de Douai, promus en \u00c9lite (17-12), puis les Franciliens de Taverny, derniers en \u00c9lite la saison pass\u00e9e&#8230;<\/p>\n","protected":false},"excerpt":{"rendered":"Sans surprise, les favoris strasbourgeois ont ais\u00e9ment remport\u00e9 leurs trois rencontres. Le capitaine Hugo Fontani et ses co\u00e9quipiers&hellip;\n","protected":false},"author":2,"featured_media":373745,"comment_status":"","ping_status":"","sticky":false,"template":"","format":"standard","meta":{"footnotes":""},"categories":[2820],"tags":[1111,11,2649,2880,1777,674,1011,27,775,12,25,517,640,2879,43653],"class_list":{"0":"post-373744","1":"post","2":"type-post","3":"status-publish","4":"format-standard","5":"has-post-thumbnail","7":"category-strasbourg","8":"tag-actu","9":"tag-actualites","10":"tag-bas-rhin","11":"tag-edition-strasbourg","12":"tag-eu","13":"tag-europe","14":"tag-fr","15":"tag-france","16":"tag-grand-est","17":"tag-news","18":"tag-republique-francaise","19":"tag-sport","20":"tag-strasbourg","21":"tag-strasbourg-ville","22":"tag-team-strasbourg"},"share_on_mastodon":{"url":"https:\/\/pubeurope.com\/@fr\/115164913574557700","error":""},"_links":{"self":[{"href":"https:\/\/www.europesays.com\/fr\/wp-json\/wp\/v2\/posts\/373744","targetHints":{"allow":["GET"]}}],"collection":[{"href":"https:\/\/www.europesays.com\/fr\/wp-json\/wp\/v2\/posts"}],"about":[{"href":"https:\/\/www.europesays.com\/fr\/wp-json\/wp\/v2\/types\/post"}],"author":[{"embeddable":true,"href":"https:\/\/www.europesays.com\/fr\/wp-json\/wp\/v2\/users\/2"}],"replies":[{"embeddable":true,"href":"https:\/\/www.europesays.com\/fr\/wp-json\/wp\/v2\/comments?post=373744"}],"version-history":[{"count":0,"href":"https:\/\/www.europesays.com\/fr\/wp-json\/wp\/v2\/posts\/373744\/revisions"}],"wp:featuredmedia":[{"embeddable":true,"href":"https:\/\/www.europesays.com\/fr\/wp-json\/wp\/v2\/media\/373745"}],"wp:attachment":[{"href":"https:\/\/www.europesays.com\/fr\/wp-json\/wp\/v2\/media?parent=373744"}],"wp:term":[{"taxonomy":"category","embeddable":true,"href":"https:\/\/www.europesays.com\/fr\/wp-json\/wp\/v2\/categories?post=373744"},{"taxonomy":"post_tag","embeddable":true,"href":"https:\/\/www.europesays.com\/fr\/wp-json\/wp\/v2\/tags?post=373744"}],"curies":[{"name":"wp","href":"https:\/\/api.w.org\/{rel}","templated":true}]}}