{"id":373746,"date":"2025-09-07T20:31:10","date_gmt":"2025-09-07T20:31:10","guid":{"rendered":"https:\/\/www.europesays.com\/fr\/373746\/"},"modified":"2025-09-07T20:31:10","modified_gmt":"2025-09-07T20:31:10","slug":"chemins-de-fer-de-provence-le-trafic-restera-perturbe-en-debut-de-semaine-apres-les-agressions-des-controleurs","status":"publish","type":"post","link":"https:\/\/www.europesays.com\/fr\/373746\/","title":{"rendered":"Chemins de fer de Provence: le trafic restera perturb\u00e9 en d\u00e9but de semaine apr\u00e8s les agressions des contr\u00f4leurs"},"content":{"rendered":"<p>Environ 40% des rotations sur la partie basse du r\u00e9seau, jusqu\u2019\u00e0 Colomars ou Plan-du-Var, ont \u00e9t\u00e9 annul\u00e9es durant le week-end.<\/p>\n<p>Cons\u00e9quence d\u2019un mouvement initi\u00e9 vendredi. Ils ne s\u2019estiment plus en s\u00e9curit\u00e9 et r\u00e9clament la mise en place de mesures ad\u00e9quates: boutons d\u2019alarme, vid\u00e9osurveillance&#8230; Pour l\u2019heure la direction a recrut\u00e9 en urgence deux vigiles.<\/p>\n<p>Insuffisant selon les syndicats qui ont d\u00e9cid\u00e9 de ne plus assurer une activit\u00e9 dans les trains qui ne sont pas s\u00e9curis\u00e9s. Pour ce faire, une nouvelle r\u00e9union doit avoir lieu ce lundi avec la R\u00e9gion, la M\u00e9tropole, R\u00e9gie Ligne d\u2019Azur et la police municipale.<\/p>\n<p>En attendant un CSE extraordinaire pr\u00e9vu mardi. Pour l\u2019heure il faut donc s\u2019attendre \u00e0 une circulation r\u00e9duite du \u00ab\u00a0train des Pignes\u00a0\u00bb pour ce d\u00e9but de semaine.<\/p>\n<p>Les annulations devraient \u00e0 nouveau concerner essentiellement la partie basse de la ligne entre Nice et Colomars ou Plan-du-Var.<\/p>\n","protected":false},"excerpt":{"rendered":"Environ 40% des rotations sur la partie basse du r\u00e9seau, jusqu\u2019\u00e0 Colomars ou Plan-du-Var, ont \u00e9t\u00e9 annul\u00e9es durant&hellip;\n","protected":false},"author":2,"featured_media":373747,"comment_status":"","ping_status":"","sticky":false,"template":"","format":"standard","meta":{"footnotes":""},"categories":[2819],"tags":[1111,11,1777,674,1011,27,12,2401,882,25,800],"class_list":{"0":"post-373746","1":"post","2":"type-post","3":"status-publish","4":"format-standard","5":"has-post-thumbnail","7":"category-nice","8":"tag-actu","9":"tag-actualites","10":"tag-eu","11":"tag-europe","12":"tag-fr","13":"tag-france","14":"tag-news","15":"tag-nice","16":"tag-provence-alpes-cote-dazur","17":"tag-republique-francaise","18":"tag-transports"},"share_on_mastodon":{"url":"https:\/\/pubeurope.com\/@fr\/115164917573677985","error":""},"_links":{"self":[{"href":"https:\/\/www.europesays.com\/fr\/wp-json\/wp\/v2\/posts\/373746","targetHints":{"allow":["GET"]}}],"collection":[{"href":"https:\/\/www.europesays.com\/fr\/wp-json\/wp\/v2\/posts"}],"about":[{"href":"https:\/\/www.europesays.com\/fr\/wp-json\/wp\/v2\/types\/post"}],"author":[{"embeddable":true,"href":"https:\/\/www.europesays.com\/fr\/wp-json\/wp\/v2\/users\/2"}],"replies":[{"embeddable":true,"href":"https:\/\/www.europesays.com\/fr\/wp-json\/wp\/v2\/comments?post=373746"}],"version-history":[{"count":0,"href":"https:\/\/www.europesays.com\/fr\/wp-json\/wp\/v2\/posts\/373746\/revisions"}],"wp:featuredmedia":[{"embeddable":true,"href":"https:\/\/www.europesays.com\/fr\/wp-json\/wp\/v2\/media\/373747"}],"wp:attachment":[{"href":"https:\/\/www.europesays.com\/fr\/wp-json\/wp\/v2\/media?parent=373746"}],"wp:term":[{"taxonomy":"category","embeddable":true,"href":"https:\/\/www.europesays.com\/fr\/wp-json\/wp\/v2\/categories?post=373746"},{"taxonomy":"post_tag","embeddable":true,"href":"https:\/\/www.europesays.com\/fr\/wp-json\/wp\/v2\/tags?post=373746"}],"curies":[{"name":"wp","href":"https:\/\/api.w.org\/{rel}","templated":true}]}}