{"id":373748,"date":"2025-09-07T20:32:13","date_gmt":"2025-09-07T20:32:13","guid":{"rendered":"https:\/\/www.europesays.com\/fr\/373748\/"},"modified":"2025-09-07T20:32:13","modified_gmt":"2025-09-07T20:32:13","slug":"le-nicois-axel-sola-nouvelle-stardu-mma-francais","status":"publish","type":"post","link":"https:\/\/www.europesays.com\/fr\/373748\/","title":{"rendered":"Le Ni\u00e7ois Axel Sola, nouvelle stardu MMA fran\u00e7ais ?"},"content":{"rendered":"<p>Le m\u00e9lomane et pianiste qu\u2019il est \u00e0 ses heures perdues (il a fait son entr\u00e9e dans l\u2019octogone sur le Requiem de Mozart) ne pouvait mettre que de la virtuosit\u00e9 dans ce combat qui signait, samedi soir \u00e0 Paris, sa toute premi\u00e8re apparition \u00e0 l\u2019UFC (la plus prestigieuse organisation mondiale).<\/p>\n<p>Oppos\u00e9, en welters (moins de 77kg), \u00e0 l\u2019Irlandais Rhys McKee, Axel Sola (27 ans) ne s\u2019est pas content\u00e9 de r\u00e9citer ses gammes. Il a offert \u00e0 ce public de l\u2019Accor Arena chauff\u00e9 \u00e0 blanc un v\u00e9ritable r\u00e9cital.<\/p>\n<p>D\u2019abord en respectant, \u00e0 la note pr\u00e8s, la partition qu\u2019il avait lui-m\u00eame \u00e9crite (le fameux \u00a0\u00bb game plan\u00a0\u00bb), avec un travail de sape bas\u00e9, entre autres, sur son striking.<\/p>\n<p>Avant d\u2019ex\u00e9cuter un passage plus rythm\u00e9 encore, en stringendo, sur le clavier de son destin. Ce que ses poings ont traduit par un puissant uppercut au ventre, qui a fait plier son adversaire, et lui a offert l\u2019occasion de finir au sol, sur une s\u00e9quence de \u00ab\u00a0ground and pound\u00a0\u00bb.<\/p>\n<p>Pour s\u2019imposer donc par arr\u00eat de l\u2019arbitre (TKO), au 3e round de ce fight suspendu hors du temps, pour nombre d\u2019observateurs, en tout cas \u00e0 jamais ancr\u00e9 dans les m\u00e9moires.<\/p>\n<p>Un concerto magistral, techniquement, m\u00eame si le principal int\u00e9ress\u00e9 se disait assez surpris par la \u00ab\u00a0r\u00e9silience\u00a0\u00bb du guerrier celte.<\/p>\n<p>\u00ab\u00a0Il encaissait plut\u00f4t bien les coups. Je l\u2019ai touch\u00e9 vraiment fort, \u00e0 plusieurs reprises, mais il n\u2019a pas bronch\u00e9 et a continu\u00e9 d\u2019avancer. Mais j\u2019ai, malgr\u00e9 tout, fini par trouver la solution\u2026\u00a0\u00bb<\/p>\n<p>Un avenir imm\u00e9diat un peu flou<\/p>\n<p>La suite? S\u2019il a sign\u00e9 pour quatre combats au sein de l\u2019organisation am\u00e9ricaine, elle ne pourra pas, \u00e0 l\u2019\u00e9vidence, s\u2019envisager imm\u00e9diatement.<\/p>\n<p>Sola, qui avant d\u2019entrer dans la cage, ressentait d\u00e9j\u00e0 une douleur \u00e0 la main gauche, doit d\u2019abord passer une IRM pour savoir si son arr\u00eat de 90 jours sera, ou non, prolong\u00e9.<\/p>\n<p>\u00ab\u00a0Je me suis fait tr\u00e8s mal une semaine avant le combat. Je ne sais pas exactement ce que j\u2019ai, mais j\u2019ai retap\u00e9 dessus et, au 3e round, je ne pouvais plus du tout l\u2019utiliser. Heureusement que le ventre est moins dur que le cr\u00e2ne (sourire)\u2026\u00a0\u00bb<\/p>\n<p>Plus de l\u00e9gitimit\u00e9 encore&#8230;<\/p>\n<p>S\u2019il aura, peut-\u00eatre, \u00e0 patienter plus longtemps que pr\u00e9vu pour revenir dans la cage, le prot\u00e9g\u00e9 d\u2019Aldric Cassata, au Boxing Squad de Nice, a n\u00e9anmoins d\u00e9finitivement acquis, aux yeux de tous, une vraie l\u00e9gitimit\u00e9 pour combattre sous la banni\u00e8re de l\u2019UFC.<\/p>\n<p>Ce succ\u00e8s, dans une cat\u00e9gorie de poids sup\u00e9rieure \u00e0 la sienne (il \u00e9volue habituellement chez les moins de 70kg), lui permet \u00e9galement de conserver un palmar\u00e8s immacul\u00e9 (avec d\u00e9sormais 11 victoires, aucune d\u00e9faite, et 1 nul depuis qu\u2019il a franchi le Rubicon).<\/p>\n<p>De pouvoir donc continuer \u00e0 nourrir ses r\u00eaves les plus fous, et \u00e0 tutoyer les limites de l\u2019exceptionnel\u2026<\/p>\n","protected":false},"excerpt":{"rendered":"Le m\u00e9lomane et pianiste qu\u2019il est \u00e0 ses heures perdues (il a fait son entr\u00e9e dans l\u2019octogone sur&hellip;\n","protected":false},"author":2,"featured_media":373749,"comment_status":"","ping_status":"","sticky":false,"template":"","format":"standard","meta":{"footnotes":""},"categories":[2819],"tags":[1111,11,13740,1777,674,1011,27,12,2401,882,25,60],"class_list":{"0":"post-373748","1":"post","2":"type-post","3":"status-publish","4":"format-standard","5":"has-post-thumbnail","7":"category-nice","8":"tag-actu","9":"tag-actualites","10":"tag-boxe","11":"tag-eu","12":"tag-europe","13":"tag-fr","14":"tag-france","15":"tag-news","16":"tag-nice","17":"tag-provence-alpes-cote-dazur","18":"tag-republique-francaise","19":"tag-sports"},"share_on_mastodon":{"url":"https:\/\/pubeurope.com\/@fr\/115164921402175707","error":""},"_links":{"self":[{"href":"https:\/\/www.europesays.com\/fr\/wp-json\/wp\/v2\/posts\/373748","targetHints":{"allow":["GET"]}}],"collection":[{"href":"https:\/\/www.europesays.com\/fr\/wp-json\/wp\/v2\/posts"}],"about":[{"href":"https:\/\/www.europesays.com\/fr\/wp-json\/wp\/v2\/types\/post"}],"author":[{"embeddable":true,"href":"https:\/\/www.europesays.com\/fr\/wp-json\/wp\/v2\/users\/2"}],"replies":[{"embeddable":true,"href":"https:\/\/www.europesays.com\/fr\/wp-json\/wp\/v2\/comments?post=373748"}],"version-history":[{"count":0,"href":"https:\/\/www.europesays.com\/fr\/wp-json\/wp\/v2\/posts\/373748\/revisions"}],"wp:featuredmedia":[{"embeddable":true,"href":"https:\/\/www.europesays.com\/fr\/wp-json\/wp\/v2\/media\/373749"}],"wp:attachment":[{"href":"https:\/\/www.europesays.com\/fr\/wp-json\/wp\/v2\/media?parent=373748"}],"wp:term":[{"taxonomy":"category","embeddable":true,"href":"https:\/\/www.europesays.com\/fr\/wp-json\/wp\/v2\/categories?post=373748"},{"taxonomy":"post_tag","embeddable":true,"href":"https:\/\/www.europesays.com\/fr\/wp-json\/wp\/v2\/tags?post=373748"}],"curies":[{"name":"wp","href":"https:\/\/api.w.org\/{rel}","templated":true}]}}