{"id":373750,"date":"2025-09-07T20:35:36","date_gmt":"2025-09-07T20:35:36","guid":{"rendered":"https:\/\/www.europesays.com\/fr\/373750\/"},"modified":"2025-09-07T20:35:36","modified_gmt":"2025-09-07T20:35:36","slug":"fc-nantes-lexcellent-debut-de-saison-de-lepenant-resume-en-une-statistique","status":"publish","type":"post","link":"https:\/\/www.europesays.com\/fr\/373750\/","title":{"rendered":"FC Nantes : l&rsquo;excellent d\u00e9but de saison de Lepenant r\u00e9sum\u00e9 en une statistique"},"content":{"rendered":"<p><strong>D\u00e9finitivement transf\u00e9r\u00e9 de l\u2019OL au FC Nantes durant l\u2019\u00e9t\u00e9, Johann Lepenant a tr\u00e8s bien d\u00e9but\u00e9 la saison. Preuve en est : il est le deuxi\u00e8me milieu de L1 ayant r\u00e9ussi le plus d\u2019actions d\u00e9fensives.<\/strong><\/p>\n<p>Apr\u00e8s une premi\u00e8re saison en pr\u00eat au <a href=\"https:\/\/www.butfootballclub.fr\/617473-le-fc-nantes-atomise-le-stade-rennais-la-saison-est-lancee\/\" rel=\"noopener\" target=\"_blank\">FC Nantes<\/a>, Johann Lepenant y a \u00e9t\u00e9 d\u00e9finitivement transf\u00e9r\u00e9 cet \u00e9t\u00e9, en provenance de l\u2019Olympique Lyonnais. Et visiblement, il a bien fait de quitter les Gones puisque Luis Castro lui fait totalement confiance. Il l\u2019a titularis\u00e9 lors des trois premiers matches des <a href=\"https:\/\/www.butfootballclub.fr\/617504-fc-nantes-mercato-mostafa-mohamed-toujours-sur-le-depart\/\" rel=\"noopener\" target=\"_blank\">Canaris<\/a> cette saison, \u00e0 domicile contre Paris (0-1), \u00e0 Strasbourg (0-1) et contre Auxerre (1-0) le week-end dernier. Lepenant a fait le plein de temps de jeu, moins cinq minutes \u00e0 la Meinau.<\/p>\n<p>Il est le 2e milieu de L1 en termes d\u2019actions d\u00e9fensives r\u00e9ussies<\/p>\n<p>Le joueur form\u00e9 \u00e0 Caen a rendu sa confiance \u00e0 Luis Castro en rendant des copies tr\u00e8s propres. Selon le compte X Data Foot, Johann Lepenant est le deuxi\u00e8me milieu de terrain de Ligue 1 \u00e0 avoir r\u00e9ussi le plus d\u2019actions d\u00e9fensives avec 32, soit une moyenne de 10,2 toutes les 90 minutes. Seul le Lyonnais Tanner Tessmann a fait mieux, et pas de beaucoup (35). Lepenant fait mieux que le Lillois Andr\u00e9 (30) et le Rennais Rongier (29), deux r\u00e9f\u00e9rences en Ligue 1.<\/p>\n<p>Luis Castro sait pouvoir compter sur Johann Lepenant pour effectuer le premier travail d\u00e9fensif. Mais, on l\u2019a vu lors des trois premi\u00e8res journ\u00e9es, le vrai souci du FC Nantes se situe au niveau de son arri\u00e8re-garde, pas de son milieu\u2026<\/p>\n","protected":false},"excerpt":{"rendered":"D\u00e9finitivement transf\u00e9r\u00e9 de l\u2019OL au FC Nantes durant l\u2019\u00e9t\u00e9, Johann Lepenant a tr\u00e8s bien d\u00e9but\u00e9 la saison. Preuve&hellip;\n","protected":false},"author":2,"featured_media":373751,"comment_status":"","ping_status":"","sticky":false,"template":"","format":"standard","meta":{"footnotes":""},"categories":[2818],"tags":[1111,11,448,1777,674,63,1011,27,66,3388,766,12,2636,25,10662],"class_list":{"0":"post-373750","1":"post","2":"type-post","3":"status-publish","4":"format-standard","5":"has-post-thumbnail","7":"category-nantes","8":"tag-actu","9":"tag-actualites","10":"tag-champions-league","11":"tag-eu","12":"tag-europe","13":"tag-football","14":"tag-fr","15":"tag-france","16":"tag-ligue-1","17":"tag-matchs","18":"tag-nantes","19":"tag-news","20":"tag-pays-de-la-loire","21":"tag-republique-francaise","22":"tag-transferts"},"share_on_mastodon":{"url":"https:\/\/pubeurope.com\/@fr\/115164933195684523","error":""},"_links":{"self":[{"href":"https:\/\/www.europesays.com\/fr\/wp-json\/wp\/v2\/posts\/373750","targetHints":{"allow":["GET"]}}],"collection":[{"href":"https:\/\/www.europesays.com\/fr\/wp-json\/wp\/v2\/posts"}],"about":[{"href":"https:\/\/www.europesays.com\/fr\/wp-json\/wp\/v2\/types\/post"}],"author":[{"embeddable":true,"href":"https:\/\/www.europesays.com\/fr\/wp-json\/wp\/v2\/users\/2"}],"replies":[{"embeddable":true,"href":"https:\/\/www.europesays.com\/fr\/wp-json\/wp\/v2\/comments?post=373750"}],"version-history":[{"count":0,"href":"https:\/\/www.europesays.com\/fr\/wp-json\/wp\/v2\/posts\/373750\/revisions"}],"wp:featuredmedia":[{"embeddable":true,"href":"https:\/\/www.europesays.com\/fr\/wp-json\/wp\/v2\/media\/373751"}],"wp:attachment":[{"href":"https:\/\/www.europesays.com\/fr\/wp-json\/wp\/v2\/media?parent=373750"}],"wp:term":[{"taxonomy":"category","embeddable":true,"href":"https:\/\/www.europesays.com\/fr\/wp-json\/wp\/v2\/categories?post=373750"},{"taxonomy":"post_tag","embeddable":true,"href":"https:\/\/www.europesays.com\/fr\/wp-json\/wp\/v2\/tags?post=373750"}],"curies":[{"name":"wp","href":"https:\/\/api.w.org\/{rel}","templated":true}]}}