{"id":373760,"date":"2025-09-07T20:41:23","date_gmt":"2025-09-07T20:41:23","guid":{"rendered":"https:\/\/www.europesays.com\/fr\/373760\/"},"modified":"2025-09-07T20:41:23","modified_gmt":"2025-09-07T20:41:23","slug":"braderie-de-lille-cest-lheure-des-comptes-journal-de-20-heures","status":"publish","type":"post","link":"https:\/\/www.europesays.com\/fr\/373760\/","title":{"rendered":"Braderie de Lille : c\u2019est l\u2019heure des comptes &#8211; Journal de 20 heures"},"content":{"rendered":"<p id=\"descriptionPanel\" class=\"text-secondary mr-2 line-clamp-2 pr-2.5 overflow-visible\">Ce week-end, ce sont des dizaines de milliers d\u2019objets qui ont chang\u00e9 de main, au c\u0153ur d&rsquo;\u00e2pres n\u00e9gociations. Nous avons suivi les acheteurs, mais est-ce aussi une bonne affaire pour les vendeurs, ceux que l\u2019on appelle les \u201cbradeux\u201d ? On y trouve des professionnels ou bien des particuliers. Sergine a trouv\u00e9 la recette du succ\u00e8s. Elle n\u2019est pas professionnelle, mais elle chine toute l\u2019ann\u00e9e pour vendre \u00e0 la Braderie de Lille. Elle a donc gagn\u00e9 beaucoup d\u2019argent.<\/p>\n<p>TF1 | Reportage S. HEMBERT, G. DELOBETTE<\/p>\n<p>Afficher la version longue du r\u00e9sum\u00e9<a class=\"shrink-0\" href=\"https:\/\/www.tf1.fr\/tf1\/jt-20h\" target=\"_blank\" rel=\"noopener\"><img decoding=\"async\" src=\"https:\/\/www.europesays.com\/fr\/wp-content\/uploads\/2025\/07\/flux-program-card-portrait-1-jt20h-btcb-f6f521-de0119-4109ab-0@1x.jpg\" width=\"138\" height=\"184\" alt=\"\" loading=\"eager\" fetchpriority=\"auto\" class=\"rounded-3px aspect-[3\/4] h-24 w-auto\" aria-hidden=\"true\"\/><\/a><\/p>\n","protected":false},"excerpt":{"rendered":"Ce week-end, ce sont des dizaines de milliers d\u2019objets qui ont chang\u00e9 de main, au c\u0153ur d&rsquo;\u00e2pres n\u00e9gociations.&hellip;\n","protected":false},"author":2,"featured_media":373761,"comment_status":"","ping_status":"","sticky":false,"template":"","format":"standard","meta":{"footnotes":""},"categories":[2815],"tags":[1111,11,1777,674,3483,3697,41323,41321,1011,27,811,3699,3698,41324,41329,41333,41322,41330,41334,41327,41326,1307,12,25,41331,41332,3701,41328,3700,41325],"class_list":{"0":"post-373760","1":"post","2":"type-post","3":"status-publish","4":"format-standard","5":"has-post-thumbnail","7":"category-lille","8":"tag-actu","9":"tag-actualites","10":"tag-eu","11":"tag-europe","12":"tag-extrait","13":"tag-extrait-journal-de-20-heures","14":"tag-extrait-journal-de-20-heures-tf1","15":"tag-extrait-tf1","16":"tag-fr","17":"tag-france","18":"tag-hauts-de-france","19":"tag-journal-de-20-heures","20":"tag-journal-de-20-heures-extrait","21":"tag-journal-de-20-heures-extrait-tf1","22":"tag-journal-de-20-heures-streaming","23":"tag-journal-de-20-heures-streaming-gratuit","24":"tag-journal-de-20-heures-tf1","25":"tag-journal-de-20-heures-tf1-streaming","26":"tag-journal-de-20-heures-tf1-streaming-gratuit","27":"tag-journal-de-20-heures-tf1-video","28":"tag-journal-de-20-heures-video","29":"tag-lille","30":"tag-news","31":"tag-republique-francaise","32":"tag-streaming-gratuit-journal-de-20-heures","33":"tag-streaming-gratuit-journal-de-20-heures-tf1","34":"tag-streaming-journal-de-20-heures","35":"tag-streaming-journal-de-20-heures-tf1","36":"tag-video-journal-de-20-heures","37":"tag-video-journal-de-20-heures-tf1"},"share_on_mastodon":{"url":"","error":"Validation failed: Text character limit of 500 exceeded"},"_links":{"self":[{"href":"https:\/\/www.europesays.com\/fr\/wp-json\/wp\/v2\/posts\/373760","targetHints":{"allow":["GET"]}}],"collection":[{"href":"https:\/\/www.europesays.com\/fr\/wp-json\/wp\/v2\/posts"}],"about":[{"href":"https:\/\/www.europesays.com\/fr\/wp-json\/wp\/v2\/types\/post"}],"author":[{"embeddable":true,"href":"https:\/\/www.europesays.com\/fr\/wp-json\/wp\/v2\/users\/2"}],"replies":[{"embeddable":true,"href":"https:\/\/www.europesays.com\/fr\/wp-json\/wp\/v2\/comments?post=373760"}],"version-history":[{"count":0,"href":"https:\/\/www.europesays.com\/fr\/wp-json\/wp\/v2\/posts\/373760\/revisions"}],"wp:featuredmedia":[{"embeddable":true,"href":"https:\/\/www.europesays.com\/fr\/wp-json\/wp\/v2\/media\/373761"}],"wp:attachment":[{"href":"https:\/\/www.europesays.com\/fr\/wp-json\/wp\/v2\/media?parent=373760"}],"wp:term":[{"taxonomy":"category","embeddable":true,"href":"https:\/\/www.europesays.com\/fr\/wp-json\/wp\/v2\/categories?post=373760"},{"taxonomy":"post_tag","embeddable":true,"href":"https:\/\/www.europesays.com\/fr\/wp-json\/wp\/v2\/tags?post=373760"}],"curies":[{"name":"wp","href":"https:\/\/api.w.org\/{rel}","templated":true}]}}