{"id":373765,"date":"2025-09-07T20:44:12","date_gmt":"2025-09-07T20:44:12","guid":{"rendered":"https:\/\/www.europesays.com\/fr\/373765\/"},"modified":"2025-09-07T20:44:12","modified_gmt":"2025-09-07T20:44:12","slug":"revivez-le-15e-defile-aux-3-000-danseurs","status":"publish","type":"post","link":"https:\/\/www.europesays.com\/fr\/373765\/","title":{"rendered":"revivez le 15e d\u00e9fil\u00e9 aux 3 000 danseurs"},"content":{"rendered":"<p>Le 15e\u00a0d\u00e9fil\u00e9 de la Biennale de la danse de Lyon c&rsquo;\u00e9tait ce dimanche apr\u00e8s-midi. D\u00e8s 16\u00a0heures, 3\u00a0000 danseurs amateurs ont pris possession de la rue de la R\u00e9publique pour relier la place des Terreaux \u00e0 Bellecour. R\u00e9partis en neuf groupes venus de la M\u00e9tropole de Lyon et de la r\u00e9gion, ils ont pr\u00e9sent\u00e9 le fruit de plusieurs mois de pr\u00e9paration autour du th\u00e8me \u00ab danses recycl\u00e9es \u00bb.<\/p>\n","protected":false},"excerpt":{"rendered":"Le 15e\u00a0d\u00e9fil\u00e9 de la Biennale de la danse de Lyon c&rsquo;\u00e9tait ce dimanche apr\u00e8s-midi. D\u00e8s 16\u00a0heures, 3\u00a0000 danseurs&hellip;\n","protected":false},"author":2,"featured_media":373766,"comment_status":"","ping_status":"","sticky":false,"template":"","format":"standard","meta":{"footnotes":""},"categories":[1889],"tags":[1111,11,2430,1687,2757,1777,674,3326,107,1011,27,2797,5325,2798,2428,12,25,2429,273],"class_list":{"0":"post-373765","1":"post","2":"type-post","3":"status-publish","4":"format-standard","5":"has-post-thumbnail","7":"category-lyon","8":"tag-actu","9":"tag-actualites","10":"tag-auvergne-rhone-alpes","11":"tag-culture-loisirs","12":"tag-edition-lyon-villeurbanne","13":"tag-eu","14":"tag-europe","15":"tag-fete-locale","16":"tag-fil-info","17":"tag-fr","18":"tag-france","19":"tag-galerie-loisirs","20":"tag-galerie-media","21":"tag-galerie-photo","22":"tag-lyon","23":"tag-news","24":"tag-republique-francaise","25":"tag-rhone","26":"tag-selection-de-la-redaction"},"share_on_mastodon":{"url":"https:\/\/pubeurope.com\/@fr\/115164968751975123","error":""},"_links":{"self":[{"href":"https:\/\/www.europesays.com\/fr\/wp-json\/wp\/v2\/posts\/373765","targetHints":{"allow":["GET"]}}],"collection":[{"href":"https:\/\/www.europesays.com\/fr\/wp-json\/wp\/v2\/posts"}],"about":[{"href":"https:\/\/www.europesays.com\/fr\/wp-json\/wp\/v2\/types\/post"}],"author":[{"embeddable":true,"href":"https:\/\/www.europesays.com\/fr\/wp-json\/wp\/v2\/users\/2"}],"replies":[{"embeddable":true,"href":"https:\/\/www.europesays.com\/fr\/wp-json\/wp\/v2\/comments?post=373765"}],"version-history":[{"count":0,"href":"https:\/\/www.europesays.com\/fr\/wp-json\/wp\/v2\/posts\/373765\/revisions"}],"wp:featuredmedia":[{"embeddable":true,"href":"https:\/\/www.europesays.com\/fr\/wp-json\/wp\/v2\/media\/373766"}],"wp:attachment":[{"href":"https:\/\/www.europesays.com\/fr\/wp-json\/wp\/v2\/media?parent=373765"}],"wp:term":[{"taxonomy":"category","embeddable":true,"href":"https:\/\/www.europesays.com\/fr\/wp-json\/wp\/v2\/categories?post=373765"},{"taxonomy":"post_tag","embeddable":true,"href":"https:\/\/www.europesays.com\/fr\/wp-json\/wp\/v2\/tags?post=373765"}],"curies":[{"name":"wp","href":"https:\/\/api.w.org\/{rel}","templated":true}]}}