{"id":373767,"date":"2025-09-07T20:45:19","date_gmt":"2025-09-07T20:45:19","guid":{"rendered":"https:\/\/www.europesays.com\/fr\/373767\/"},"modified":"2025-09-07T20:45:19","modified_gmt":"2025-09-07T20:45:19","slug":"3-000-danseurs-dans-les-rues-de-lyon","status":"publish","type":"post","link":"https:\/\/www.europesays.com\/fr\/373767\/","title":{"rendered":"3 000 danseurs dans les rues de Lyon"},"content":{"rendered":"<p>Revivez le d\u00e9fil\u00e9 de la Biennale de la danse qui s\u2019est d\u00e9roul\u00e9 ce dimanche apr\u00e8s-midi.<br \/>\n3 000 danseurs amateurs venus de la M\u00e9tropole de Lyon et de la r\u00e9gion Auvergne-Rh\u00f4ne-Alpes ont ambianc\u00e9 la rue de la R\u00e9publique de la place des Terreaux jusqu\u2019\u00e0 la place Bellecour.<br \/>\nCette ann\u00e9e, 9 groupes ont particip\u00e9 \u00e0 la parade chor\u00e9graphiques sur le th\u00e8me des \u00ab danses recycl\u00e9es \u00bb<br \/>\nCe d\u00e9fil\u00e9 qui marque l\u2019ouverture de la Biennale de la danse s\u2019est termin\u00e9 par un extrait du spectacle 360 du chor\u00e9graphe Mehdi Kerkouche. Un final pour inviter les \u00ab spectateurs \u00bb \u00e0 entrer \u00e0 leur tour dans la danse.<\/p>\n","protected":false},"excerpt":{"rendered":"Revivez le d\u00e9fil\u00e9 de la Biennale de la danse qui s\u2019est d\u00e9roul\u00e9 ce dimanche apr\u00e8s-midi. 3 000 danseurs&hellip;\n","protected":false},"author":2,"featured_media":373768,"comment_status":"","ping_status":"","sticky":false,"template":"","format":"standard","meta":{"footnotes":""},"categories":[1889],"tags":[1111,11,2430,1777,674,1011,27,2428,12,25],"class_list":{"0":"post-373767","1":"post","2":"type-post","3":"status-publish","4":"format-standard","5":"has-post-thumbnail","7":"category-lyon","8":"tag-actu","9":"tag-actualites","10":"tag-auvergne-rhone-alpes","11":"tag-eu","12":"tag-europe","13":"tag-fr","14":"tag-france","15":"tag-lyon","16":"tag-news","17":"tag-republique-francaise"},"share_on_mastodon":{"url":"https:\/\/pubeurope.com\/@fr\/115164972539145877","error":""},"_links":{"self":[{"href":"https:\/\/www.europesays.com\/fr\/wp-json\/wp\/v2\/posts\/373767","targetHints":{"allow":["GET"]}}],"collection":[{"href":"https:\/\/www.europesays.com\/fr\/wp-json\/wp\/v2\/posts"}],"about":[{"href":"https:\/\/www.europesays.com\/fr\/wp-json\/wp\/v2\/types\/post"}],"author":[{"embeddable":true,"href":"https:\/\/www.europesays.com\/fr\/wp-json\/wp\/v2\/users\/2"}],"replies":[{"embeddable":true,"href":"https:\/\/www.europesays.com\/fr\/wp-json\/wp\/v2\/comments?post=373767"}],"version-history":[{"count":0,"href":"https:\/\/www.europesays.com\/fr\/wp-json\/wp\/v2\/posts\/373767\/revisions"}],"wp:featuredmedia":[{"embeddable":true,"href":"https:\/\/www.europesays.com\/fr\/wp-json\/wp\/v2\/media\/373768"}],"wp:attachment":[{"href":"https:\/\/www.europesays.com\/fr\/wp-json\/wp\/v2\/media?parent=373767"}],"wp:term":[{"taxonomy":"category","embeddable":true,"href":"https:\/\/www.europesays.com\/fr\/wp-json\/wp\/v2\/categories?post=373767"},{"taxonomy":"post_tag","embeddable":true,"href":"https:\/\/www.europesays.com\/fr\/wp-json\/wp\/v2\/tags?post=373767"}],"curies":[{"name":"wp","href":"https:\/\/api.w.org\/{rel}","templated":true}]}}