{"id":373769,"date":"2025-09-07T20:47:14","date_gmt":"2025-09-07T20:47:14","guid":{"rendered":"https:\/\/www.europesays.com\/fr\/373769\/"},"modified":"2025-09-07T20:47:14","modified_gmt":"2025-09-07T20:47:14","slug":"villepinte-un-tas-de-detritus-prend-feu-pres-dun-campement-rom-une-sortie-de-lautoroute-a104-fermee","status":"publish","type":"post","link":"https:\/\/www.europesays.com\/fr\/373769\/","title":{"rendered":"Villepinte\u00a0: un tas de d\u00e9tritus prend feu pr\u00e8s d\u2019un campement rom, une sortie de l\u2019autoroute A104 ferm\u00e9e"},"content":{"rendered":"<p class=\"paragraph text_align_left lp-f-body-02\">L\u2019impressionnant panache de fum\u00e9e, visible \u00e0 plusieurs kilom\u00e8tres, a pu surprendre les automobilistes. T\u00f4t ce dimanche matin, un incendie s\u2019est d\u00e9clar\u00e9 dans le secteur de <a href=\"https:\/\/www.leparisien.fr\/seine-saint-denis-93\/villepinte-trois-policiers-percutes-et-blesses-par-un-chauffard-en-fuite-04-09-2025-S4DF3JLVJNFQ3PCXCQ5XBDHDVA.php\" target=\"_self\" rel=\"nofollow noopener\">Villepinte (Seine-Saint-Denis)<\/a>, tout pr\u00e8s de l\u2019autoroute A104, au niveau de la sortie Aulnay-sous-Bois, dans le sens province-Paris.<\/p>\n<p class=\"paragraph text_align_left lp-f-body-02\">En milieu d\u2019apr\u00e8s-midi, une cinquantaine de <a href=\"https:\/\/www.leparisien.fr\/seine-saint-denis-93\/traces-dintrusion-sciage-du-portail-saccage-encore-un-espace-jeunesse-incendie-a-saint-denis-18-08-2025-7OI55ORURVGIXMMVDHRENLU7N4.php\" target=\"_self\" rel=\"nofollow noopener\">sapeurs-pompiers de Paris<\/a>, qui ont mobilis\u00e9 un dispositif de onze engins anti-incendie, \u00e9taient toujours sur place, mais le feu a pu \u00eatre ma\u00eetris\u00e9 dans la matin\u00e9e. La bretelle de sortie num\u00e9ro 3 de l\u2019autoroute A104, en direction de Paris a cependant d\u00fb \u00eatre ferm\u00e9e et vers 16 heures, elle n\u2019\u00e9tait toujours pas rouverte aux automobilistes. Sur les trois voies de circulation dans le sens Paris-province, une voie a \u00e9galement \u00e9t\u00e9 neutralis\u00e9e. <\/p>\n<p>Un bulldozer pour cr\u00e9er une tranch\u00e9e en remuant les d\u00e9tritus<\/p>\n<p class=\"paragraph text_align_left lp-f-body-02\">Environ 1 000m\u00b2 ont \u00e9t\u00e9 ravag\u00e9s par les flammes, selon la pr\u00e9fecture de Seine-Saint-Denis. D\u2019apr\u00e8s les premiers \u00e9l\u00e9ments, le feu est parti d\u2019un tas de d\u00e9tritus jonchant le sol d\u2019un terrain appartenant \u00e0 la <a href=\"https:\/\/www.leparisien.fr\/seine-saint-denis-93\/rats-morts-pneus-gravats-a-noisy-le-sec-la-decharge-geante-de-lancien-decathlon-bientot-eradiquee-01-08-2025-LKFNUMY2GRGSTOB2FP4QNKWJQE.php\" target=\"_self\" rel=\"nofollow noopener\">Direction des routes d\u2019\u00cele-de-France (Dirif)<\/a>, \u00e0 quelques centaines de m\u00e8tres d\u2019un campement rom install\u00e9 ici depuis le mois d\u2019ao\u00fbt, indique-t-on \u00e0 la municipalit\u00e9 de Villepinte. L\u2019incendie n\u2019a pas fait de bless\u00e9, ni contraint les secours \u00e0 \u00e9vacuer les habitants du campement. Certains, incommod\u00e9s par les fum\u00e9es, ont n\u00e9anmoins \u00e9t\u00e9 mis en s\u00e9curit\u00e9 temporairement.<\/p>\n<blockquote class=\"twitter-tweet\">\n<p lang=\"fr\" dir=\"ltr\"><a href=\"https:\/\/twitter.com\/hashtag\/Incendie?src=hash&amp;ref_src=twsrc%5Etfw\" rel=\"nofollow noopener\" target=\"_blank\">#Incendie<\/a> | Point de situation<\/p>\n<p>L\u2019incendie qui s\u2019est d\u00e9clar\u00e9 ce matin \u00e0 Villepinte \u00e0 proximit\u00e9 de la bretelle de sortie n\u00b03 de l\u2019autoroute A104 ext\u00e9rieure (Francilienne) est actuellement ma\u00eetris\u00e9.<\/p>\n<p>Les \u00e9quipes de <a href=\"https:\/\/twitter.com\/PompiersParis?ref_src=twsrc%5Etfw\" rel=\"nofollow noopener\" target=\"_blank\">@PompiersParis<\/a>  poursuivent les op\u00e9rations d\u2019extinction.<\/p>\n<p>\ud83d\udc49 La\u2026 <a href=\"https:\/\/t.co\/ZnxdAMAnQr\" rel=\"nofollow\">pic.twitter.com\/ZnxdAMAnQr<\/a><\/p>\n<p>\u2014 Pr\u00e9fet de la Seine-Saint-Denis (@Prefet93) <a href=\"https:\/\/twitter.com\/Prefet93\/status\/1964681225102110936?ref_src=twsrc%5Etfw\" rel=\"nofollow noopener\" target=\"_blank\">September 7, 2025<\/a><\/p><\/blockquote>\n<p class=\"paragraph text_align_left lp-f-body-02\">Selon la brigade des sapeurs-pompiers de Paris, l\u2019intervention est rendue compliqu\u00e9e par les nombreux d\u00e9tritus qui s\u2019amoncellent sur plusieurs m\u00e8tres de haut. Le feu a couv\u00e9 \u00e0 l\u2019int\u00e9rieur du tas de d\u00e9chets, et les pompiers ont d\u00fb faire intervenir un bulldozer pour cr\u00e9er une tranch\u00e9e en remuant dans le tas de d\u00e9tritus, et emp\u00eacher ainsi une reprise des flammes. L\u2019acheminement d\u2019un tel engin n\u00e9cessite beaucoup de temps. L\u2019intervention des secours pourrait donc se poursuivre jusqu\u2019en fin d\u2019apr\u00e8s-midi.<\/p>\n<p><script async src=\"https:\/\/platform.twitter.com\/widgets.js\" charset=\"utf-8\"><\/script><\/p>\n","protected":false},"excerpt":{"rendered":"L\u2019impressionnant panache de fum\u00e9e, visible \u00e0 plusieurs kilom\u00e8tres, a pu surprendre les automobilistes. T\u00f4t ce dimanche matin, un&hellip;\n","protected":false},"author":2,"featured_media":92731,"comment_status":"","ping_status":"","sticky":false,"template":"","format":"standard","meta":{"footnotes":""},"categories":[1592],"tags":[1111,11,1777,674,118,1011,27,662,1944,12,626,25,1945],"class_list":{"0":"post-373769","1":"post","2":"type-post","3":"status-publish","4":"format-standard","5":"has-post-thumbnail","7":"category-ile-de-france","8":"tag-actu","9":"tag-actualites","10":"tag-eu","11":"tag-europe","12":"tag-faits-divers","13":"tag-fr","14":"tag-france","15":"tag-ile-de-france","16":"tag-ma-ville","17":"tag-news","18":"tag-paris","19":"tag-republique-francaise","20":"tag-seine-saint-denis"},"share_on_mastodon":{"url":"https:\/\/pubeurope.com\/@fr\/115164980475925199","error":""},"_links":{"self":[{"href":"https:\/\/www.europesays.com\/fr\/wp-json\/wp\/v2\/posts\/373769","targetHints":{"allow":["GET"]}}],"collection":[{"href":"https:\/\/www.europesays.com\/fr\/wp-json\/wp\/v2\/posts"}],"about":[{"href":"https:\/\/www.europesays.com\/fr\/wp-json\/wp\/v2\/types\/post"}],"author":[{"embeddable":true,"href":"https:\/\/www.europesays.com\/fr\/wp-json\/wp\/v2\/users\/2"}],"replies":[{"embeddable":true,"href":"https:\/\/www.europesays.com\/fr\/wp-json\/wp\/v2\/comments?post=373769"}],"version-history":[{"count":0,"href":"https:\/\/www.europesays.com\/fr\/wp-json\/wp\/v2\/posts\/373769\/revisions"}],"wp:featuredmedia":[{"embeddable":true,"href":"https:\/\/www.europesays.com\/fr\/wp-json\/wp\/v2\/media\/92731"}],"wp:attachment":[{"href":"https:\/\/www.europesays.com\/fr\/wp-json\/wp\/v2\/media?parent=373769"}],"wp:term":[{"taxonomy":"category","embeddable":true,"href":"https:\/\/www.europesays.com\/fr\/wp-json\/wp\/v2\/categories?post=373769"},{"taxonomy":"post_tag","embeddable":true,"href":"https:\/\/www.europesays.com\/fr\/wp-json\/wp\/v2\/tags?post=373769"}],"curies":[{"name":"wp","href":"https:\/\/api.w.org\/{rel}","templated":true}]}}