{"id":373772,"date":"2025-09-07T20:49:15","date_gmt":"2025-09-07T20:49:15","guid":{"rendered":"https:\/\/www.europesays.com\/fr\/373772\/"},"modified":"2025-09-07T20:49:15","modified_gmt":"2025-09-07T20:49:15","slug":"imavov-saint-denis-vous-etes-pas-contents-triple-des-bleus-face-au-bresil-dans-une-ambiance-de-folie","status":"publish","type":"post","link":"https:\/\/www.europesays.com\/fr\/373772\/","title":{"rendered":"Imavov, Saint Denis\u2026 Vous \u00eates pas contents, tripl\u00e9 des Bleus face au Br\u00e9sil dans une ambiance de folie"},"content":{"rendered":"<p class=\"mb-4 text-lg md:leading-8 break-words\"><strong>MMA &#8211; \u00c0 l\u2019occasion de l\u2019UFC Paris 4, samedi soir \u00e0 l\u2019Accor Arena, les Fran\u00e7ais ont r\u00e9alis\u00e9 un sans-faute, \u00e0 commencer par Nassourdine Imavov et Beno\u00eet Saint-Denis, les deux t\u00eates d\u2019affiche<\/strong><\/p>\n<p class=\"mb-4 text-lg md:leading-8 break-words\"><strong>De notre envoy\u00e9 sp\u00e9cial dans la cage aux lions de Bercy,<\/strong><\/p>\n<p class=\"mb-4 text-lg md:leading-8 break-words\"><a href=\"https:\/\/www.20minutes.fr\/monde\/4171179-20250904-etats-unis-oies-envahissent-parcs-ville-mairie-depense-400-000-dollars-limiter-population?at_medium=RSS%20feed&amp;at_campaign=ynews&amp;utm_source=yahoo&amp;utm_medium=rss&amp;utm_campaign=news_feed&amp;utm_content=in_article_link\" rel=\"nofollow noopener\" target=\"_blank\" data-ylk=\"slk:Les Etats-Unis ont beau se croire les meilleurs du monde;elm:context_link;itc:0;sec:content-canvas\" class=\"link \">Les Etats-Unis ont beau se croire les meilleurs du monde<\/a> dans tous les domaines, il y en a (au moins) un sur lequel ils sont bien oblig\u00e9s de reconna\u00eetre leur inf\u00e9riorit\u00e9. Et c\u2019est m\u00eame avec le sourire que David Shaw, l\u2019un des vice-pr\u00e9sidents de l\u2019UFC, a reconnu que \u00ab\u00a0l\u2019ambiance \u00e0 Paris \u00e9tait la plus intense et bruyante\u00a0\u00bb qu\u2019il ait connu dans le monde. Pour son quatri\u00e8me rendez-vous dans la capitale fran\u00e7aise, <a href=\"https:\/\/www.20minutes.fr\/sport\/4129846-20241220-mma-ufc-droit-vie-mort-pourquoi-parnasse-combat-encore-etats-unis?at_medium=RSS%20feed&amp;at_campaign=ynews&amp;utm_source=yahoo&amp;utm_medium=rss&amp;utm_campaign=news_feed&amp;utm_content=in_article_link\" rel=\"nofollow noopener\" target=\"_blank\" data-ylk=\"slk:l\u2019UFC a donc encore fait mouche;elm:context_link;itc:0;sec:content-canvas\" class=\"link \">l\u2019UFC a donc encore fait mouche<\/a>.<\/p>\n<p class=\"mb-4 text-lg md:leading-8 break-words\">Une grosse ambiance, donc, des combattants fran\u00e7ais au rendez-vous, du spectacle\u2026 Que demander de plus\u00a0? \u00ab\u00a0Je ne pensais pas que c\u2019\u00e9tait possible de faire mieux que la premi\u00e8re \u00e9dition de l\u2019<a href=\"https:\/\/www.20minutes.fr\/guide-achat\/4171175-20250906-nassourdine-imanov-caio-borralho-heure-chaine-regarder-combat?at_medium=RSS%20feed&amp;at_campaign=ynews&amp;utm_source=yahoo&amp;utm_medium=rss&amp;utm_campaign=news_feed&amp;utm_content=in_article_link\" rel=\"nofollow noopener\" target=\"_blank\" data-ylk=\"slk:UFC ici \u00e0 Paris;elm:context_link;itc:0;sec:content-canvas\" class=\"link \">UFC ici \u00e0 Paris<\/a>, mais on l\u2019a fait\u00a0\u00bb, a r\u00e9agi, admiratif, William Gomis, l\u2019un des cinq tricolores \u00e0 l\u2019affiche samedi soir. Promis (ou presque), l\u2019organisation reviendra l\u2019ann\u00e9e prochaine, comme l\u2019a annonc\u00e9 Dave Shaw. En attendant, retour sur une soir\u00e9e de r\u00e9galade.<\/p>\n<p>France-Br\u00e9sil, le parfait remake<\/p>\n<p class=\"mb-4 text-lg md:leading-8 break-words\">Une grande partie du bruyant public pr\u00e9sent \u00e0 l\u2019Accor Arena samedi soir n\u2019\u00e9tait pas encore n\u00e9e en juillet\u00a01998. Cela n\u2019a pas emp\u00each\u00e9 bon nombre d\u2019entre eux de porter <a href=\"https:\/\/www.20minutes.fr\/societe\/4143725-20250315-dites-prix-maillot-zidane-finale-coupe-monde-1998?at_medium=RSS%20feed&amp;at_campaign=ynews&amp;utm_source=yahoo&amp;utm_medium=rss&amp;utm_campaign=news_feed&amp;utm_content=in_article_link\" rel=\"nofollow noopener\" target=\"_blank\" data-ylk=\"slk:le maillot de l\u2019\u00e9quipe de France floqu\u00e9 du n\u00b010 de Zin\u00e9dine Zidane;elm:context_link;itc:0;sec:content-canvas\" class=\"link \">le maillot de l\u2019\u00e9quipe de France floqu\u00e9 du n\u00b010 de Zin\u00e9dine Zidane<\/a>, h\u00e9ros de tout un pays face au Br\u00e9sil. Cela ne les a pas emp\u00each\u00e9s, non plus, de reprendre le fameux \u00ab\u00a0Et un, et deux, et trois z\u00e9ro\u00a0\u00bb. Sur les cinq Fran\u00e7ais engag\u00e9s lors de cet UFC Paris 4, trois affrontaient des Br\u00e9siliens.<\/p>\n<p class=\"mb-4 text-lg md:leading-8 break-words\">Et ces derniers n\u2019ont pas fait le poids. Pas un s(&#8230;)<\/p>\n<p class=\"mb-4 text-lg md:leading-8 break-words\"><a href=\"https:\/\/www.20minutes.fr\/sport\/4171607-20250907-ufc-paris-2025-imavov-saint-denis-contents-triple-bleus-face-bresil-ambiance-folie?at_medium=RSS%20feed&amp;at_campaign=ynews&amp;utm_source=yahoo&amp;utm_medium=rss&amp;utm_campaign=news_feed&amp;utm_content=read_more_link&quot;\" rel=\"nofollow noopener\" target=\"_blank\" data-ylk=\"slk:Lire la suite sur 20minutes;elm:context_link;itc:0;sec:content-canvas\" class=\"link \">Lire la suite sur 20minutes<\/a><\/p>\n<p>\u00c0 lire aussi :<br \/><a href=\"https:\/\/www.20minutes.fr\/sport\/4171459-20250905-ufc-paris-4-nassourdine-imavov-gagner-faire-show-esperer-affronter-champion-khamzat-chimaev?at_medium=RSS%20feed&amp;at_campaign=ynews&amp;utm_source=yahoo&amp;utm_medium=rss&amp;utm_campaign=news_feed&amp;utm_content=related_content_link\" rel=\"nofollow noopener\" target=\"_blank\" data-ylk=\"slk:UFC Paris 4\u00a0: Pour Nassourdine Imavov, gagner et faire le show pour esp\u00e9rer affronter le champion Khamzat Chimaev;elm:context_link;itc:0;sec:content-canvas\" class=\"link \">UFC Paris 4\u00a0: Pour Nassourdine Imavov, gagner et faire le show pour esp\u00e9rer affronter le champion Khamzat Chimaev<\/a><br \/><a href=\"https:\/\/www.20minutes.fr\/monde\/etats-unis\/4167731-20250812-mma-ufc-annonce-organisation-combat-maison-blanche-250e-anniversaire-etats-unis?at_medium=RSS%20feed&amp;at_campaign=ynews&amp;utm_source=yahoo&amp;utm_medium=rss&amp;utm_campaign=news_feed&amp;utm_content=related_content_link\" rel=\"nofollow noopener\" target=\"_blank\" data-ylk=\"slk:MMA\u00a0: L\u2019UFC annonce l\u2019organisation d\u2019un combat \u00e0 la Maison-Blanche pour le 250e anniversaire des Etats-Unis;elm:context_link;itc:0;sec:content-canvas\" class=\"link \">MMA\u00a0: L\u2019UFC annonce l\u2019organisation d\u2019un combat \u00e0 la Maison-Blanche pour le 250e anniversaire des Etats-Unis<\/a><\/p>\n","protected":false},"excerpt":{"rendered":"MMA &#8211; \u00c0 l\u2019occasion de l\u2019UFC Paris 4, samedi soir \u00e0 l\u2019Accor Arena, les Fran\u00e7ais ont r\u00e9alis\u00e9 un&hellip;\n","protected":false},"author":2,"featured_media":373773,"comment_status":"","ping_status":"","sticky":false,"template":"","format":"standard","meta":{"footnotes":""},"categories":[1888],"tags":[1111,1928,11,1927,50778,1777,674,1011,3844,27,1847,23882,12,1926,626,1925,25,7856],"class_list":{"0":"post-373772","1":"post","2":"type-post","3":"status-publish","4":"format-standard","5":"has-post-thumbnail","7":"category-paris","8":"tag-actu","9":"tag-actu-paris","10":"tag-actualites","11":"tag-actualites-paris","12":"tag-david-shaw","13":"tag-eu","14":"tag-europe","15":"tag-fr","16":"tag-francais","17":"tag-france","18":"tag-mma","19":"tag-nassourdine-imavov","20":"tag-news","21":"tag-news-paris","22":"tag-paris","23":"tag-paris-news","24":"tag-republique-francaise","25":"tag-samedi-soir"},"share_on_mastodon":{"url":"https:\/\/pubeurope.com\/@fr\/115164988286768161","error":""},"_links":{"self":[{"href":"https:\/\/www.europesays.com\/fr\/wp-json\/wp\/v2\/posts\/373772","targetHints":{"allow":["GET"]}}],"collection":[{"href":"https:\/\/www.europesays.com\/fr\/wp-json\/wp\/v2\/posts"}],"about":[{"href":"https:\/\/www.europesays.com\/fr\/wp-json\/wp\/v2\/types\/post"}],"author":[{"embeddable":true,"href":"https:\/\/www.europesays.com\/fr\/wp-json\/wp\/v2\/users\/2"}],"replies":[{"embeddable":true,"href":"https:\/\/www.europesays.com\/fr\/wp-json\/wp\/v2\/comments?post=373772"}],"version-history":[{"count":0,"href":"https:\/\/www.europesays.com\/fr\/wp-json\/wp\/v2\/posts\/373772\/revisions"}],"wp:featuredmedia":[{"embeddable":true,"href":"https:\/\/www.europesays.com\/fr\/wp-json\/wp\/v2\/media\/373773"}],"wp:attachment":[{"href":"https:\/\/www.europesays.com\/fr\/wp-json\/wp\/v2\/media?parent=373772"}],"wp:term":[{"taxonomy":"category","embeddable":true,"href":"https:\/\/www.europesays.com\/fr\/wp-json\/wp\/v2\/categories?post=373772"},{"taxonomy":"post_tag","embeddable":true,"href":"https:\/\/www.europesays.com\/fr\/wp-json\/wp\/v2\/tags?post=373772"}],"curies":[{"name":"wp","href":"https:\/\/api.w.org\/{rel}","templated":true}]}}