{"id":373776,"date":"2025-09-07T20:51:11","date_gmt":"2025-09-07T20:51:11","guid":{"rendered":"https:\/\/www.europesays.com\/fr\/373776\/"},"modified":"2025-09-07T20:51:11","modified_gmt":"2025-09-07T20:51:11","slug":"aux-prems-de-paris-kirill-petrenko-en-messie-du-classique","status":"publish","type":"post","link":"https:\/\/www.europesays.com\/fr\/373776\/","title":{"rendered":"Aux Prem\u2019s de Paris, Kirill Petrenko en messie du classique"},"content":{"rendered":"<p>Pour ses concerts \u00e0 prix modique destin\u00e9s \u00e0 attirer un nouveau public, la Philharmonie a offert un sommet.<\/p>\n<p class=\"fig-paragraph\">Les Prem\u2019s\u00a0? Oui, c\u2019est un tarif pr\u00e9f\u00e9rentiel de la SNCF. Mais pas seulement. Depuis cette rentr\u00e9e, c\u2019est une nouvelle formule propos\u00e9e par la Philharmonie de Paris pour attirer un autre public au concert classique. Il s\u2019agit d\u2019un jeu de mots sur \u00ab<a href=\"https:\/\/www.lefigaro.fr\/blogs\/londres\/2010\/09\/la-fin-des-bbc-proms-celebration-du-patriotisme-britannique.html\" data-fig-type=\"Article\" data-gtm-custom-categorie=\"navigation\" data-gtm-custom-action=\"crossclick\" data-gtm-custom-label=\"Contextuel\" data-gtm-event=\"customEventSPE\" data-fig-domain=\"LEFIGARO\" rel=\"nofollow noopener\" target=\"_blank\">\u00a0Proms\u00a0<\/a>\u00bb, ces concerts estivaux donn\u00e9s au Royal Albert Hall de Londres, o\u00f9 l\u2019on retire les fauteuils du parterre pour permettre \u00e0 un public nombreux d\u2019y assister debout, pour un tarif modique.<\/p>\n<p class=\"fig-paragraph\">L\u2019id\u00e9e d\u2019en proposer une version fran\u00e7aise pendant une semaine part d\u2019un constat\u00a0: m\u00eame avec des interpr\u00e8tes prestigieux, les concerts de d\u00e9but septembre font rarement le plein. Et des interpr\u00e8tes prestigieux, il y en avait, en cette ouverture de saison. D\u00e8s le premier concert du Gewandhaus de Leipzig sous la direction d\u2019<a href=\"https:\/\/www.lefigaro.fr\/musique\/2015\/09\/14\/03006-20150914ARTFIG00211-andris-nelsons-chef-pantagruelique.php\" data-fig-type=\"Article\" data-gtm-custom-categorie=\"navigation\" data-gtm-custom-action=\"crossclick\" data-gtm-custom-label=\"Contextuel\" data-gtm-event=\"customEventSPE\" data-fig-domain=\"LEFIGARO\" rel=\"nofollow noopener\" target=\"_blank\">Andris Nelsons<\/a>, on a su que c\u2019\u00e9tait gagn\u00e9. Ce parterre bigarr\u00e9 o\u00f9 600 auditeurs de moins de 28\u00a0ans avaient pay\u00e9 15\u00a0euros, s\u2019est r\u00e9v\u00e9l\u00e9 le meilleur des publics\u00a0: attentif et concentr\u00e9 pendant, peu avare de son enthousiasme apr\u00e8s<\/p>\n<p class=\"fig-premium-paywall__infos\">\n        Cet article est r\u00e9serv\u00e9 aux abonn\u00e9s.        Il vous reste 68% \u00e0 d\u00e9couvrir.\n    <\/p>\n<p>                <img  data- alt=\"Le Figaro\" class=\"fig-img--complete fig-img\"\/><\/p>\n<p class=\"fig-premium-paywall__title\">Vente Flash<\/p>\n<p class=\"fig-premium-paywall__subtitle\">4,99\u20ac par mois pendant 12 mois. Sans engagement<\/p>\n<p class=\"fig-premium-paywall__connect\">\n                D\u00e9j\u00e0 abonn\u00e9\u00a0?                <a class=\"fig-premium-paywall__connect-link\" href=\"https:\/\/connect.lefigaro.fr\/login?client=horizon_web&amp;type=main&amp;redirect_uri=https%3A%2F%2Fwww.lefigaro.fr%2Fculture%2Faux-prem-s-de-paris-kirill-petrenko-en-messie-du-classique-20250907\" data-js-gtm=\"{&quot;customCategorie&quot;: &quot;conversion&quot;, &quot;customAction&quot;: &quot;before_Landing_Connexion_paywall_auto&quot;, &quot;customLabel&quot;: &quot;bGVmaWdhcm8uZnJfXzFmMDhiYmQxLTMyYmMtNjkzMC1iM2JlLTJmYWJmNTEyNzA2NV9fQXJ0aWNsZQ==_Aux Prem\u2019s de Paris, Kirill Petrenko en messie du classique_555&quot;, &quot;customIDSPE&quot;: &quot;bGVmaWdhcm8uZnJfXzFmMDhiYmQxLTMyYmMtNjkzMC1iM2JlLTJmYWJmNTEyNzA2NV9fQXJ0aWNsZQ==&quot;, &quot;event&quot;: &quot;customEventSPE&quot;}\" rel=\"nofollow noopener\" target=\"_blank\"><br \/>\n                    Connectez-vous<br \/>\n                <\/a>\n            <\/p>\n","protected":false},"excerpt":{"rendered":"Pour ses concerts \u00e0 prix modique destin\u00e9s \u00e0 attirer un nouveau public, la Philharmonie a offert un sommet.&hellip;\n","protected":false},"author":2,"featured_media":373777,"comment_status":"","ping_status":"","sticky":false,"template":"","format":"standard","meta":{"footnotes":""},"categories":[1888],"tags":[11,1777,674,1011,27,50779,873,12,626,25],"class_list":{"0":"post-373776","1":"post","2":"type-post","3":"status-publish","4":"format-standard","5":"has-post-thumbnail","7":"category-paris","8":"tag-actualites","9":"tag-eu","10":"tag-europe","11":"tag-fr","12":"tag-france","13":"tag-kirill-petrenko","14":"tag-musique","15":"tag-news","16":"tag-paris","17":"tag-republique-francaise"},"share_on_mastodon":{"url":"https:\/\/pubeurope.com\/@fr\/115164996285469880","error":""},"_links":{"self":[{"href":"https:\/\/www.europesays.com\/fr\/wp-json\/wp\/v2\/posts\/373776","targetHints":{"allow":["GET"]}}],"collection":[{"href":"https:\/\/www.europesays.com\/fr\/wp-json\/wp\/v2\/posts"}],"about":[{"href":"https:\/\/www.europesays.com\/fr\/wp-json\/wp\/v2\/types\/post"}],"author":[{"embeddable":true,"href":"https:\/\/www.europesays.com\/fr\/wp-json\/wp\/v2\/users\/2"}],"replies":[{"embeddable":true,"href":"https:\/\/www.europesays.com\/fr\/wp-json\/wp\/v2\/comments?post=373776"}],"version-history":[{"count":0,"href":"https:\/\/www.europesays.com\/fr\/wp-json\/wp\/v2\/posts\/373776\/revisions"}],"wp:featuredmedia":[{"embeddable":true,"href":"https:\/\/www.europesays.com\/fr\/wp-json\/wp\/v2\/media\/373777"}],"wp:attachment":[{"href":"https:\/\/www.europesays.com\/fr\/wp-json\/wp\/v2\/media?parent=373776"}],"wp:term":[{"taxonomy":"category","embeddable":true,"href":"https:\/\/www.europesays.com\/fr\/wp-json\/wp\/v2\/categories?post=373776"},{"taxonomy":"post_tag","embeddable":true,"href":"https:\/\/www.europesays.com\/fr\/wp-json\/wp\/v2\/tags?post=373776"}],"curies":[{"name":"wp","href":"https:\/\/api.w.org\/{rel}","templated":true}]}}