{"id":373784,"date":"2025-09-07T20:55:11","date_gmt":"2025-09-07T20:55:11","guid":{"rendered":"https:\/\/www.europesays.com\/fr\/373784\/"},"modified":"2025-09-07T20:55:11","modified_gmt":"2025-09-07T20:55:11","slug":"royaume-uni-une-campagne-publicitaire-pour-dissuader-les-migrants-de-traverser-la-manche","status":"publish","type":"post","link":"https:\/\/www.europesays.com\/fr\/373784\/","title":{"rendered":"Royaume-Uni : une campagne publicitaire pour dissuader les migrants de traverser la Manche"},"content":{"rendered":"<p class=\"p1\">Le minist\u00e8re britannique de l\u2019Int\u00e9rieur a lanc\u00e9 des publicit\u00e9s g\u00e9olocalis\u00e9es sur YouTube et Facebook visant <a href=\"https:\/\/www.valeursactuelles.com\/monde\/le-royaume-uni-sanctionne-25-individus-et-organisations-impliques-dans-les-traversees-illegales-de-la-manche\" target=\"_blank\" rel=\"noopener\">les migrants pr\u00e9sents dans le nord de la France<\/a> avec pour message central : <a href=\"https:\/\/www.valeursactuelles.com\/societe\/traversee-de-la-manche-un-maire-sagace-de-la-vente-de-gilets-de-sauvetage-dans-un-decathlon-de-calais\" target=\"_blank\" rel=\"noopener\">ceux qui franchissent la Manche<\/a> \u00e0 bord de petites embarcations risquent d\u2019\u00eatre renvoy\u00e9s en France, dans le cadre d\u2019un nouvel accord de retours entr\u00e9 en vigueur d\u00e9but ao\u00fbt, rapporte le <a href=\"https:\/\/www.thetimes.com\/uk\/politics\/article\/home-office-adverts-deter-migrants-france-rlcdhb9wp\" target=\"_blank\" rel=\"nofollow noopener\">Times <\/a>le 5 septembre.<\/p>\n<p><a href=\"https:\/\/www.valeursactuelles.com\/monde\/le-royaume-uni-sanctionne-25-individus-et-organisations-impliques-dans-les-traversees-illegales-de-la-manche\" class=\"h-flex h-align-items-center h-border-tb h-ptb-15\" target=\"_blank\" rel=\"noopener\">A\u00a0LIRE\u00a0Le Royaume-Uni sanctionne 25 individus et organisations impliqu\u00e9s dans les travers\u00e9es ill\u00e9gales de la Manche<\/a><\/p>\n<p class=\"p1\">Concr\u00e8tement, le Home Office finance des campagnes sur les r\u00e9seaux sociaux qui s\u2019affichent lorsque les comptes correspondent \u00e0 des crit\u00e8res pr\u00e9d\u00e9finis (localisation, sexe, nationalit\u00e9), suppos\u00e9s indiquer une intention de rejoindre ill\u00e9galement le <a href=\"https:\/\/www.valeursactuelles.com\/clubvaleurs\/monde\/raise-the-colours-une-lecon-de-patriotisme-anglais\" target=\"_blank\" rel=\"noopener\">Royaume-Uni<\/a>. Les contenus, vid\u00e9os et visuels, apparaissent dans les fils des utilisateurs situ\u00e9s sur le littoral fran\u00e7ais et r\u00e9p\u00e8tent l\u2019avertissement : en cas d\u2019arriv\u00e9e par \u00ab small boats \u00bb, un retour rapide vers la France serait engag\u00e9.<\/p>\n<p>Un nombre record de demandes d\u2019asile<\/p>\n<p class=\"p1\">Il s\u2019agit, selon le Times, de la premi\u00e8re utilisation assum\u00e9e de publicit\u00e9s num\u00e9riques au nord de la France par le minist\u00e8re de l\u2019Int\u00e9rieur.\u00a0Le volet communication accompagne la pr\u00e9paration des premiers renvois au titre de l\u2019accord de retours franco-britannique, sign\u00e9 dans le sillage d\u2019une pression migratoire soutenue.<\/p>\n<p class=\"p1\">D\u2019apr\u00e8s les chiffres r\u00e9cents du Home Office cit\u00e9s par la presse britannique, plus de 111\u202f000 demandes d\u2019asile ont \u00e9t\u00e9 enregistr\u00e9es au Royaume-Uni entre juin 2024 et juin 2025, un record depuis 2001. Depuis l\u2019arriv\u00e9e de Keir Starmer \u00e0 Downing Street en juillet 2024, plus de 50\u202f000 personnes auraient travers\u00e9 la Manche, dont un peu moins de 30\u202f000 pour la seule ann\u00e9e 2025.<\/p>\n<p class=\"p1\">Reste \u00e0 mesurer l\u2019effet dissuasif r\u00e9el de ces messages : les pr\u00e9c\u00e9dentes campagnes d\u2019information men\u00e9es par Londres (affichages, spots multilingues, SMS) n\u2019ont pas, jusqu\u2019ici, emp\u00each\u00e9 la poursuite des d\u00e9parts depuis les c\u00f4tes fran\u00e7aises, m\u00eame lorsqu\u2019elles s\u2019accompagnaient d\u2019annonces de durcissement op\u00e9rationnel ou l\u00e9gislatif.<\/p>\n","protected":false},"excerpt":{"rendered":"Le minist\u00e8re britannique de l\u2019Int\u00e9rieur a lanc\u00e9 des publicit\u00e9s g\u00e9olocalis\u00e9es sur YouTube et Facebook visant les migrants pr\u00e9sents&hellip;\n","protected":false},"author":2,"featured_media":373785,"comment_status":"","ping_status":"","sticky":false,"template":"","format":"standard","meta":{"footnotes":""},"categories":[1588],"tags":[11,1777,674,14653,1251,12,473,1853,1851,1850,1852],"class_list":{"0":"post-373784","1":"post","2":"type-post","3":"status-publish","4":"format-standard","5":"has-post-thumbnail","7":"category-royaume-uni","8":"tag-actualites","9":"tag-eu","10":"tag-europe","11":"tag-manche","12":"tag-migrants","13":"tag-news","14":"tag-royaume-uni","15":"tag-royaume-uni-de-grande-bretagne-et-dirlande-du-nord","16":"tag-uk","17":"tag-united-kingdom","18":"tag-united-kingdom-of-great-britain-and-northern-ireland"},"share_on_mastodon":{"url":"https:\/\/pubeurope.com\/@fr\/115165011886399048","error":""},"_links":{"self":[{"href":"https:\/\/www.europesays.com\/fr\/wp-json\/wp\/v2\/posts\/373784","targetHints":{"allow":["GET"]}}],"collection":[{"href":"https:\/\/www.europesays.com\/fr\/wp-json\/wp\/v2\/posts"}],"about":[{"href":"https:\/\/www.europesays.com\/fr\/wp-json\/wp\/v2\/types\/post"}],"author":[{"embeddable":true,"href":"https:\/\/www.europesays.com\/fr\/wp-json\/wp\/v2\/users\/2"}],"replies":[{"embeddable":true,"href":"https:\/\/www.europesays.com\/fr\/wp-json\/wp\/v2\/comments?post=373784"}],"version-history":[{"count":0,"href":"https:\/\/www.europesays.com\/fr\/wp-json\/wp\/v2\/posts\/373784\/revisions"}],"wp:featuredmedia":[{"embeddable":true,"href":"https:\/\/www.europesays.com\/fr\/wp-json\/wp\/v2\/media\/373785"}],"wp:attachment":[{"href":"https:\/\/www.europesays.com\/fr\/wp-json\/wp\/v2\/media?parent=373784"}],"wp:term":[{"taxonomy":"category","embeddable":true,"href":"https:\/\/www.europesays.com\/fr\/wp-json\/wp\/v2\/categories?post=373784"},{"taxonomy":"post_tag","embeddable":true,"href":"https:\/\/www.europesays.com\/fr\/wp-json\/wp\/v2\/tags?post=373784"}],"curies":[{"name":"wp","href":"https:\/\/api.w.org\/{rel}","templated":true}]}}