{"id":373792,"date":"2025-09-07T20:59:14","date_gmt":"2025-09-07T20:59:14","guid":{"rendered":"https:\/\/www.europesays.com\/fr\/373792\/"},"modified":"2025-09-07T20:59:14","modified_gmt":"2025-09-07T20:59:14","slug":"les-spectaculaires-images-de-leclipse-totale-lunaire-a-travers-le-monde","status":"publish","type":"post","link":"https:\/\/www.europesays.com\/fr\/373792\/","title":{"rendered":"les spectaculaires images de l&rsquo;\u00e9clipse totale lunaire \u00e0 travers le monde"},"content":{"rendered":"<p>            Par<br \/>\n        <strong><br \/>\n            <a href=\"https:\/\/actu.fr\/auteur\/timotheelangevin\" title=\"Consulter tous les articles de Timoth\u00e9e L&#039;Angevin\" target=\"_blank\" rel=\"noopener\">Timoth\u00e9e L&rsquo;Angevin<\/a><br \/>\n        <\/strong><\/p>\n<p>        Publi\u00e9 le<\/p>\n<p>            7 sept. 2025 \u00e0 21h18<br \/>\n        ; mis \u00e0 jour le 7 sept. 2025 \u00e0 21h31    <\/p>\n<p>La <strong>Lune<\/strong> \u00e9tait plut\u00f4t discr\u00e8te en France. Mais elle s\u2019est par\u00e9e de ses plus belles couleurs \u00e0 travers le monde entier. Ce dimanche 7 septembre 2025, <strong>\u00e0 l\u2019occasion de <a href=\"https:\/\/actu.fr\/sciences-technologie\/une-eclipse-de-lune-imminente-voici-pourquoi-elles-ne-se-produisent-pas-tous-les-mois_62362922.html\" target=\"_blank\" rel=\"noopener\">l\u2019\u00e9clipse totale lunaire<\/a><\/strong>, appel\u00e9e \u00e9galement<a href=\"https:\/\/actu.fr\/sciences-technologie\/l-eclipse-totale-de-lune-c-est-ce-week-end-a-quelle-heure-observer-le-spectacle-depuis-chez-vous_63104955.html\" target=\"_blank\" rel=\"noopener\"><strong> Lune de sang <\/strong><\/a>en raison de sa couleur rouge\u00e2tre ou cuivr\u00e9e, des photographes aux quatre coins du globe ont immortalis\u00e9 le ph\u00e9nom\u00e8ne astronomique.\u00a0<\/p>\n<p class=\" wall-content\">Pour rappel, cette \u00e9clipse se produit \u00e0 chaque fois que la Lune se trouve dans l\u2019ombre de la Terre et en opposition au Soleil vis-\u00e0-vis de la Terre, c\u2019est-\u00e0-dire en phase de pleine lune. Bien que plong\u00e9e dans l\u2019obscurit\u00e9, elle re\u00e7oit quand m\u00eame une lumi\u00e8re, filtr\u00e9e par l\u2019atmosph\u00e8re, du soleil, qui lui donne son aspect rouge impressionnant.<\/p>\n<p class=\" wall-content\">Comme ici, au Kowe\u00eft :\u00a0<\/p>\n<p>    <img   decoding=\"async\" loading=\"lazy\" src=\"https:\/\/www.europesays.com\/fr\/wp-content\/uploads\/2025\/09\/lune-de-sang-koweit-960x640.jpeg\" alt=\"L'\u00e9clipse totale lunaire au Koweit\" width=\"960\" height=\"640\"\/><br \/>\n    L\u2019\u00e9clipse totale lunaire au Kowe\u00eft (\u00a9YASSER AL-ZAYYAT \/ AFP)<\/p>\n<p class=\" wall-content\">Au Danemark :\u00a0<\/p>\n<p>    <img   decoding=\"async\" loading=\"lazy\" src=\"https:\/\/www.europesays.com\/fr\/wp-content\/uploads\/2025\/09\/lune-de-sang-danemark-960x640.jpeg\" alt=\"L'\u00e9clipse totale lunaire au Danemark\" width=\"960\" height=\"640\"\/><br \/>\n    L\u2019\u00e9clipse totale lunaire au Danemark (\u00a9MADS CLAUS RASMUSSEN \/ AFP)<\/p>\n<p class=\" wall-content\">En Turquie :<\/p>\n<p>Votre r\u00e9gion, votre actu !<\/p>\n<p>Recevez chaque jour les infos qui comptent pour vous.<\/p>\n<p>\t<a href=\"https:\/\/actu.fr\/newsletter\" class=\"ac-btn ac-btn--corner ac-btn--medium ac-btn--blue800\" target=\"_blank\" rel=\"noopener\">S&rsquo;incrire<\/a><\/p>\n<p>    <img   decoding=\"async\" loading=\"lazy\" src=\"https:\/\/www.europesays.com\/fr\/wp-content\/uploads\/2025\/09\/lune-de-sang-turquie-960x640.jpeg\" alt=\"L'\u00e9clipse totale lunaire en Turquie\" width=\"960\" height=\"640\"\/><br \/>\n    L\u2019\u00e9clipse totale lunaire en Turquie (\u00a9ERCIN ERTURK \/ AFP)<\/p>\n<p class=\" wall-content\">En Allemagne :\u00a0<\/p>\n<p>    <img   decoding=\"async\" loading=\"lazy\" src=\"https:\/\/www.europesays.com\/fr\/wp-content\/uploads\/2025\/09\/lune-de-sang-allemagne-960x640.jpg\" alt=\"L'\u00e9clipse totale lunaire en Allemagne\" width=\"960\" height=\"640\"\/><br \/>\n    L\u2019\u00e9clipse totale lunaire en Allemagne (\u00a9ROBERT MICHAEL \/ AFP)<\/p>\n<p class=\" wall-content\">Elle a \u00e9galement \u00e9t\u00e9 bien vue \u00e0 l\u2019autre bout du monde, aux Philippines :\u00a0<\/p>\n<p class=\" wall-content\">\n<p class=\" wall-content\">Ou encore au Japon :\u00a0<\/p>\n<p class=\" wall-content\">\n<p>Trop de nuages en France<\/p>\n<p class=\" wall-content\">Mais en France, si la couverture nuageuse n\u2019a pas permis aux astronomes (amateurs comme confirm\u00e9s) et simples curieux de voir notre joli satellite se couvrir de rouge, certains ont quand m\u00eame eu la chance de l\u2019apercevoir, comme en Corse, selon nos confr\u00e8res <a href=\"http:\/\/l.ici.fr\/UnA\" target=\"_blank\" rel=\"noopener\">d\u2019Ici<\/a> :<\/p>\n<p class=\" wall-content\">\n<p class=\" wall-content\">Et \u00e9galement \u00e0 Mayotte :\u00a0<\/p>\n<p class=\" wall-content\">\n<p class=\" wall-content\">Les photos de nos lecteurs (cliquez sur la galerie pour afficher les images) :\u00a0<\/p>\n<p>Vous avez eu la chance de la voir (et de l\u2019immortaliser) ? N\u2019h\u00e9sitez pas \u00e0 nous envoyer vos photos par mail : <a href=\"https:\/\/actu.fr\/cdn-cgi\/l\/email-protection\" class=\"__cf_email__\" data-cfemail=\"265443424745524f49486647455253084054\" target=\"_blank\" rel=\"noopener\">[email\u00a0protected]<\/a>.\u00a0<\/p>\n<p class=\" wall-content\">Personnalisez votre actualit\u00e9 en ajoutant vos villes et m\u00e9dias en favori avec <a href=\"https:\/\/moncompte.actu.fr\" title=\"D\u00e9couvez Mon Actu\" rel=\"nofollow noopener\" data-trk=\"{&quot;cta&quot;:{&quot;action&quot;:&quot;https:\\\/\\\/moncompte.actu.fr&quot;,&quot;category&quot;:&quot;mon compte&quot;,&quot;from&quot;:&quot;article footer&quot;,&quot;name&quot;:&quot;Mon actu&quot;,&quot;type&quot;:&quot;cta&quot;}}\" target=\"_blank\">Mon Actu<\/a>.<\/p>\n","protected":false},"excerpt":{"rendered":"Par Timoth\u00e9e L&rsquo;Angevin Publi\u00e9 le 7 sept. 2025 \u00e0 21h18 ; mis \u00e0 jour le 7 sept. 2025&hellip;\n","protected":false},"author":2,"featured_media":373793,"comment_status":"","ping_status":"","sticky":false,"template":"","format":"standard","meta":{"footnotes":""},"categories":[2],"tags":[11,48,386,1011,27,12,25,2631],"class_list":{"0":"post-373792","1":"post","2":"type-post","3":"status-publish","4":"format-standard","5":"has-post-thumbnail","7":"category-actualites","8":"tag-actualites","9":"tag-astronomie","10":"tag-espace","11":"tag-fr","12":"tag-france","13":"tag-news","14":"tag-republique-francaise","15":"tag-sciences-technologie"},"share_on_mastodon":{"url":"https:\/\/pubeurope.com\/@fr\/115165027862232631","error":""},"_links":{"self":[{"href":"https:\/\/www.europesays.com\/fr\/wp-json\/wp\/v2\/posts\/373792","targetHints":{"allow":["GET"]}}],"collection":[{"href":"https:\/\/www.europesays.com\/fr\/wp-json\/wp\/v2\/posts"}],"about":[{"href":"https:\/\/www.europesays.com\/fr\/wp-json\/wp\/v2\/types\/post"}],"author":[{"embeddable":true,"href":"https:\/\/www.europesays.com\/fr\/wp-json\/wp\/v2\/users\/2"}],"replies":[{"embeddable":true,"href":"https:\/\/www.europesays.com\/fr\/wp-json\/wp\/v2\/comments?post=373792"}],"version-history":[{"count":0,"href":"https:\/\/www.europesays.com\/fr\/wp-json\/wp\/v2\/posts\/373792\/revisions"}],"wp:featuredmedia":[{"embeddable":true,"href":"https:\/\/www.europesays.com\/fr\/wp-json\/wp\/v2\/media\/373793"}],"wp:attachment":[{"href":"https:\/\/www.europesays.com\/fr\/wp-json\/wp\/v2\/media?parent=373792"}],"wp:term":[{"taxonomy":"category","embeddable":true,"href":"https:\/\/www.europesays.com\/fr\/wp-json\/wp\/v2\/categories?post=373792"},{"taxonomy":"post_tag","embeddable":true,"href":"https:\/\/www.europesays.com\/fr\/wp-json\/wp\/v2\/tags?post=373792"}],"curies":[{"name":"wp","href":"https:\/\/api.w.org\/{rel}","templated":true}]}}