{"id":373794,"date":"2025-09-07T21:00:19","date_gmt":"2025-09-07T21:00:19","guid":{"rendered":"https:\/\/www.europesays.com\/fr\/373794\/"},"modified":"2025-09-07T21:00:19","modified_gmt":"2025-09-07T21:00:19","slug":"hugo-reus-seloigne-vers-lubb-reece-hodge-se-rapproche-du-terrain","status":"publish","type":"post","link":"https:\/\/www.europesays.com\/fr\/373794\/","title":{"rendered":"Hugo Reus s\u2019\u00e9loigne vers l\u2019UBB, Reece Hodge se rapproche du terrain"},"content":{"rendered":"<p>Aujourd\u2019hui, c\u2019est d\u00e9j\u00e0 demain. La signature en juillet de <a href=\"https:\/\/www.sudouest.fr\/sport\/rugby\/aviron-bayonnais\/aviron-bayonnais-leo-coly-rejoindra-bayonne-pour-3-ans-a-la-fin-de-la-saison-2025-2026-25266707.php\" target=\"_blank\" rel=\"follow nofollow noopener\">L\u00e9o Coly<\/a> (Montpellier) \u00e0 partir de la saison 2026-2027 le prouve, l\u2019avenir se pr\u00e9pare en avance. L\u2019Aviron Bayonnais a pratiquement verrouill\u00e9 son dossier le plus br\u00fblant\u00a0: <a href=\"https:\/\/www.sudouest.fr\/sport\/rugby\/aviron-bayonnais\/info-sud-ouest-accord-trouve-pour-la-prolongation-de-gregory-patat-a-l-aviron-bayonnais-25752109.php\" target=\"_blank\" rel=\"follow nofollow noopener\">la prolongation du bail de son manager Gr\u00e9gory Patat jusqu\u2019en 2028<\/a>. L\u2019accord verbal est valid\u00e9. Il ne reste plus qu\u2019\u00e0 signer les documents. Et \u00e0 se pencher sur l\u2019ensemble du staff, dont les contrats sont align\u00e9s sur le Gersois. Ils s\u2019ach\u00e8vent en juin prochain.<\/p>\n<blockquote><p>Les atermoiements pour d\u00e9finir la t\u00eate du secteur sportif entre Gr\u00e9gory Patat et Laurent Travers ont entra\u00een\u00e9 du retard sur les dossiers<\/p><\/blockquote>\n<p>Au niveau des joueurs, le club des bords de Nive a fait du demi d\u2019ouverture Hugo Reus sa priorit\u00e9. Il est en fin de contrat \u00e0 Montpellier, qui esp\u00e8re le prolonger. Gr\u00e9gory Patat et l\u2019entra\u00eeneur de l\u2019attaque Gerard Fraser aimeraient en faire le compl\u00e9ment de Joris Segonds, li\u00e9 \u00e0 Bayonne jusqu\u2019en 2029. Le Gallois Gareth Anscombe, lui, n\u2019a sign\u00e9 que pour un an. Reus, champion du monde U20 en 2023, a visit\u00e9 les installations cet \u00e9t\u00e9. Le P\u00e9rigourdin de 21\u00a0ans n\u2019\u00e9tait pas insensible au projet bayonnais, notamment \u00e0 la pr\u00e9sence de Camille Lopez dans le staff. Probl\u00e8me\u00a0: les atermoiements pour d\u00e9finir la t\u00eate du secteur sportif entre Gr\u00e9gory Patat et Laurent Travers ont entra\u00een\u00e9 du retard sur les dossiers. M\u00eame si rien n\u2019est sign\u00e9 \u00e0 ce jour, l\u2019UBB tient la corde sur cet ancien pensionnaire de son centre de formation (2018-2022). \u00ab\u00a0Les contacts sont tr\u00e8s avanc\u00e9s\u00a0\u00bb, indique un proche des n\u00e9gociations.<\/p>\n<p>Tiberghien ou Max Spring\u00a0?<\/p>\n<p>Avant de recruter, l\u2019Aviron va devoir trancher le cas de ses joueurs en fin de contrat. La cellule de recrutement compos\u00e9e de Gr\u00e9gory Patat, Gerard Fraser, Nicolas Viguera (recruteur) et du pr\u00e9sident Philippe Tayeb s\u2019est enrichi d\u2019un nouveau membre cet \u00e9t\u00e9, le directeur du rugby Laurent Travers. Cinq \u00e9l\u00e9ments dans leur derni\u00e8re saison ont \u00e9t\u00e9 identifi\u00e9s comme \u00ab\u00a0prioritaires\u00a0\u00bb \u00e0 la prolongation de contrat\u00a0: Mateo Carreras, Facundo Bosch, Alexandre Moon, Cheikh Tiberghien et Tom Spring. Pour ce dernier, n\u00e9o-international, l\u2019affaire est entendue. Il a rallong\u00e9 son aventure jusqu\u2019en 2028.<\/p>\n<p>        <img decoding=\"async\" id=\"25704826\" src=\"https:\/\/www.europesays.com\/fr\/wp-content\/uploads\/2025\/09\/20250829100023-au4i3194.jpg\" alt=\"Cheikh Tiberghien souhaite rester \u00e0 Bayonne.\" itemprop=\"contentURL\"\/><\/p>\n<p>    Cheikh Tiberghien souhaite rester \u00e0 Bayonne.<\/p>\n<p>Victor Lap\u00e8gue\/SO<\/p>\n<p>Auteur d\u2019une solide prestation ce samedi <a href=\"https:\/\/www.sudouest.fr\/sport\/rugby\/aviron-bayonnais\/top-14-cinquante-cinq-ans-apres-l-aviron-bayonnais-brise-la-malediction-de-perpignan-25820006.php\" target=\"_blank\" rel=\"follow nofollow noopener\">lors de la victoire \u00e0 Perpignan (19-26)<\/a>, Cheikh Tiberghien suscite l\u2019int\u00e9r\u00eat du Racing 92 et de Montpellier. Mais l\u2019arri\u00e8re de 25\u00a0ans a toujours fait de l\u2019Aviron sa priorit\u00e9. Il est tr\u00e8s li\u00e9 \u00e0 Gr\u00e9gory Patat, qui lui a toujours maintenu sa confiance lorsqu\u2019il traversait des p\u00e9riodes d\u00e9licates. De ce dossier d\u00e9pend aussi celui de Max Spring. Le joueur du Racing et fr\u00e8re de Tom s\u2019inscrit dans un registre unique d\u2019arri\u00e8re o\u00f9 Bayonne poss\u00e8de \u00e9galement Yohan Orab\u00e9 (23\u00a0ans).<\/p>\n<p>        <img decoding=\"async\" id=\"23848246\" src=\"https:\/\/www.europesays.com\/fr\/wp-content\/uploads\/2025\/09\/20250330215105-3443312.jpg\" alt=\"L\u2019arri\u00e8re du Racing 92 Max Spring rejoindra-t-il son fr\u00e8re \u00e0 Bayonne\u00a0?\" itemprop=\"contentURL\"\/><\/p>\n<p>    L\u2019arri\u00e8re du Racing 92 Max Spring rejoindra-t-il son fr\u00e8re \u00e0 Bayonne\u00a0?<\/p>\n<p>FRANCK FIFE\/AFP<\/p>\n<p>Les autres dossiers pourraient avancer prochainement. L\u2019ailier des Pumas Mateo Carreras (25\u00a0ans) dispute actuellement le Rugby Championship dans l\u2019h\u00e9misph\u00e8re Sud. Il a marqu\u00e9 un essai ce samedi lors de la d\u00e9faite contre l\u2019Australie (28-24). Le souhait des deux parties est de prolonger. Son cas devrait \u00e9voluer \u00e0 son retour. Pour son compatriote et talonneur Facundo Bosch (34\u00a0ans), la question de la dur\u00e9e de la prolongation se posera forc\u00e9ment. Quant au deuxi\u00e8me ligne anglais Alex Moon (29\u00a0ans), il est parfaitement int\u00e9gr\u00e9 au groupe et donne satisfaction.<\/p>\n<p>Cramont, une option au talon<\/p>\n<p>Dans un deuxi\u00e8me temps, le staff bleu et blanc se penchera sur l\u2019avenir de Manu Tuilagi, Reece Hodge, Pascal Cotet, Andy Bordelai et Vincent Giudicelli. Eux aussi arrivent au bout de leur engagement en juin. Les d\u00e9cideurs se laissent le temps de voir leur \u00e9volution avant de leur tendre, ou non, le stylo. Le centre samoan de 35\u00a0ans donne pleinement satisfaction, sur le terrain comme dans le groupe. S\u2019il continue sur cette lanc\u00e9e, la suite pourrait s\u2019inscrire \u00e0 Bayonne.<\/p>\n<blockquote><p>Sept matches en deux ans, c\u2019est trop peu pour le plus gros salaire de l\u2019effectif<\/p><\/blockquote>\n<p>Min\u00e9 par les blessures, Reece Hodge vit un calvaire depuis son arriv\u00e9e au Pays Basque en 2023. L\u2019international australien de 31\u00a0ans sort d\u2019une saison blanche, apr\u00e8s sept matches seulement l\u2019ann\u00e9e pr\u00e9c\u00e9dente. C\u2019est trop peu pour le plus gros salaire de l\u2019effectif, pourtant performant les rares fois o\u00f9 il a jou\u00e9. Il devrait reprendre la course cette semaine, et le collectif d\u2019ici quinze jours. Mais son corps suivra-t-il\u00a0?<\/p>\n<p>        <img decoding=\"async\" id=\"25834086\" src=\"https:\/\/www.europesays.com\/fr\/wp-content\/uploads\/2025\/09\/archive-quay-a1-33399599.jpg\" alt=\"Reece Hodge est esp\u00e9r\u00e9 \u00e0 l\u2019entra\u00eenement collectif d\u2019ici une quinzaine de jours.\" itemprop=\"contentURL\"\/><\/p>\n<p>    Reece Hodge est esp\u00e9r\u00e9 \u00e0 l\u2019entra\u00eenement collectif d\u2019ici une quinzaine de jours.<\/p>\n<p>\u00c9milie Drouinaud\/Sud Ouest<\/p>\n<p>Les performances des piliers Pascal Cotet et Andy Bordelai dicteront la suite de leur aventure. Le \u00ab\u00a0droitier\u00a0\u00bb s\u2019approche d\u2019un retour apr\u00e8s sept mois d\u2019absence suite \u00e0 une op\u00e9ration de l\u2019\u00e9paule tandis que le \u00ab\u00a0gaucher\u00a0\u00bb devra convaincre apr\u00e8s une premi\u00e8re ann\u00e9e mitig\u00e9e. Le talonneur Vincent Giudicelli, lui, sort d\u2019une saison presque blanche. Il s\u2019est de nouveau bless\u00e9, au coude cette fois-ci, et manquera les six \u00e0 huit prochaines semaines. \u00c0 son poste, le club a r\u00e9activ\u00e9 un dossier d\u00e9j\u00e0 suivi par le pass\u00e9, celui du Toulousain Guillaume Cramont, comme indiqu\u00e9 par <a href=\"https:\/\/www.rugbyscope.fr\/bayonne-cramont-toulouse-dans-le-viseur\/\" target=\"_blank\" rel=\"nofollow noopener\">Rugby Scope<\/a>.<\/p>\n<p>        <img decoding=\"async\" id=\"25054414\" src=\"https:\/\/www.europesays.com\/fr\/wp-content\/uploads\/2025\/09\/20250628233903-1349712.jpg\" alt=\"Le talonneur toulousain Guillaume Cramont (au centre) est suivi de longue date par l\u2019Aviron.\" itemprop=\"contentURL\"\/><\/p>\n<p>    Le talonneur toulousain Guillaume Cramont (au centre) est suivi de longue date par l\u2019Aviron.<\/p>\n<p>MARTIN BUREAU\/AFP<\/p>\n<p>Les contacts entre l\u2019Aviron Bayonnais et Adrien Lap\u00e8gue (Provence), annonc\u00e9s par <a href=\"https:\/\/www.rugbyrama.fr\/2025\/09\/06\/exclu-midol-transferts-top-14-adrien-lapegue-provence-rugby-dans-le-viseur-de-bayonne-12915016.php\" target=\"_blank\" rel=\"nofollow noopener\">Rugbyrama<\/a>, sont bien r\u00e9els. L\u2019ailier de 26\u00a0ans, form\u00e9 \u00e0 Bayonne avant de migrer au Stade Fran\u00e7ais puis \u00e0 Aix-en-Provence (Pro D2), aimerait retrouver son ancien club et son petit fr\u00e8re Gabriel, qui s\u2019entra\u00eene r\u00e9guli\u00e8rement avec le groupe professionnel. Mais son cas ne fait pas l\u2019unanimit\u00e9 car une partie du staff souhaiterait un profil polyvalent centre\/ailier. Dans le registre de Lap\u00e8gue, l\u2019Aviron poss\u00e8de d\u00e9j\u00e0 des jeunes \u00e0 potentiel comme Victor Hannoun (22\u00a0ans), Tom L\u00e9v\u00eaque (19\u00a0ans) ou l\u2019Espagnol Telmo Fisher (18\u00a0ans) originaire de Getxo en Biscaye.<\/p>\n","protected":false},"excerpt":{"rendered":"Aujourd\u2019hui, c\u2019est d\u00e9j\u00e0 demain. La signature en juillet de L\u00e9o Coly (Montpellier) \u00e0 partir de la saison 2026-2027&hellip;\n","protected":false},"author":2,"featured_media":373795,"comment_status":"","ping_status":"","sticky":false,"template":"","format":"standard","meta":{"footnotes":""},"categories":[2],"tags":[11,1011,27,12,25],"class_list":{"0":"post-373794","1":"post","2":"type-post","3":"status-publish","4":"format-standard","5":"has-post-thumbnail","7":"category-actualites","8":"tag-actualites","9":"tag-fr","10":"tag-france","11":"tag-news","12":"tag-republique-francaise"},"share_on_mastodon":{"url":"https:\/\/pubeurope.com\/@fr\/115165031911223255","error":""},"_links":{"self":[{"href":"https:\/\/www.europesays.com\/fr\/wp-json\/wp\/v2\/posts\/373794","targetHints":{"allow":["GET"]}}],"collection":[{"href":"https:\/\/www.europesays.com\/fr\/wp-json\/wp\/v2\/posts"}],"about":[{"href":"https:\/\/www.europesays.com\/fr\/wp-json\/wp\/v2\/types\/post"}],"author":[{"embeddable":true,"href":"https:\/\/www.europesays.com\/fr\/wp-json\/wp\/v2\/users\/2"}],"replies":[{"embeddable":true,"href":"https:\/\/www.europesays.com\/fr\/wp-json\/wp\/v2\/comments?post=373794"}],"version-history":[{"count":0,"href":"https:\/\/www.europesays.com\/fr\/wp-json\/wp\/v2\/posts\/373794\/revisions"}],"wp:featuredmedia":[{"embeddable":true,"href":"https:\/\/www.europesays.com\/fr\/wp-json\/wp\/v2\/media\/373795"}],"wp:attachment":[{"href":"https:\/\/www.europesays.com\/fr\/wp-json\/wp\/v2\/media?parent=373794"}],"wp:term":[{"taxonomy":"category","embeddable":true,"href":"https:\/\/www.europesays.com\/fr\/wp-json\/wp\/v2\/categories?post=373794"},{"taxonomy":"post_tag","embeddable":true,"href":"https:\/\/www.europesays.com\/fr\/wp-json\/wp\/v2\/tags?post=373794"}],"curies":[{"name":"wp","href":"https:\/\/api.w.org\/{rel}","templated":true}]}}