{"id":373796,"date":"2025-09-07T21:01:11","date_gmt":"2025-09-07T21:01:11","guid":{"rendered":"https:\/\/www.europesays.com\/fr\/373796\/"},"modified":"2025-09-07T21:01:11","modified_gmt":"2025-09-07T21:01:11","slug":"ce-qui-est-dit-a-mon-sujet-est-faux-et-invente-de-toutes-pieces-camille-cerf-tres-en-colere","status":"publish","type":"post","link":"https:\/\/www.europesays.com\/fr\/373796\/","title":{"rendered":"\u00ab Ce qui est dit \u00e0 mon sujet est faux et invent\u00e9 de toutes pi\u00e8ces \u00bb\u2026 Camille Cerf tr\u00e8s en col\u00e8re"},"content":{"rendered":"<p class=\"mb-4 text-lg md:leading-8 break-words\">Pas encore sorti et d\u00e9j\u00e0 des pol\u00e9miques autour du livre Miss France : du r\u00eave \u00e0 la r\u00e9alit\u00e9. C\u2019est ce lundi que l\u2019ouvrage \u00e9crit par Hubert Gu\u00e9rin doit para\u00eetre. Dedans, cet ancien collaborateur de <a data-i13n=\"cpos:1;pos:1\" href=\"https:\/\/www.20minutes.fr\/actu-generale\/4048037-20230804-mort-genevieve-fontenay-internautes-rendent-dernier-hommage-mesure-mere-miss?at_medium=RSS%20feed&amp;at_campaign=ynews&amp;utm_source=yahoo&amp;utm_medium=rss&amp;utm_campaign=news_feed&amp;utm_content=in_article_link\" rel=\"nofollow noopener\" target=\"_blank\" data-ylk=\"slk:Genevi\u00e8ve de Fontenay;cpos:1;pos:1;elm:context_link;itc:0;sec:content-canvas\" class=\"link \">Genevi\u00e8ve de Fontenay<\/a> d\u00e9nonce de \u00ab hauts dirigeants du concours accus\u00e9s d\u2019agressions sexuelles \u00bb. Surtout Hubert Gu\u00e9rin a cit\u00e9 Camille Cerf, <a data-i13n=\"cpos:2;pos:1\" href=\"https:\/\/www.20minutes.fr\/arts-stars\/television\/miss_france\/?at_medium=RSS%20feed&amp;at_campaign=ynews&amp;utm_source=yahoo&amp;utm_medium=rss&amp;utm_campaign=news_feed&amp;utm_content=in_article_link\" rel=\"nofollow noopener\" target=\"_blank\" data-ylk=\"slk:Miss France;cpos:2;pos:1;elm:context_link;itc:0;sec:content-canvas\" class=\"link \">Miss France<\/a> 2015, sur le plateau de la nouvelle \u00e9mission de Cyril Hanouna <a data-i13n=\"cpos:3;pos:1\" href=\"https:\/\/www.20minutes.fr\/arts-stars\/television\/4170699-20250902-tout-beau-tout-n9uf-cyril-hanouna-tenu-promesses?at_medium=RSS%20feed&amp;at_campaign=ynews&amp;utm_source=yahoo&amp;utm_medium=rss&amp;utm_campaign=news_feed&amp;utm_content=in_article_link\" rel=\"nofollow noopener\" target=\"_blank\" data-ylk=\"slk:\u00ab Tout beau, tout neuf \u00bb;cpos:3;pos:1;elm:context_link;itc:0;sec:content-canvas\" class=\"link \">\u00ab Tout beau, tout neuf \u00bb<\/a>, vendredi soir.<\/p>\n<p class=\"mb-4 text-lg md:leading-8 break-words\">\u00ab Quand je recueille son t\u00e9moignage en 2015, elle m\u2019explique que dans la rue elle a tous les jours des propositions sexuelles, on lui demande son 06, on lui montre des photos de p\u00e9nis\u2026 \u00bb, a-t-il d\u00e9clar\u00e9. Et \u00e7a, l\u2019ex-reine de beaut\u00e9 n\u2019a pas aim\u00e9.<\/p>\n<p class=\"mb-4 text-lg md:leading-8 break-words\">Camille Cerf a post\u00e9 sur X un message o\u00f9 elle contredit la sortie d\u2019Hubert Gu\u00e9rin : \u00ab Ce qu\u2019il dit \u00e0 mon sujet est faux et invent\u00e9 de toutes pi\u00e8ces. \u00bb L\u2019ex-Miss Nord-Pas-de-Calais menace : \u00ab Je ne compte pas me laisser faire. \u00bb<\/p>\n<p>Sylvie Tellier n\u2019a \u00ab jamais \u00e9t\u00e9 interview\u00e9e \u00bb<\/p>\n<p class=\"mb-4 text-lg md:leading-8 break-words\">Ex-Miss France et ex-directrice du concours de beaut\u00e9, <a data-i13n=\"cpos:4;pos:1\" href=\"https:\/\/www.20minutes.fr\/dossier\/sylvie_tellier?at_medium=RSS%20feed&amp;at_campaign=ynews&amp;utm_source=yahoo&amp;utm_medium=rss&amp;utm_campaign=news_feed&amp;utm_content=in_article_link\" rel=\"nofollow noopener\" target=\"_blank\" data-ylk=\"slk:Sylvie Tellier;cpos:4;pos:1;elm:context_link;itc:0;sec:content-canvas\" class=\"link \">Sylvie Tellier<\/a> a publi\u00e9 sur Instagram un long message o\u00f9 elle affirme n\u2019avoir \u00ab jamais \u00e9t\u00e9 victime, ni t\u00e9moin, ni inform\u00e9e d\u2019agressions sexuelles au sein de Miss France \u00bb. Elle affirme n\u2019avoir \u00ab jamais \u00e9t\u00e9 interview\u00e9e \u00bb par Hubert Gu\u00e9rin.<\/p>\n<p><img alt=\"[object Object]\" loading=\"lazy\" width=\"960\" height=\"540\" decoding=\"async\" data-nimg=\"1\" class=\"rounded-lg\" style=\"color:transparent\" src=\"https:\/\/www.europesays.com\/fr\/wp-content\/uploads\/2025\/09\/dfd5257a7f15349ad0a13a24b73c7744.jpeg\"\/><\/p>\n<p>[object Object]<\/p>\n<p class=\"mb-4 text-lg md:leading-8 break-words\">Ce dimanche, dans <a data-i13n=\"cpos:5;pos:1\" href=\"https:\/\/www.leparisien.fr\/culture-loisirs\/il-ma-demande-si-jetais-vierge-une-ex-candidate-a-miss-bourgogne-denonce-un-harcelement-sexuel-07-09-2025-DZFQZMPNCBDOHBQTQPWH4XI7KM.php?at_medium=RSS%20feed&amp;at_campaign=ynews&amp;utm_source=yahoo&amp;utm_medium=rss&amp;utm_campaign=news_feed&amp;utm_content=in_article_link\" rel=\"nofollow noopener\" target=\"_blank\" data-ylk=\"slk:Le Parisien;cpos:5;pos:1;elm:context_link;itc:0;sec:content-canvas\" class=\"link \">Le Parisien<\/a>, Miss Ni\u00e8vre 2016 Ludivine Langlois a racont\u00e9 le <a data-i13n=\"cpos:6;pos:1\" href=\"https:\/\/www.20minutes.fr\/arts-stars\/people\/4171658-20250907-miss-france-toujours-vierge-ex-miss-devoile-harcelement-sexuel-vecu?at_medium=RSS%20feed&amp;at_campaign=ynews&amp;utm_source=yahoo&amp;utm_medium=rss&amp;utm_campaign=news_feed&amp;utm_content=in_article_link\" rel=\"nofollow noopener\" target=\"_blank\" data-ylk=\"slk:harc\u00e8lement sexuel v\u00e9cu;cpos:6;pos:1;elm:context_link;itc:0;sec:content-canvas\" class=\"link \">harc\u00e8lement sexuel v\u00e9cu<\/a> lorsqu\u2019elle a candidat\u00e9 \u00e0 Miss Bourgogne.<\/p>\n<p class=\"mb-4 text-lg md:leading-8 break-words\"><a data-i13n=\"cpos:7;pos:1\" href=\"https:\/\/www.20minutes.fr\/arts-stars\/people\/4171666-20250907-miss-france-dit-sujet-faux-invente-toutes-pieces-camille-cerf-tres-colere?at_medium=RSS%20feed&amp;at_campaign=ynews&amp;utm_source=yahoo&amp;utm_medium=rss&amp;utm_campaign=news_feed&amp;utm_content=read_more_link%22\" rel=\"nofollow noopener\" target=\"_blank\" data-ylk=\"slk:Lire la suite sur 20minutes;cpos:7;pos:1;elm:context_link;itc:0;sec:content-canvas\" class=\"link \">Lire la suite sur 20minutes<\/a><\/p>\n<p>\u00c0 lire aussi :<br \/><a data-i13n=\"cpos:8;pos:1\" href=\"https:\/\/www.20minutes.fr\/arts-stars\/people\/4171658-20250907-miss-france-toujours-vierge-ex-miss-devoile-harcelement-sexuel-vecu?at_medium=RSS%20feed&amp;at_campaign=ynews&amp;utm_source=yahoo&amp;utm_medium=rss&amp;utm_campaign=news_feed&amp;utm_content=related_content_link\" rel=\"nofollow noopener\" target=\"_blank\" data-ylk=\"slk:Miss France : \u00ab Toujours vierge ? \u00bb\u2026 Une ex-Miss d\u00e9voile le harc\u00e8lement sexuel v\u00e9cu;cpos:8;pos:1;elm:context_link;itc:0;sec:content-canvas\" class=\"link \">Miss France : \u00ab Toujours vierge ? \u00bb\u2026 Une ex-Miss d\u00e9voile le harc\u00e8lement sexuel v\u00e9cu<\/a><br \/><a data-i13n=\"cpos:9;pos:1\" href=\"https:\/\/www.20minutes.fr\/arts-stars\/people\/4171578-20250906-president-societe-miss-france-exprime-scandale-eventuelles-violences-sexuelles-marge-concours?at_medium=RSS%20feed&amp;at_campaign=ynews&amp;utm_source=yahoo&amp;utm_medium=rss&amp;utm_campaign=news_feed&amp;utm_content=related_content_link\" rel=\"nofollow noopener\" target=\"_blank\" data-ylk=\"slk:Le pr\u00e9sident de la soci\u00e9t\u00e9 Miss France s\u2019exprime sur le scandale d\u2019\u00e9ventuelles violences sexuelles en marge du concours;cpos:9;pos:1;elm:context_link;itc:0;sec:content-canvas\" class=\"link \">Le pr\u00e9sident de la soci\u00e9t\u00e9 Miss France s\u2019exprime sur le scandale d\u2019\u00e9ventuelles violences sexuelles en marge du concours<\/a><\/p>\n","protected":false},"excerpt":{"rendered":"Pas encore sorti et d\u00e9j\u00e0 des pol\u00e9miques autour du livre Miss France : du r\u00eave \u00e0 la r\u00e9alit\u00e9.&hellip;\n","protected":false},"author":2,"featured_media":373797,"comment_status":"","ping_status":"","sticky":false,"template":"","format":"standard","meta":{"footnotes":""},"categories":[4],"tags":[11,17055,50769,1083,1011,27,35788,50780,3034,12,25],"class_list":{"0":"post-373796","1":"post","2":"type-post","3":"status-publish","4":"format-standard","5":"has-post-thumbnail","7":"category-france","8":"tag-actualites","9":"tag-camille-cerf","10":"tag-concours-de-beaute","11":"tag-cyril-hanouna","12":"tag-fr","13":"tag-france","14":"tag-genevieve-de-fontenay","15":"tag-guerin","16":"tag-miss-france","17":"tag-news","18":"tag-republique-francaise"},"share_on_mastodon":{"url":"https:\/\/pubeurope.com\/@fr\/115165035450737383","error":""},"_links":{"self":[{"href":"https:\/\/www.europesays.com\/fr\/wp-json\/wp\/v2\/posts\/373796","targetHints":{"allow":["GET"]}}],"collection":[{"href":"https:\/\/www.europesays.com\/fr\/wp-json\/wp\/v2\/posts"}],"about":[{"href":"https:\/\/www.europesays.com\/fr\/wp-json\/wp\/v2\/types\/post"}],"author":[{"embeddable":true,"href":"https:\/\/www.europesays.com\/fr\/wp-json\/wp\/v2\/users\/2"}],"replies":[{"embeddable":true,"href":"https:\/\/www.europesays.com\/fr\/wp-json\/wp\/v2\/comments?post=373796"}],"version-history":[{"count":0,"href":"https:\/\/www.europesays.com\/fr\/wp-json\/wp\/v2\/posts\/373796\/revisions"}],"wp:featuredmedia":[{"embeddable":true,"href":"https:\/\/www.europesays.com\/fr\/wp-json\/wp\/v2\/media\/373797"}],"wp:attachment":[{"href":"https:\/\/www.europesays.com\/fr\/wp-json\/wp\/v2\/media?parent=373796"}],"wp:term":[{"taxonomy":"category","embeddable":true,"href":"https:\/\/www.europesays.com\/fr\/wp-json\/wp\/v2\/categories?post=373796"},{"taxonomy":"post_tag","embeddable":true,"href":"https:\/\/www.europesays.com\/fr\/wp-json\/wp\/v2\/tags?post=373796"}],"curies":[{"name":"wp","href":"https:\/\/api.w.org\/{rel}","templated":true}]}}