{"id":373802,"date":"2025-09-07T21:07:10","date_gmt":"2025-09-07T21:07:10","guid":{"rendered":"https:\/\/www.europesays.com\/fr\/373802\/"},"modified":"2025-09-07T21:07:10","modified_gmt":"2025-09-07T21:07:10","slug":"lecurie-ktm-tech3-officiellement-vendue","status":"publish","type":"post","link":"https:\/\/www.europesays.com\/fr\/373802\/","title":{"rendered":"L&rsquo;\u00e9curie KTM Tech3 officiellement vendue!"},"content":{"rendered":"<p class=\"mb-4 text-lg md:leading-8 break-words\">L&rsquo;\u00e9curie fond\u00e9e par le fran\u00e7ais <strong>Herv\u00e9 Poncharal<\/strong> en <strong>1990<\/strong> conna\u00eetra une <strong>petite refonte<\/strong> en <strong>2026<\/strong>. En effet, <strong>d\u00e8s la saison prochaine<\/strong>, l&rsquo;actuel directeur de l&rsquo;\u00e9quipe <strong>Red Bull KTM Tech3<\/strong> deviendra simple <strong>consultant<\/strong>\u2026<\/p>\n<p>KTM Tech3: La suite de l&rsquo;\u00e9curie<\/p>\n<p class=\"mb-4 text-lg md:leading-8 break-words\"><strong>Herv\u00e9 Poncharal<\/strong>, bien que laissant son \u00e9curie aux mains de <strong>nouvelles personnes<\/strong>, restera aux c\u00f4t\u00e9s de <strong>Richard Coleman<\/strong>, le <strong>futur team principal<\/strong> de l&rsquo;\u00e9curie et de <strong>G\u00fcnther Steiner<\/strong>, <strong>futur PDG<\/strong>, afin de les <strong>guider<\/strong> dans cette <strong>transition<\/strong>. Ce consortium leur permet d&rsquo;acqu\u00e9rir l&rsquo;\u00e9quipe <strong>MotoGP<\/strong>, mais \u00e9galement celle de <strong>Moto3.<\/strong><\/p>\n<p class=\"mb-4 text-lg md:leading-8 break-words\">Vous avez s\u00fbrement <strong>reconnu<\/strong> le nom de <strong>Steiner<\/strong>. S&rsquo;il n&rsquo;est pas encore <strong>familier<\/strong> des paddocks MotoGP, il conna\u00eet <strong>parfaitement<\/strong> ceux de la <strong>Formule 1<\/strong>. En effet, l&rsquo;Italien <a href=\"https:\/\/www.sportauto.fr\/actu\/sport-actu\/formule-1\/f1-haas-guenther-steiner-2024-saison-408542.html\" rel=\"nofollow noopener\" target=\"_blank\" data-ylk=\"slk:a \u00e9t\u00e9 le Team Principal de l&#039;\u00e9curie am\u00e9ricaine Haas;elm:context_link;itc:0;sec:content-canvas\" class=\"link \">a \u00e9t\u00e9 le <strong>Team Principal<\/strong> de l&rsquo;\u00e9curie am\u00e9ricaine <strong>Haas<\/strong><\/a> pendant <strong>dix ans<\/strong>, entre 2014 et 2024. En plus de son pass\u00e9 en F1, Steiner a pass\u00e9 quelques ann\u00e9es \u00e0 travailler au sein d&rsquo;\u00e9quipes \u00e9voluant en <strong>rallye<\/strong>. Il conna\u00eet donc le milieu du <strong>sport automobile<\/strong> et <strong>a conscience<\/strong> du travail que cela demande, bien que la MotoGP soit un <strong>tout nouveau d\u00e9fi<\/strong>. Il en va de m\u00eame pour <strong>Richard Coleman<\/strong>, sp\u00e9cialiste du <strong>management sportif<\/strong>. Le Britannique a notamment un pass\u00e9 en <strong>Endurance<\/strong> et en <strong>Rallye<\/strong>, en plus d&rsquo;avoir eu un r\u00f4le de&#8230;<a href=\"https:\/\/www.sportauto.fr\/motogp\/motogp-lecurie-ktm-tech3-officiellement-vendue-438415.html\" rel=\"nofollow noopener\" target=\"_blank\" data-ylk=\"slk:Lire la suite sur Sport Auto;elm:context_link;itc:0;sec:content-canvas\" class=\"link \">Lire la suite sur Sport Auto<\/a><\/p>\n","protected":false},"excerpt":{"rendered":"L&rsquo;\u00e9curie fond\u00e9e par le fran\u00e7ais Herv\u00e9 Poncharal en 1990 conna\u00eetra une petite refonte en 2026. En effet, d\u00e8s&hellip;\n","protected":false},"author":2,"featured_media":373803,"comment_status":"","ping_status":"","sticky":false,"template":"","format":"standard","meta":{"footnotes":""},"categories":[1413],"tags":[1011,27,28524,50783,1457,1456,50781,60,32463,50782],"class_list":{"0":"post-373802","1":"post","2":"type-post","3":"status-publish","4":"format-standard","5":"has-post-thumbnail","7":"category-moto","8":"tag-fr","9":"tag-france","10":"tag-gunther-steiner","11":"tag-lecurie","12":"tag-moto","13":"tag-motocycle","14":"tag-richard-coleman","15":"tag-sports","16":"tag-steiner","17":"tag-team-principal"},"share_on_mastodon":{"url":"https:\/\/pubeurope.com\/@fr\/115165059060567800","error":""},"_links":{"self":[{"href":"https:\/\/www.europesays.com\/fr\/wp-json\/wp\/v2\/posts\/373802","targetHints":{"allow":["GET"]}}],"collection":[{"href":"https:\/\/www.europesays.com\/fr\/wp-json\/wp\/v2\/posts"}],"about":[{"href":"https:\/\/www.europesays.com\/fr\/wp-json\/wp\/v2\/types\/post"}],"author":[{"embeddable":true,"href":"https:\/\/www.europesays.com\/fr\/wp-json\/wp\/v2\/users\/2"}],"replies":[{"embeddable":true,"href":"https:\/\/www.europesays.com\/fr\/wp-json\/wp\/v2\/comments?post=373802"}],"version-history":[{"count":0,"href":"https:\/\/www.europesays.com\/fr\/wp-json\/wp\/v2\/posts\/373802\/revisions"}],"wp:featuredmedia":[{"embeddable":true,"href":"https:\/\/www.europesays.com\/fr\/wp-json\/wp\/v2\/media\/373803"}],"wp:attachment":[{"href":"https:\/\/www.europesays.com\/fr\/wp-json\/wp\/v2\/media?parent=373802"}],"wp:term":[{"taxonomy":"category","embeddable":true,"href":"https:\/\/www.europesays.com\/fr\/wp-json\/wp\/v2\/categories?post=373802"},{"taxonomy":"post_tag","embeddable":true,"href":"https:\/\/www.europesays.com\/fr\/wp-json\/wp\/v2\/tags?post=373802"}],"curies":[{"name":"wp","href":"https:\/\/api.w.org\/{rel}","templated":true}]}}