{"id":373808,"date":"2025-09-07T21:10:18","date_gmt":"2025-09-07T21:10:18","guid":{"rendered":"https:\/\/www.europesays.com\/fr\/373808\/"},"modified":"2025-09-07T21:10:18","modified_gmt":"2025-09-07T21:10:18","slug":"om-fc-lorient-balerdi-et-deux-titulaires-ecartes-par-de-zerbi","status":"publish","type":"post","link":"https:\/\/www.europesays.com\/fr\/373808\/","title":{"rendered":"OM\u00a0&#8211; FC Lorient : Balerdi et deux titulaires \u00e9cart\u00e9s par De Zerbi\u00a0?"},"content":{"rendered":"<p><strong>Roberto De Zerbi pourrait se passer de plusieurs titulaires \u00e0 l\u2019<a href=\"https:\/\/www.butfootballclub.fr\/617292-om-rc-lens-le-clan-labrune-contre-attaque-apres-les-accusations-de-mccourt-et-oughourlian\/\" rel=\"noopener\" target=\"_blank\">OM<\/a> pour le match d\u2019ouverture de la 4e journ\u00e9e de Ligue 1 face au FC Lorient\u00a0: Geronimo Rulli, Leonardo Balerdi et Timothy Weah.\u00a0<\/strong><\/p>\n<p>Le coup dur pour l\u2019<a href=\"https:\/\/www.butfootballclub.fr\/617321-om-mercato-retour-de-flamme-pour-ziyech-deux-departs-en-vue\/\" rel=\"noopener\" target=\"_blank\">OM<\/a> arrive dans un calendrier d\u00e9j\u00e0 exigeant. Selon Karim Attab, Geronimo Rulli et <a href=\"https:\/\/www.butfootballclub.fr\/617090-om-mercato-un-autre-cador-que-la-juve-a-tente-balerdi-son-depart-deja-programme\/\" rel=\"noopener\" target=\"_blank\">Leonardo Balerdi<\/a>, tous deux Argentins, ne devraient pas \u00eatre disponibles pour le d\u00e9placement contre le FC Lorient, vendredi 12 septembre \u00e0 l\u2019Orange V\u00e9lodrome (20h45). La raison : les deux joueurs ont \u00e9t\u00e9 retenus par Lionel Scaloni pour disputer les \u00e9liminatoires de la Coupe du Monde 2026 face \u00e0 l\u2019\u00c9quateur dans la nuit de mardi \u00e0 mercredi, \u00e0 des milliers de kilom\u00e8tres de Marseille.<\/p>\n<p>Le d\u00e9calage horaire est un facteur d\u00e9terminant. Avec un calendrier d\u00e9j\u00e0 charg\u00e9 pour l\u2019OM, qui se d\u00e9placera \u00e0 Madrid le 16 septembre en Ligue des champions puis recevra le PSG le 21 septembre pour le Classique, le staff de De Zerbi ne souhaiterait prendre aucun risque avec ses cadres. Pr\u00e9server Rulli et Balerdi semble donc la d\u00e9cision la plus sage pour \u00e9viter toute fatigue excessive ou blessure.<\/p>\n<p>Mais les absences ne s\u2019arr\u00eatent pas l\u00e0. Timothy Weah, bless\u00e9 la nuit derni\u00e8re lors de la d\u00e9faite des \u00c9tats-Unis contre la Cor\u00e9e du Sud (0-2) pourrait \u00eatre dans la m\u00eame situation que ses co\u00e9quipiers argentins. Une situation qui va obliger De Zerbi \u00e0 bricoler sa composition et \u00e0 faire tourner son effectif, offrant peut-\u00eatre l\u2019opportunit\u00e9 \u00e0 d\u2019autres joueurs de se montrer.<\/p>\n","protected":false},"excerpt":{"rendered":"Roberto De Zerbi pourrait se passer de plusieurs titulaires \u00e0 l\u2019OM pour le match d\u2019ouverture de la 4e&hellip;\n","protected":false},"author":2,"featured_media":373809,"comment_status":"","ping_status":"","sticky":false,"template":"","format":"standard","meta":{"footnotes":""},"categories":[1410],"tags":[11,448,63,1011,27,66,3388,12,60,10662],"class_list":{"0":"post-373808","1":"post","2":"type-post","3":"status-publish","4":"format-standard","5":"has-post-thumbnail","7":"category-football","8":"tag-actualites","9":"tag-champions-league","10":"tag-football","11":"tag-fr","12":"tag-france","13":"tag-ligue-1","14":"tag-matchs","15":"tag-news","16":"tag-sports","17":"tag-transferts"},"share_on_mastodon":{"url":"https:\/\/pubeurope.com\/@fr\/115165070913797288","error":""},"_links":{"self":[{"href":"https:\/\/www.europesays.com\/fr\/wp-json\/wp\/v2\/posts\/373808","targetHints":{"allow":["GET"]}}],"collection":[{"href":"https:\/\/www.europesays.com\/fr\/wp-json\/wp\/v2\/posts"}],"about":[{"href":"https:\/\/www.europesays.com\/fr\/wp-json\/wp\/v2\/types\/post"}],"author":[{"embeddable":true,"href":"https:\/\/www.europesays.com\/fr\/wp-json\/wp\/v2\/users\/2"}],"replies":[{"embeddable":true,"href":"https:\/\/www.europesays.com\/fr\/wp-json\/wp\/v2\/comments?post=373808"}],"version-history":[{"count":0,"href":"https:\/\/www.europesays.com\/fr\/wp-json\/wp\/v2\/posts\/373808\/revisions"}],"wp:featuredmedia":[{"embeddable":true,"href":"https:\/\/www.europesays.com\/fr\/wp-json\/wp\/v2\/media\/373809"}],"wp:attachment":[{"href":"https:\/\/www.europesays.com\/fr\/wp-json\/wp\/v2\/media?parent=373808"}],"wp:term":[{"taxonomy":"category","embeddable":true,"href":"https:\/\/www.europesays.com\/fr\/wp-json\/wp\/v2\/categories?post=373808"},{"taxonomy":"post_tag","embeddable":true,"href":"https:\/\/www.europesays.com\/fr\/wp-json\/wp\/v2\/tags?post=373808"}],"curies":[{"name":"wp","href":"https:\/\/api.w.org\/{rel}","templated":true}]}}