{"id":373810,"date":"2025-09-07T21:11:10","date_gmt":"2025-09-07T21:11:10","guid":{"rendered":"https:\/\/www.europesays.com\/fr\/373810\/"},"modified":"2025-09-07T21:11:10","modified_gmt":"2025-09-07T21:11:10","slug":"a-qui-giorgio-armani-va-t-il-leguer-sa-richesse-et-son-lucratif-empire","status":"publish","type":"post","link":"https:\/\/www.europesays.com\/fr\/373810\/","title":{"rendered":"\u00c0 qui Giorgio Armani va-t-il l\u00e9guer sa richesse et son lucratif empire ?"},"content":{"rendered":"<p class=\"intro\">C\u2019est une nouvelle qui bouscule l\u2019industrie de la mode mais \u00e9galement son clan. Giorgio Armani est d\u00e9c\u00e9d\u00e9 ce jeudi 4\u00a0septembre, laissant derri\u00e8re lui une immense richesse\u2026<br \/>&#13;\n<\/p>\n<p>\u00ab\u00a0Paisiblement et entour\u00e9 de ses proches\u00a0\u00bb, le styliste Italien <a href=\"https:\/\/www.parismatch.com\/vivre\/mode\/le-styliste-italien-giorgio-armani-est-mort-256556\" target=\"_blank\" rel=\"nofollow noopener\">Giorgio Armani s\u2019est \u00e9teint<\/a>, ce jeudi 4\u00a0septembre, \u00e0 l\u2019\u00e2ge de 91\u00a0ans. Dans le communiqu\u00e9 relay\u00e9 par sa maison de couture, on apprend que l\u2019artiste a \u00ab\u00a0travaill\u00e9 jusqu\u2019\u00e0 ses derniers jours, se consacrant \u00e0 l\u2019entreprise, aux collections et aux nombreux projets en cours et \u00e0 venir.\u00a0\u00bb<\/p>\n<p>En 1975, apr\u00e8s dix ann\u00e9es sous les ordres du cr\u00e9ateur Nino Cerruti, il a cofond\u00e9 la marque Armani<a href=\"https:\/\/www.parismatch.com\/People\/mort-de-giorgio-armani-quand-il-racontait-ses-amours-secretes-a-paris-match-256562\" target=\"_blank\" rel=\"nofollow noopener\"> avec son ami Sergio Galeotti<\/a>. Jusqu\u2019\u00e0 son d\u00e9c\u00e8s ce jeudi, il n\u2019a pas quitt\u00e9 la direction de la maison. \u00c0 l\u2019occasion de certaines interviews, <a href=\"https:\/\/www.parismatch.com\/bio\/giorgio-armani\" target=\"_blank\" rel=\"nofollow noopener\">Giorgio Armani<\/a> a confi\u00e9 ses craintes au sujet de la succession. En 2020, dans le quotidien italien \u00ab\u00a0Corriere della Sera\u00a0\u00bb il avait livr\u00e9 son souhait le plus cher\u00a0: \u00ab\u00a0Dispara\u00eetre sans nuire \u00e0 mon travail et \u00e0 ceux qui m\u2019ont aid\u00e9, \u00e0 la r\u00e9putation que j\u2019ai b\u00e2tie et \u00e0 ceux qui l\u2019ont cr\u00e9\u00e9e avec moi. C\u2019est tout.\u00a0\u00bb<\/p>\n<p>    La suite apr\u00e8s cette publicit\u00e9<\/p>\n<p>Armani reste en famille<\/p>\n<p>Seulement, Giorgio Armani n\u2019a pas eu d\u2019enfant et son entreprise a g\u00e9n\u00e9r\u00e9 2,3\u00a0milliards d\u2019euros de revenus en 2024 d\u2019apr\u00e8s \u00ab<a href=\"https:\/\/www.reuters.com\/business\/finance\/after-armani-what-becomes-fashion-empire-he-built-2025-09-05\/\" target=\"_blank\" rel=\"nofollow noopener\">\u00a0Reuters<\/a>\u00a0\u00bb. Bien au fait de ces consid\u00e9rations, le styliste avait pris ses dispositions pour \u00e9viter, une fois d\u00e9c\u00e9d\u00e9, de cr\u00e9er de la discorde dans son clan. Tr\u00e8s proche des enfants de son fr\u00e8re Sergio et de sa s\u0153ur Rosanna, il les a plac\u00e9s \u00e0 des postes tr\u00e8s importants au sein de sa soci\u00e9t\u00e9. Ses deux ni\u00e8ces Silvana et Roberta sont charg\u00e9es du vestiaire f\u00e9minin et des relations publiques, tandis que son neveu Andrea s\u2019occupe du\u00a0d\u00e9veloppement durable.<\/p>\n<p>    La suite apr\u00e8s cette publicit\u00e9<\/p>\n<p>En ao\u00fbt dernier, dans les colonnes du \u00ab\u00a0<a href=\"https:\/\/www.ft.com\/content\/c133673d-26c4-4e13-9c3a-bfa87879811f\" target=\"_blank\" rel=\"nofollow noopener\">Financial Times<\/a>\u00a0\u00bb, Giorgio avait expos\u00e9 clairement ses volont\u00e9s\u00a0: \u00ab\u00a0Mon plan de succession consiste \u00e0 transf\u00e9rer progressivement les responsabilit\u00e9s que j\u2019ai toujours assum\u00e9es \u00e0 mes proches, comme Leo Dell\u2019Orco [qui avait salu\u00e9 \u00e0 sa place lors de la Fashion Week de Milan en juin dernier], aux membres de ma famille et \u00e0 l\u2019ensemble de l\u2019\u00e9quipe de travail.\u00a0\u00bb<\/p>\n","protected":false},"excerpt":{"rendered":"C\u2019est une nouvelle qui bouscule l\u2019industrie de la mode mais \u00e9galement son clan. Giorgio Armani est d\u00e9c\u00e9d\u00e9 ce&hellip;\n","protected":false},"author":2,"featured_media":373811,"comment_status":"","ping_status":"","sticky":false,"template":"","format":"standard","meta":{"footnotes":""},"categories":[1359],"tags":[58,59,1011,27,973],"class_list":{"0":"post-373810","1":"post","2":"type-post","3":"status-publish","4":"format-standard","5":"has-post-thumbnail","7":"category-people","8":"tag-divertissement","9":"tag-entertainment","10":"tag-fr","11":"tag-france","12":"tag-people"},"share_on_mastodon":{"url":"https:\/\/pubeurope.com\/@fr\/115165074830455893","error":""},"_links":{"self":[{"href":"https:\/\/www.europesays.com\/fr\/wp-json\/wp\/v2\/posts\/373810","targetHints":{"allow":["GET"]}}],"collection":[{"href":"https:\/\/www.europesays.com\/fr\/wp-json\/wp\/v2\/posts"}],"about":[{"href":"https:\/\/www.europesays.com\/fr\/wp-json\/wp\/v2\/types\/post"}],"author":[{"embeddable":true,"href":"https:\/\/www.europesays.com\/fr\/wp-json\/wp\/v2\/users\/2"}],"replies":[{"embeddable":true,"href":"https:\/\/www.europesays.com\/fr\/wp-json\/wp\/v2\/comments?post=373810"}],"version-history":[{"count":0,"href":"https:\/\/www.europesays.com\/fr\/wp-json\/wp\/v2\/posts\/373810\/revisions"}],"wp:featuredmedia":[{"embeddable":true,"href":"https:\/\/www.europesays.com\/fr\/wp-json\/wp\/v2\/media\/373811"}],"wp:attachment":[{"href":"https:\/\/www.europesays.com\/fr\/wp-json\/wp\/v2\/media?parent=373810"}],"wp:term":[{"taxonomy":"category","embeddable":true,"href":"https:\/\/www.europesays.com\/fr\/wp-json\/wp\/v2\/categories?post=373810"},{"taxonomy":"post_tag","embeddable":true,"href":"https:\/\/www.europesays.com\/fr\/wp-json\/wp\/v2\/tags?post=373810"}],"curies":[{"name":"wp","href":"https:\/\/api.w.org\/{rel}","templated":true}]}}