{"id":373812,"date":"2025-09-07T21:12:09","date_gmt":"2025-09-07T21:12:09","guid":{"rendered":"https:\/\/www.europesays.com\/fr\/373812\/"},"modified":"2025-09-07T21:12:09","modified_gmt":"2025-09-07T21:12:09","slug":"sur-les-planches-de-deauville-michelle-offre-une-toile-a-pamela-anderson-elle-est-impressionnante","status":"publish","type":"post","link":"https:\/\/www.europesays.com\/fr\/373812\/","title":{"rendered":"Sur les planches de Deauville, Michelle offre une toile \u00e0 Pamela Anderson : \u00ab\u00a0Elle est impressionnante\u00a0\u00bb"},"content":{"rendered":"<p>            Par<br \/>\n        <strong><br \/>\n            <a href=\"https:\/\/actu.fr\/auteur\/marie-madeleine-remoleur\" title=\"Consulter tous les articles de Marie-Madeleine Remoleur\" rel=\"nofollow noopener\" target=\"_blank\">Marie-Madeleine Remoleur<\/a><br \/>\n        <\/strong><\/p>\n<p>        Publi\u00e9 le<\/p>\n<p>            7 sept. 2025 \u00e0 17h10        <\/p>\n<p>Alors qu\u2019<a href=\"https:\/\/actu.fr\/normandie\/deauville_14220\/video-pamela-anderson-inaugure-sa-cabine-sur-les-planches-de-deauville_63125330.html\" rel=\"nofollow noopener\" target=\"_blank\">elle inaugurait sa cabine sur les planches de Deauville<\/a>, <b>Pamela Anderson<\/b> a re\u00e7u un tableau des mains d\u2019une fan, entour\u00e9e de chasseurs d\u2019autographes. \u00ab <b>J\u2019ai encore du mal \u00e0 y croire, elle l\u2019a pris, l\u2019a regard\u00e9, a souri<\/b>, s\u2019\u00e9merveille encore <a href=\"https:\/\/www.facebook.com\/michelle.boesnach\/\" rel=\"nofollow noopener\" target=\"_blank\">Michelle Boesnach<\/a>, l\u2019artiste qui l\u2019a peinte. Elle est impressionnante \u00bb.<\/p>\n<p>\u00ab\u00a0C\u2019est une femme ind\u00e9pendante\u00a0\u00bb<\/p>\n<p class=\" wall-content\">Originaire de <b>Gournay-en-Bray<\/b>, en Seine-Maritime, mais aussi r\u00e9sidente \u00e0 <b>Villers-sur-Mer<\/b>, Michelle est commer\u00e7ante la semaine, et peintre le reste de son temps libre. \u00ab Je savais que je venais l\u00e0 ce week-end, j\u2019ai regard\u00e9 le programme du festival de Deauville, raconte-t-elle. Jeudi soir, j\u2019allume mon t\u00e9l\u00e9phone et je vois que Pamela Anderson vient inaugurer sa cabine \u00bb.\u00a0<\/p>\n<p class=\" wall-content\">Si la commer\u00e7ante travaillait jusqu\u2019\u00e0 vendredi soir, elle n\u2019avait qu\u2019une envie :<b> r\u00e9aliser une toile pour l\u2019actrice<\/b>. \u00ab Je ne dis pas qu\u2019elle est parfaite, mais c\u2019est ma mani\u00e8re de lui rendre hommage \u00bb, sourit-telle, expliquant : \u00ab<b> J\u2019adore vraiment Pamela Anderson, elle est en train de faire un sacr\u00e9 retour<\/b>. Elle assume, elle est magnifique, elle nous d\u00e9complexe. C\u2019est une femme ind\u00e9pendante, elle a eu un sacr\u00e9 parcours qui explique la femme qu\u2019elle est devenue \u00bb.<\/p>\n<p>    <a href=\"https:\/\/www.facebook.com\/plugins\/post.php?href=https%3A%2F%2Fwww.facebook.com%2Fmichelle.boesnach%2Fposts%2Fpfbid08q4u8kdhw19MEUxRTqpnMDFq6yZtd4NQLdreiWhMxNDkyPBX7HmaEqpVt8wm44Val&amp;show_text=true&amp;width=350\" title=\"Ouvrie le lien\" rel=\"nofollow noopener\" target=\"_blank\">Cliquez ici pour visualiser le contenu<\/a><\/p>\n<p>Vid\u00e9os : en ce moment sur ActuBient\u00f4t m\u00e9daill\u00e9e<\/p>\n<p class=\" wall-content\">Pour l\u2019artiste, \u00e7a n\u2019est pas une premi\u00e8re. \u00ab J\u2019ai d\u00e9j\u00e0 donn\u00e9 une toile \u00e0 Nicola Sirkis d\u2019Indochine, \u00e0 Michel Polnareff, \u00e0 Mika\u2026 \u00bb, raconte celle qui sera bient\u00f4t<b> m\u00e9daill\u00e9e de bronze par l\u2019Acad\u00e9mie Arts-Sciences-Lettres de Paris<\/b>. \u00ab Je suis la premi\u00e8re \u00e9tonn\u00e9e ! Je ne me prends pas la t\u00eate, je peins quand je ressens de l\u2019\u00e9motion \u00bb, ajoute avec une simplicit\u00e9 d\u00e9sarmante la Normande, avant de rejoindre sa voiture pour y dessiner un croquis de <a href=\"https:\/\/actu.fr\/normandie\/deauville_14220\/en-images-kim-novak-a-deauville-licone-de-hollywood-ovationnee-pour-ses-92-ans_63126121.html\" rel=\"nofollow noopener\" target=\"_blank\">Kim Novak<\/a>, autre grande invit\u00e9e du week-end \u00e0 Deauville.\u00a0<\/p>\n<p class=\" wall-content\">Personnalisez votre actualit\u00e9 en ajoutant vos villes et m\u00e9dias en favori avec <a href=\"https:\/\/moncompte.actu.fr\" title=\"D\u00e9couvez Mon Actu\" rel=\"nofollow noopener\" data-trk=\"{&quot;cta&quot;:{&quot;action&quot;:&quot;https:\\\/\\\/moncompte.actu.fr&quot;,&quot;category&quot;:&quot;mon compte&quot;,&quot;from&quot;:&quot;article footer&quot;,&quot;name&quot;:&quot;Mon actu&quot;,&quot;type&quot;:&quot;cta&quot;}}\" target=\"_blank\">Mon Actu<\/a>.<\/p>\n","protected":false},"excerpt":{"rendered":"Par Marie-Madeleine Remoleur Publi\u00e9 le 7 sept. 2025 \u00e0 17h10 Alors qu\u2019elle inaugurait sa cabine sur les planches&hellip;\n","protected":false},"author":2,"featured_media":373813,"comment_status":"","ping_status":"","sticky":false,"template":"","format":"standard","meta":{"footnotes":""},"categories":[1358],"tags":[1348,1384,1385,1386,58,59,1011,27,1652],"class_list":{"0":"post-373812","1":"post","2":"type-post","3":"status-publish","4":"format-standard","5":"has-post-thumbnail","7":"category-arts-et-design","8":"tag-arts","9":"tag-arts-and-design","10":"tag-arts-et-design","11":"tag-design","12":"tag-divertissement","13":"tag-entertainment","14":"tag-fr","15":"tag-france","16":"tag-loisirs-culture"},"share_on_mastodon":{"url":"https:\/\/pubeurope.com\/@fr\/115165078694545946","error":""},"_links":{"self":[{"href":"https:\/\/www.europesays.com\/fr\/wp-json\/wp\/v2\/posts\/373812","targetHints":{"allow":["GET"]}}],"collection":[{"href":"https:\/\/www.europesays.com\/fr\/wp-json\/wp\/v2\/posts"}],"about":[{"href":"https:\/\/www.europesays.com\/fr\/wp-json\/wp\/v2\/types\/post"}],"author":[{"embeddable":true,"href":"https:\/\/www.europesays.com\/fr\/wp-json\/wp\/v2\/users\/2"}],"replies":[{"embeddable":true,"href":"https:\/\/www.europesays.com\/fr\/wp-json\/wp\/v2\/comments?post=373812"}],"version-history":[{"count":0,"href":"https:\/\/www.europesays.com\/fr\/wp-json\/wp\/v2\/posts\/373812\/revisions"}],"wp:featuredmedia":[{"embeddable":true,"href":"https:\/\/www.europesays.com\/fr\/wp-json\/wp\/v2\/media\/373813"}],"wp:attachment":[{"href":"https:\/\/www.europesays.com\/fr\/wp-json\/wp\/v2\/media?parent=373812"}],"wp:term":[{"taxonomy":"category","embeddable":true,"href":"https:\/\/www.europesays.com\/fr\/wp-json\/wp\/v2\/categories?post=373812"},{"taxonomy":"post_tag","embeddable":true,"href":"https:\/\/www.europesays.com\/fr\/wp-json\/wp\/v2\/tags?post=373812"}],"curies":[{"name":"wp","href":"https:\/\/api.w.org\/{rel}","templated":true}]}}