{"id":373816,"date":"2025-09-07T21:14:11","date_gmt":"2025-09-07T21:14:11","guid":{"rendered":"https:\/\/www.europesays.com\/fr\/373816\/"},"modified":"2025-09-07T21:14:11","modified_gmt":"2025-09-07T21:14:11","slug":"comment-matthieu-delormeau-a-plante-tbt9-juste-apres-son-comeback","status":"publish","type":"post","link":"https:\/\/www.europesays.com\/fr\/373816\/","title":{"rendered":"comment Matthieu Delormeau a plant\u00e9 TBT9\u00a0juste apr\u00e8s son comeback"},"content":{"rendered":"<p class=\"app_entry_lead\">\n<p>                    <a title=\"\u00a0\u00a9\u00a0SIPA (publi\u00e9e le 05\/09\/2025)\" href=\"https:\/\/www.europesays.com\/fr\/wp-content\/uploads\/2025\/09\/79834739.jpg\" class=\"fancy\"><\/p>\n<p>                            <img loading=\"lazy\" decoding=\"async\" src=\"https:\/\/www.europesays.com\/fr\/wp-content\/uploads\/2025\/09\/79834739.jpg\" alt=\"&quot;Il ne se sent pas de venir&quot;\u00a0: comment Matthieu Delormeau a plant\u00e9 TBT9\u00a0juste apr\u00e8s son comeback\" width=\"1500\" height=\"1000\"\/><\/p>\n<p>                    <\/a><\/p>\n<p>                Apr\u00e8s une apparition tr\u00e8s remarqu\u00e9e lundi soir dans la nouvelle \u00e9mission de Cyril Hanouna sur W9, Matthieu Delormeau \u00e9tait le grand absent du deuxi\u00e8me num\u00e9ro.<\/p>\n<p>Le grand retour de Cyril Hanouna sur W9\u00a0cette semaine avec son talk-show Tout beau, tout n9uf\u00a0(TBT9) aura \u00e9t\u00e9 riche en rebondissements. D\u00e8s le premier num\u00e9ro lundi, l&rsquo;animateur-producteur a frapp\u00e9 fort en invitant sur son plateau Matthieu Delormeau. L&rsquo;ancien chroniqueur de Touche pas \u00e0 mon poste\u00a0avait disparu des \u00e9crans depuis plusieurs ann\u00e9es, en proie \u00e0 de graves probl\u00e8mes de drogue qui l&rsquo;ont conduit \u00e0 \u00eatre interpell\u00e9 \u00e0 deux reprises par la police en 2024\u00a0et 2025\u00a0lors de transactions de coca\u00efne.<\/p>\n<p>Visiblement \u00e9mu, Matthieu Delormeau est venu parler en toute fin d&rsquo;\u00e9mission \u00e0 c\u0153ur ouvert de son addiction et de sa volont\u00e9 de faire de la pr\u00e9vention aupr\u00e8s des jeunes. S\u00e9duit, Cyril Hanouna lui a alors propos\u00e9 en direct de rejoindre l&rsquo;\u00e9quipe de chroniqueurs de TBT9, avant d&rsquo;exp\u00e9dier le pauvre Delormeau faute de temps.\u00a0Pourtant mardi soir, coup de th\u00e9\u00e2tre\u00a0: pas de Matthieu Delormeau sur le plateau. Cyril Hanouna a attendu la fin de l&rsquo;\u00e9mission pour donner une explication, en d\u00e9clarant face cam\u00e9ra\u00a0: \u00ab\u00a0Il ne se sent pas de venir ce soir. C&rsquo;est tr\u00e8s compliqu\u00e9 pour lui. On l&rsquo;aime\u00a0\u00bb.<\/p>\n<p><img decoding=\"async\" alt=\"\" src=\"https:\/\/www.europesays.com\/fr\/wp-content\/uploads\/2025\/09\/79834819.jpg\"\/><br \/>\nIl devait y avoir du beau monde dans TBT9 mardi, mais&#8230; \u00a9\u00a0Capture X<\/p>\n<p>Hanouna va de nouveau promettre le retour de son ancien chroniqueur banni puis absous. \u00ab\u00a0Il viendra demain. Il a tr\u00e8s envie de vous parler, de revenir \u00e0 la t\u00e9l\u00e9vision et de rigoler avec nous\u00a0\u00bb, a assur\u00e9 l&rsquo;animateur. De son c\u00f4t\u00e9, l&rsquo;ancien pr\u00e9sentateur du Mag\u00a0sur NRJ12\u00a0a publi\u00e9 un message\u00a0un peu d\u00e9cousu sur les r\u00e9seaux sociaux\u00a0: \u00ab\u00a0Je vais tr\u00e8s bien et je r\u00eave d&rsquo;aller en plateau, mais Mon interview face \u00e0\u00a0@Cyrilhanouna\u00a0et, faites moi confiance, je dirais TOUT aura lieu demain. Pardon, on l&rsquo;a annonc\u00e9 2\u00a0fois de suite dans #TBT9\u00a0s\u00fbr\u00a0@W9\u00a0\u00a0mais \u00e9tant donn\u00e9 le carton de l&rsquo;\u00e9mission, le conducteur s&rsquo;ajuste chaque jour\u00a0\u00bb.<\/p>\n<p>Et Matthieu Delormeau d&rsquo;ajouter\u00a0\u00ab\u00a0j&rsquo;ai h\u00e2te ensuite de r\u00e9int\u00e9grer l&rsquo;\u00e9mission . Mais je vous dois la v\u00e9rit\u00e9 avant. J&rsquo;esp\u00e8re tellement que \u00e7a servira \u00e0 d&rsquo;autres. Je vous embrasse\u00a0\u00bb, avant un hashtag humoristique\u00a0\u00a0#Tellementhatederefairechierbenaim. Sur son compte X, il \u00e9crira aussi\u00a0: \u00ab\u00a0Je r\u00e9pondrai \u00e0 toutes les questions demain. Si je peux convaincre, UN adolescent de ne jamais toucher \u00e0 la drogue. Ce sera d\u00e9j\u00e0 une victoire. C&rsquo;est surtout \u00e0 leur m\u00e8re que j&rsquo;aimerais m&rsquo;adresser. On se retrouve demain\u00a0\u00bb.<\/p>\n<p>Matthieu Delormeau a donc finalement fait son retour sur TBT9\u00a0mercredi pour <a href=\"https:\/\/x.com\/TBT9_W9\/status\/1963680935125410012\" target=\"_blank\" rel=\"nofollow\">un entretien \u00e0 c\u0153ur ouvert<\/a>, parfois au bord des larmes. Il est revenu en d\u00e9tails sur son addiction \u00e0 la coca\u00efne qui l&rsquo;a men\u00e9 \u00e0 la d\u00e9pression et l&rsquo;a pouss\u00e9 \u00e0 perdre pied professionnellement, allant jusqu&rsquo;\u00e0 150\u00a0000\u00a0euros de pertes financi\u00e8res.<\/p>\n<p>\u00ab\u00a0Je me drogue plus, je fais du sport une heure par jour\u00a0\u00bb, a-t-il assur\u00e9, tout en reconnaissant qu&rsquo;il a \u00ab\u00a0beaucoup progress\u00e9 sur le mental\u00a0\u00bb pour faire face aux critiques sur son apparence physique. Il a aussi racont\u00e9 l&rsquo;enfer de son s\u00e9jour de quatre semaines dans une clinique de d\u00e9sintoxication \u00ab\u00a0qui ressemblait \u00e0 une prison\u00a0\u00bb.<\/p>\n","protected":false},"excerpt":{"rendered":"Apr\u00e8s une apparition tr\u00e8s remarqu\u00e9e lundi soir dans la nouvelle \u00e9mission de Cyril Hanouna sur W9, Matthieu Delormeau&hellip;\n","protected":false},"author":2,"featured_media":373817,"comment_status":"","ping_status":"","sticky":false,"template":"","format":"standard","meta":{"footnotes":""},"categories":[1356],"tags":[58,59,1011,27,252,1364],"class_list":{"0":"post-373816","1":"post","2":"type-post","3":"status-publish","4":"format-standard","5":"has-post-thumbnail","7":"category-television","8":"tag-divertissement","9":"tag-entertainment","10":"tag-fr","11":"tag-france","12":"tag-television","13":"tag-tv"},"share_on_mastodon":{"url":"https:\/\/pubeurope.com\/@fr\/115165086681575232","error":""},"_links":{"self":[{"href":"https:\/\/www.europesays.com\/fr\/wp-json\/wp\/v2\/posts\/373816","targetHints":{"allow":["GET"]}}],"collection":[{"href":"https:\/\/www.europesays.com\/fr\/wp-json\/wp\/v2\/posts"}],"about":[{"href":"https:\/\/www.europesays.com\/fr\/wp-json\/wp\/v2\/types\/post"}],"author":[{"embeddable":true,"href":"https:\/\/www.europesays.com\/fr\/wp-json\/wp\/v2\/users\/2"}],"replies":[{"embeddable":true,"href":"https:\/\/www.europesays.com\/fr\/wp-json\/wp\/v2\/comments?post=373816"}],"version-history":[{"count":0,"href":"https:\/\/www.europesays.com\/fr\/wp-json\/wp\/v2\/posts\/373816\/revisions"}],"wp:featuredmedia":[{"embeddable":true,"href":"https:\/\/www.europesays.com\/fr\/wp-json\/wp\/v2\/media\/373817"}],"wp:attachment":[{"href":"https:\/\/www.europesays.com\/fr\/wp-json\/wp\/v2\/media?parent=373816"}],"wp:term":[{"taxonomy":"category","embeddable":true,"href":"https:\/\/www.europesays.com\/fr\/wp-json\/wp\/v2\/categories?post=373816"},{"taxonomy":"post_tag","embeddable":true,"href":"https:\/\/www.europesays.com\/fr\/wp-json\/wp\/v2\/tags?post=373816"}],"curies":[{"name":"wp","href":"https:\/\/api.w.org\/{rel}","templated":true}]}}