{"id":373818,"date":"2025-09-07T21:15:13","date_gmt":"2025-09-07T21:15:13","guid":{"rendered":"https:\/\/www.europesays.com\/fr\/373818\/"},"modified":"2025-09-07T21:15:13","modified_gmt":"2025-09-07T21:15:13","slug":"le-golden-coast-festival-nouvel-eldorado-du-rap-francais","status":"publish","type":"post","link":"https:\/\/www.europesays.com\/fr\/373818\/","title":{"rendered":"Le Golden Coast Festival, nouvel eldorado du rap fran\u00e7ais"},"content":{"rendered":"<p><strong>NOUS Y \u00c9TIONS\u00a0&#8211;<\/strong>\u00a0La deuxi\u00e8me \u00e9dition du rendez-vous 100% d\u00e9di\u00e9 \u00e0 la musique urbaine a ouvert ses portes vendredi \u00e0 Dijon. 75.000 festivaliers \u00e9taient attendus sur l\u2019ensemble du week-end dans une ambiance familiale, populaire et festive.<\/p>\n<p class=\"fig-paragraph\">C\u2019est le nouveau rendez-vous incontournable des fans de hip-hop. Un \u00e9v\u00e9nement qui, en seulement deux \u00e9ditions, a d\u00e9j\u00e0 rassembl\u00e9 plus de 125.000 personnes. Avec\u00a0<a href=\"http:\/\/www.lefigaro.fr\/musique\/ninho-niska-gazo-werenoi-le-festival-golden-coast-devoile-la-programmation-de-sa-seconde-edition-20241225\" data-fig-type=\"NewsFlash\" data-gtm-custom-categorie=\"navigation\" data-gtm-custom-action=\"crossclick\" data-gtm-custom-label=\"Contextuel\" data-gtm-event=\"customEventSPE\" data-fig-domain=\"LEFIGARO\" target=\"_blank\" rel=\"noopener\">le Golden Coast Festival<\/a>, le rap\u00a0&#8211;\u00a0genre le plus \u00e9cout\u00e9 dans l\u2019hexagone\u00a0&#8211;\u00a0se sent enfin repr\u00e9sent\u00e9 dans le paysage musical fran\u00e7ais. Il suit les pas du\u00a0<a href=\"http:\/\/www.lefigaro.fr\/musique\/hellfest-2025-une-edition-reussie-sous-une-chaleur-record-20250626\" data-fig-type=\"Article\" data-gtm-custom-categorie=\"navigation\" data-gtm-custom-action=\"crossclick\" data-gtm-custom-label=\"Contextuel\" data-gtm-event=\"customEventSPE\" data-fig-domain=\"LEFIGARO\" target=\"_blank\" rel=\"noopener\">Hellfest<\/a>, des\u00a0<a href=\"http:\/\/www.lefigaro.fr\/lyon\/lyon-le-dj-laurent-garnier-annule-sa-venue-aux-nuits-sonores-20230417\" data-fig-type=\"NewsFlash\" data-gtm-custom-categorie=\"navigation\" data-gtm-custom-action=\"crossclick\" data-gtm-custom-label=\"Contextuel\" data-gtm-event=\"customEventSPE\" data-fig-domain=\"LEFIGARO\" target=\"_blank\" rel=\"noopener\">Nuits Sonores<\/a>, ou encore de\u00a0<a href=\"http:\/\/www.lefigaro.fr\/musique\/kneecap-le-trio-de-rappeurs-accuse-de-soutien-au-hamas-et-au-hezbollah-ovationne-a-rock-en-seine-20250824\" data-fig-type=\"NewsFlash\" data-gtm-custom-categorie=\"navigation\" data-gtm-custom-action=\"crossclick\" data-gtm-custom-label=\"Contextuel\" data-gtm-event=\"customEventSPE\" data-fig-domain=\"LEFIGARO\" target=\"_blank\" rel=\"noopener\">Rock en Seine<\/a>, festivals d\u00e9di\u00e9s \u00e0 un genre musical en particulier (m\u00e9tal, \u00e9lectro, rock). Ce week-end, la commune de Dijon (Bourgogne) a vibr\u00e9 au rythme du hip-hop et des performances de Gims, Gazo, SCH ou IAM, entre autres. Une riche programmation, avec quelques-unes des plus grosses t\u00eates d\u2019affiche de la \u00absc\u00e8ne urbaine\u00bb actuelle. \u00abC\u2019est devenu un passage obligatoire pour les rappeurs, commente Vivien Becle, cofondateur du festival aux c\u00f4t\u00e9s de Christian Allex. Ils nous font confiance et \u00e7a porte ses fruits.\u00bb\u00a0<\/p>\n<p class=\"fig-paragraph\">Lanc\u00e9 en 2024, le Golden Coast est aujourd\u2019hui l\u2019un des rendez-vous musicaux les plus populaires de France. Il vient clore la saison des festivals. Vendredi, en milieu d\u2019apr\u00e8s-midi, la deuxi\u00e8me \u00e9dition a \u00e9t\u00e9 inaugur\u00e9e par le groupe Triangle des Bermudes,\u00a0<a href=\"http:\/\/www.lefigaro.fr\/musique\/charger-soleil-bleu-parisienne-qui-a-gagne-le-titre-du-tube-de-l-ete-2025-20250820\" data-fig-type=\"Article\" data-gtm-custom-categorie=\"navigation\" data-gtm-custom-action=\"crossclick\" data-gtm-custom-label=\"Contextuel\" data-gtm-event=\"customEventSPE\" data-fig-domain=\"LEFIGARO\" target=\"_blank\" rel=\"noopener\">auteur du single Charger<\/a>, entendu tout l\u2019\u00e9t\u00e9 dans les bo\u00eetes de nuit, concerts et sur les r\u00e9seaux sociaux. Un pari gagn\u00e9 pour les programmateurs, qui ne tablaient probablement pas sur le succ\u00e8s actuel du trio au moment de les annoncer sur la deuxi\u00e8me plus grande sc\u00e8ne du festival. Le public a r\u00e9pondu pr\u00e9sent, un vendredi, \u00e0 17 heures. Il partage une passion commune pour le hip-hop. \u00abLe rap a une cinquantaine d\u2019ann\u00e9es, rappelle Vivien Becle. Tu peux l\u2019aimer \u00e0 45 ans et vivre l\u2019exp\u00e9rience avec des gens plus jeunes. Le choc des g\u00e9n\u00e9rations existe et c\u2019est g\u00e9nial.\u00bb<\/p>\n<p>    Les festivaliers assistent au concert de Ril\u00e8s le samedi 6 septembre au Golden Coast Festival.<br \/>\n                Julie Bertat<\/p>\n<p>                                    <a class=\"fig-a11y-skip a11y-hidden\" href=\"#fig-a11y-skip-main-inarticle\"><br \/>\n        Passer la publicit\u00e9<br \/>\n    <\/a><\/p>\n<p>M\u00e9lange de g\u00e9n\u00e9rations<\/p>\n<p class=\"fig-paragraph\">L\u2019an pass\u00e9, le Golden Coast affichait une moyenne d\u2019\u00e2ge de 24 ans, soit bien plus que ce que \u00abtout le monde pouvait imaginer\u00bb, remarque son cofondateur. C\u2019est un \u00e9v\u00e9nement rassembleur. Il accueille sur sc\u00e8ne des rappeurs issus de toutes les g\u00e9n\u00e9rations depuis les ann\u00e9es 1990, p\u00e9riode d\u2019\u00e9mergence du rap en France. Vendredi soir, la sc\u00e8ne principale est pass\u00e9e du show de\u00a0<a href=\"http:\/\/www.lefigaro.fr\/musique\/sch-signe-le-meilleur-demarrage-rap-de-l-annee-avec-son-nouvel-album-jvlius-iii-ad-finem-20241216\" data-fig-type=\"Article\" data-gtm-custom-categorie=\"navigation\" data-gtm-custom-action=\"crossclick\" data-gtm-custom-label=\"Contextuel\" data-gtm-event=\"customEventSPE\" data-fig-domain=\"LEFIGARO\" target=\"_blank\" rel=\"noopener\">SCH<\/a>, artiste marseillais propuls\u00e9 en 2015 avec son album A7 (certifi\u00e9 disque de diamant par la Snep), \u00e0 celui d\u2019<a href=\"http:\/\/www.lefigaro.fr\/musique\/iam-a-la-conquete-du-velodrome-en-2025-dans-un-esprit-de-fete-et-de-communion-20240422\" data-fig-type=\"NewsFlash\" data-gtm-custom-categorie=\"navigation\" data-gtm-custom-action=\"crossclick\" data-gtm-custom-label=\"Contextuel\" data-gtm-event=\"customEventSPE\" data-fig-domain=\"LEFIGARO\" target=\"_blank\" rel=\"noopener\">IAM<\/a>, groupe \u00e9galement originaire de la cit\u00e9 phoc\u00e9enne et consid\u00e9r\u00e9 \u00e0 ce jour comme l\u2019un des \u00abp\u00e8res fondateurs\u00bb du hip-hop en France. La foule \u00e9tait alors principalement compos\u00e9e de parents, venus accompagn\u00e9s de leurs fils ou leurs filles. Les quatre artistes, eux, dont l\u2019\u00e2ge d\u00e9passe pour chacun la cinquantaine, d\u00e9bordent toujours d\u2019autant d\u2019\u00e9nergie sur sc\u00e8ne. Ils d\u00e9ballent leur texte sans le moindre b\u00e9gaiement. Ils \u00abdansent le Mia\u00bb, ce titre culte des ann\u00e9es 1990. Ils d\u00e9barquent aussi avec des sabres lasers rouges, arme factice symbolisant le c\u00f4t\u00e9 obscur de la force et de Dark Vador dans la\u00a0<a href=\"http:\/\/www.lefigaro.fr\/cinema\/dossier\/star-wars-8-les-derniers-jedi\" data-fig-type=\"Topic\" data-gtm-custom-categorie=\"navigation\" data-gtm-custom-action=\"crossclick\" data-gtm-custom-label=\"Contextuel\" data-gtm-event=\"customEventSPE\" data-fig-domain=\"LEFIGARO\" target=\"_blank\" rel=\"noopener\">saga Star Wars<\/a> . Les plus anciens connaissent les paroles par c\u0153ur. Les plus jeunes les apprennent.<\/p>\n<blockquote class=\"fig-quote&#10;    \">\n<p class=\"fig-quote__text\">Jamais je n\u2019aurais pens\u00e9 qu\u2019un rappeur remplirait des stades ou des sc\u00e8nes comme celles-ci<\/p>\n<p>            Oxmo Puccino\n    <\/p><\/blockquote>\n<p class=\"fig-paragraph\">\u00abCe qui est bien avec le rap, c\u2019est qu\u2019il y en a pour tout le monde, se f\u00e9licite\u00a0<a href=\"https:\/\/www.lefigaro.fr\/sports\/football\/euro-2016\/fil-info\/oxmo-puccino-on-oublie-que-ce-ne-sont-que-des-sportifs-pas-des-politiciens-810663\" data-fig-type=\"NewsFlash\" data-gtm-custom-categorie=\"navigation\" data-gtm-custom-action=\"crossclick\" data-gtm-custom-label=\"Contextuel\" data-gtm-event=\"customEventSPE\" data-fig-domain=\"LEFIGARO\" target=\"_blank\" rel=\"noopener\">Oxmo Puccino<\/a>, figure majeure du hip-hop fran\u00e7ais depuis 1998. C\u2019est pour tous les \u00e2ges, pour les filles comme les gar\u00e7ons. Les gens peuvent venir en famille.\u00bb C\u2019est le cas d\u2019Anne-Laure, 45 ans, venue avec sa fille Eva, qui a r\u00e9cemment souffl\u00e9 sa 18e bougie. \u00abC\u2019est son cadeau d\u2019anniversaire, explique la Bourguignonne. Je ne suis pas une grande fan de rap, mais j\u2019avoue qu\u2019il y a une bonne ambiance. Le cadre et tr\u00e8s sympathique et les artistes sont talentueux.\u00bb Oxmo Puccino, qui se pr\u00e9sente comme le \u00abtonton\u00bb de l\u2019industrie, n\u2019imaginait pas un tel succ\u00e8s lorsqu\u2019il s\u2019est lanc\u00e9 il y a plus de 25 ans\u00a0:\u00a0\u00abJamais je n\u2019aurais pens\u00e9 qu\u2019un rappeur remplirait des stades ou des sc\u00e8nes comme celles-ci. C\u2019\u00e9tait promis qu\u2019\u00e0 deux ou trois artistes \u00e0 l\u2019\u00e9poque. Maintenant, ils sont des dizaines \u00e0 le faire. C\u2019est un r\u00eave, mais pas une victoire. C\u2019est plut\u00f4t une suite logique, car je n\u2019ai jamais dout\u00e9 de la musicalit\u00e9 du rap.\u00bb Et Vivien Becle d\u2019ajouter \u00e0 ce sujet\u00a0:\u00a0\u00abCette culture a tellement \u00e9t\u00e9 critiqu\u00e9e. Elle existe depuis des d\u00e9cennies et elle vivra encore cent ans.\u00bb\u00a0<\/p>\n<p>De l\u00e9gers d\u00e9bordements<\/p>\n<p class=\"fig-paragraph\">Parmi les concerts les plus attendus de ces trois jours de festival figurait notamment celui de\u00a0<a href=\"http:\/\/www.lefigaro.fr\/musique\/gims-en-passe-de-battre-un-record-de-johnny-hallyday-20250820\" data-fig-type=\"NewsFlash\" data-gtm-custom-categorie=\"navigation\" data-gtm-custom-action=\"crossclick\" data-gtm-custom-label=\"Contextuel\" data-gtm-event=\"customEventSPE\" data-fig-domain=\"LEFIGARO\" target=\"_blank\" rel=\"noopener\">Gims<\/a>, l\u2019ancien ma\u00eetre de \u00abSexion d\u2019Assaut\u00bb au d\u00e9but des ann\u00e9es 2010. Aujourd\u2019hui au sommet de sa notori\u00e9t\u00e9\u00a0&#8211;\u00a0il totalise quelque 18 millions d\u2019auditeurs mensuels sur Spotify et domine le top album depuis une dizaine de semaines\u00a0&#8211;\u00a0le rappeur d\u2019origine congolaise a livr\u00e9 un spectacle m\u00e9morable, riche en pyrotechnie et en jeux de lumi\u00e8re, sur la sc\u00e8ne principale du Golden Coast samedi soir. L\u00e0 encore, le public traversait les g\u00e9n\u00e9rations. Gims en a m\u00eame plaisant\u00e9, expliquant qu\u2019il devait satisfaire \u00e0 la fois \u00ables anciens\u00bb et les \u00abenfants\u00bb. Finalement, il a d\u00e9di\u00e9 les trois quarts de son show \u00e0 des titres sortis sous sa casquette de Ma\u00eetre Gims (2013-2019), passant de Bella \u00e0 Hola Senorita, ou encore de Zombie \u00e0 Sap\u00e9s comme jamais. Il a conclu sa prestation par un encha\u00eenement de ses singles les plus r\u00e9cents, comme Appelle ta copine, Parisienne, Spider, Ninao, Air Force Blanche et Ciel. \u00abIncroyable\u00bb, a-t-il hurl\u00e9 \u00e0 plusieurs reprises, devant l\u2019esprit familial et festif de la foule, qui s\u2019\u00e9tendait sur plusieurs centaines de m\u00e8tres.<\/p>\n<p>    Gims interpr\u00e8te son tube Bella aux c\u00f4t\u00e9s de danseuses de Flamenco lors de son concert au Golden Coast Festival le samedi 6 septembre.<br \/>\n                Lucie Pochet<\/p>\n<p class=\"fig-paragraph\">Gims a ensuite laiss\u00e9 sa place \u00e0\u00a0<a href=\"http:\/\/www.lefigaro.fr\/musique\/gazo-poursuit-ses-explorations-avec-apocalypse-sans-parvenir-a-convaincre-ses-fans-de-la-premiere-heure-20241203\" data-fig-type=\"Article\" data-gtm-custom-categorie=\"navigation\" data-gtm-custom-action=\"crossclick\" data-gtm-custom-label=\"Contextuel\" data-gtm-event=\"customEventSPE\" data-fig-domain=\"LEFIGARO\" target=\"_blank\" rel=\"noopener\">Gazo<\/a>, le sp\u00e9cialiste de la \u00abdrill\u00bb, un courant du rap tr\u00e8s sombre et violent. Au milieu de v\u00e9hicules Range Rover d\u00e9pos\u00e9s sur sc\u00e8ne, le rappeur originaire de Ch\u00e2teauroux a interpr\u00e9t\u00e9, pour le plus grand plaisir de ses fans de la premi\u00e8re heure, sa palette de hits (Daddy Chocolat, Drill FR 4, Kassav, Die&#8230;). Le public, cette fois, \u00e9tait plus jeune, plus virulent. Aucun d\u00e9bordement n\u2019a cependant \u00e9t\u00e9 notifi\u00e9 par les agents de s\u00e9curit\u00e9 du festival. Plus t\u00f4t dans la soir\u00e9e, des jeunes filles ont fait des malaises lors du concert de La Mano 1.9, le nouvel espoir du rap fran\u00e7ais (6,3 millions d\u2019auditeurs mensuels sur Spotify). L\u2019auteur de Businessman et I\u2019m Sorry a averti son public de faire attention \u00e0 ne pas se blesser, mais l\u2019a toutefois incit\u00e9 \u00e0 continuer de se bousculer. Pour quoi faire\u00a0?\u00a0Cet \u00e9t\u00e9, le rappeur\u00a0<a href=\"http:\/\/www.lefigaro.fr\/musique\/le-rappeur-tiakola-celebre-les-jeux-de-paris-a-la-courneuve-lors-d-un-concert-marque-par-de-nombreux-debordements-20250727\" data-fig-type=\"NewsFlash\" data-gtm-custom-categorie=\"navigation\" data-gtm-custom-action=\"crossclick\" data-gtm-custom-label=\"Contextuel\" data-gtm-event=\"customEventSPE\" data-fig-domain=\"LEFIGARO\" target=\"_blank\" rel=\"noopener\">Tiakola avait fait face \u00e0 la m\u00eame situation<\/a>\u00a0lors d\u2019un concert \u00e0 La Courneuve. Il avait alors menac\u00e9 ses fans de quitter la sc\u00e8ne. Son confr\u00e8re\u00a0<a href=\"http:\/\/www.lefigaro.fr\/musique\/le-rappeur-sdm-insulte-par-le-public-quitte-son-concert-caritatif-a-kinshasa-20250825\" data-fig-type=\"Article\" data-gtm-custom-categorie=\"navigation\" data-gtm-custom-action=\"crossclick\" data-gtm-custom-label=\"Contextuel\" data-gtm-event=\"customEventSPE\" data-fig-domain=\"LEFIGARO\" target=\"_blank\" rel=\"noopener\">SDM avait mis cette menace \u00e0 ex\u00e9cution<\/a>\u00a0lors d\u2019une prestation \u00e0 Kinshasa, au Congo, fin ao\u00fbt. Le Petit Poucet du rap fran\u00e7ais, pass\u00e9 par la case prison plus jeune, devrait s\u2019inspirer de ses a\u00een\u00e9es.<\/p>\n<p class=\"fig-body-link\">\n            \u00c0 lire aussi<br \/>\n        <a class=\"fig-body-link__link fig-premium-mark\" href=\"http:\/\/www.lefigaro.fr\/musique\/le-difficile-combat-des-femmes-dans-le-rap-masculiniste-du-xxie-siecle-20250825\" target=\"_blank\" data-fig-type=\"NewsFlash\" rel=\"noopener\" data-gtm-custom-categorie=\"navigation\" data-gtm-custom-action=\"crossclick\" data-gtm-custom-label=\"Contextuel\" data-gtm-event=\"customEventSPE\" data-fig-domain=\"LEFIGARO\">Le difficile combat des femmes dans le rap masculiniste du XXIe si\u00e8cle<br \/>\n    <\/a>\n<\/p>\n<p class=\"fig-paragraph\">Les m\u00eames mouvements de foule ont \u00e9t\u00e9 aper\u00e7us lors du concert du groupe L2B, propuls\u00e9 cette ann\u00e9e par son album N\u00e9s pour briller et son tube P\u00e9lican. Le tout, cette fois, devant l\u2019indiff\u00e9rence du trio de chanteurs. De nombreux spectateurs ont commenc\u00e9 \u00e0 insulter les petits malins, pour la plupart lyc\u00e9ens, qui s\u2019amusaient \u00e0 pousser les autres, les emp\u00eachant de profiter pleinement du concert. Cela reste toutefois minoritaire. L\u2019ensemble du festival s\u2019est d\u00e9roul\u00e9 dans de bonnes conditions. Le concert d\u2019<a href=\"http:\/\/madame.lefigaro.fr\/celebrites\/culture\/le-film-insubmersible-l-album-d-adele-castillon-le-roman-peinture-fraiche-la-semaine-culture-de-madame-figaro-20231027\" data-fig-type=\"Article\" data-gtm-custom-categorie=\"navigation\" data-gtm-custom-action=\"crossclick\" data-gtm-custom-label=\"Contextuel\" data-gtm-event=\"customEventSPE\" data-fig-domain=\"MADAME\" target=\"_blank\" rel=\"noopener\">Ad\u00e8le Castillon<\/a>\u00a0a donn\u00e9 une touche de vari\u00e9t\u00e9 inattendue au Golden Coast dans l\u2019apr\u00e8s-midi du samedi, tandis que Franglish et Keblack ont fait danser les festivaliers en fin de journ\u00e9e le vendredi.<\/p>\n<p>                                    <a class=\"fig-a11y-skip a11y-hidden\" href=\"#fig-a11y-skip-main-inarticle_mtf\"><br \/>\n        Passer la publicit\u00e9<br \/>\n    <\/a><\/p>\n<p>Soutien \u00e0 la Palestine<\/p>\n<p class=\"fig-paragraph\">Le rap \u00e9tant d\u2019origine revendicatif, les festivaliers pouvaient s\u2019attendre \u00e0 entendre des artistes \u00e9voquer sur sc\u00e8ne des sujets de soci\u00e9t\u00e9 ou politiques. Ce fut finalement assez rare. Tif, talentueux rappeur alg\u00e9rien, a d\u00e9di\u00e9 l\u2019une de ses chansons, intitul\u00e9e Nothing Personal, \u00e0 la Palestine. Des drapeaux se sont alors hiss\u00e9s dans le ciel dijonnais. De son c\u00f4t\u00e9, \u00abTonton\u00bb Rim\u2019k a discouru sur ce m\u00eame sujet\u00a0:\u00a0\u00abJe veux qu\u2019on ait une pens\u00e9e pour tous les gens qui sont sur cette plan\u00e8te, qui sont en train de souffrir, pendant que nous sommes l\u00e0 tranquillement. Je veux voir tout le monde faire le signe de la paix s\u2019il vous pla\u00eet. Free Palestine.\u00bb Et Akhenaton, leader du groupe IAM, d\u2019adresser un autre message \u00e0 ses fans\u00a0:\u00a0\u00abLa paix pour nous, ici, c\u2019est la paix en Palestine et l\u2019arr\u00eat du g\u00e9nocide.\u00a0Cela vaut aussi pour le Soudan et le Congo.\u00bb\u00a0<\/p>\n<p>    Le rappeur alg\u00e9rien Tif embrase le Golden Coast le samedi 6 septembre en compagnie de sa troupe de musiciens.<br \/>\n                Benjamin Canet<\/p>\n<p class=\"fig-paragraph\">Cette tendance \u00e0 prendre la parole sur sc\u00e8ne, \u00e0 des fins politiques, n\u2019est pas soutenue par l\u2019ensemble des artistes. Oxmo Puccino, par exemple, estime que ce n\u2019est ni son r\u00f4le, ni celui de ses confr\u00e8res. \u00abC\u2019est un terrain qui nous d\u00e9passe, avec des enjeux qui sont bien plus immenses que la vente de disques, d\u00e9taille le quinquag\u00e9naire. J\u2019ai de la chance d\u2019\u00eatre en France, o\u00f9 il n\u2019y a ni guerre, ni conflit. Avec ce confort, je serais tr\u00e8s g\u00ean\u00e9 de diffuser des messages sur les r\u00e9seaux sociaux et sur sc\u00e8ne pour manifester une tristesse que je ne peux pas identifier par moi-m\u00eame.\u00bb Le rappeur, qui pr\u00e9pare la sortie de l\u2019ultime album de sa carri\u00e8re, poursuit\u00a0:\u00a0\u00abJe suis all\u00e9 dans des endroits o\u00f9 des enfants \u00e9taient en danger de mort. Quand tu vas l\u00e0-bas, sur le terrain, tu peux en parler. Je ne suis jamais dans la th\u00e9orie.\u00bb<\/p>\n<p>Mise en avant d\u2019artistes \u00e9mergents<\/p>\n<p class=\"fig-paragraph\">Loin des discours en tout genre, d\u2019autres artistes se sont produits sur une sc\u00e8ne plus intimiste. Vivien Becle, cofondateur, du Golden Coast a souhait\u00e9 apporter une touche plus locale \u00e0 l\u2019\u00e9v\u00e9nement en d\u00e9diant un espace d\u2019expression \u00e0 des rappeurs dijonnais ou originaires des alentours. \u00abNous avons entre deux et trois artistes locaux programm\u00e9s chaque jour, confie-t-il. Ils sont suivis toute l\u2019ann\u00e9e par nos \u00e9quipes. L\u2019objectif est de les tirer vers le haut.\u00bb Parmi eux figure Kludd, jeune rappeur dont les parents \u00e9taient chanteurs de gospel. Il s\u2019est lanc\u00e9 il y a six ans sur le territoire bourguignon et aspire aujourd\u2019hui \u00e0 une notori\u00e9t\u00e9 nationale. \u00abDijon n\u2019a jamais vraiment offert de possibilit\u00e9s aux artistes hip-hop, regrette-t-il. Mais j\u2019ai vu \u00e7a comme un terrain vierge o\u00f9, aux c\u00f4t\u00e9s d\u2019autres artistes du secteur, nous pouvons cr\u00e9er notre propre sc\u00e8ne.\u00bb\u00a0Ils \u00e9taient une dizaine \u00e0 se produire samedi, en d\u00e9but d\u2019apr\u00e8s-midi, avec une \u00e9nergie d\u00e9bordante, celle de ceux qui veulent \u00ab\u00a0tout casser\u00a0\u00bb, s\u2019exclame Kludd. Et d\u2019ajouter\u00a0:\u00a0\u00abLe Golden Coast est un moyen de faire d\u00e9couvrir notre art au reste de la France. Je consid\u00e8re \u00e7a comme une \u00e9tape. Je vise encore plus gros.\u00bb<\/p>\n<p class=\"fig-paragraph\">Les DJ, aussi, ont \u00e9t\u00e9 mis \u00e0 l\u2019honneur. \u00abNous avons toujours fait partie de la culture rap, explique Andy 4000, star des platines de\u00a0<a href=\"http:\/\/www.lefigaro.fr\/decideurs\/carnet\/netflix-le-producteur-de-nouvelle-ecole-nomme-directeur-de-la-creation-de-mediawan-20221213\" data-fig-type=\"Article\" data-gtm-custom-categorie=\"navigation\" data-gtm-custom-action=\"crossclick\" data-gtm-custom-label=\"Contextuel\" data-gtm-event=\"customEventSPE\" data-fig-domain=\"LEFIGARO\" target=\"_blank\" rel=\"noopener\">la s\u00e9rie Nouvelle \u00c9cole<\/a> \u00a0sur Netflix. Les deux univers sont li\u00e9s. Le hip-hop fran\u00e7ais a sa \u201cFrench Touch\u201d comme l\u2019\u00e9lectro. Avec nos mixages, nous sommes l\u00e0 pour mettre en avant cette association.\u00bb Sa cons\u0153ur parisienne, Urumi, qui se produisait le vendredi soir en cl\u00f4ture de la premi\u00e8re journ\u00e9e de festivit\u00e9s, loue la d\u00e9cision des programmateurs de mettre \u00e0 l\u2019affiche des artistes issus de l\u2019univers electro\u00a0:\u00a0\u00abLe public techno \u00e9coute aussi du rap. Il y a un certain m\u00e9tissage des deux genres musicaux. \u00c7a peut faire peur de se produire dans un festival aussi sp\u00e9cialis\u00e9, mais c\u2019est l\u2019occasion de cr\u00e9er un pont entre les deux mondes.\u00bb<\/p>\n<p class=\"fig-body-link\">\n            \u00c0 lire aussi<br \/>\n        <a class=\"fig-body-link__link fig-premium-mark\" href=\"http:\/\/www.lefigaro.fr\/musique\/drapeaux-palestiniens-deprogrammations-slogans-les-festivals-d-ete-rattrapes-par-la-guerre-a-gaza-20250724\" target=\"_blank\" data-fig-type=\"Article\" rel=\"noopener\" data-gtm-custom-categorie=\"navigation\" data-gtm-custom-action=\"crossclick\" data-gtm-custom-label=\"Contextuel\" data-gtm-event=\"customEventSPE\" data-fig-domain=\"LEFIGARO\">Drapeaux palestiniens, d\u00e9programmations, slogans&#8230; Les festivals d\u2019\u00e9t\u00e9 rattrap\u00e9s par la guerre \u00e0 Gaza<br \/>\n    <\/a>\n<\/p>\n<p class=\"fig-paragraph\">Le Golden Coast, dans une optique de devenir la capitale du rap fran\u00e7ais, a construit son parc de mani\u00e8re \u00e0 r\u00e9unir tous les mouvements associ\u00e9s au hip-hop. Entre les concerts, les festivaliers pouvaient s\u2019exercer au basketball sur un parquet am\u00e9nag\u00e9 et jouer \u00e0 des jeux d\u2019arcade. Des entreprises partenaires du festival, \u00e0 l\u2019instar de Deezer qui organisait des blindtests ou du club de football de Dijon, ont investi les nombreux hectares du parc de la Combe \u00e0 Serpent. \u00abNous r\u00e9unissons toute cette culture qui m\u00e9lange sport, musique et mode\u00bb, d\u00e9crypte Vivien Becle, qui assure avoir financ\u00e9 son festival gr\u00e2ce \u00e0 l\u2019aide des m\u00e9c\u00e8nes et de la ville. La moiti\u00e9 du budget prestataire de cette ann\u00e9e est, en effet, attribu\u00e9e \u00e0 des collaborateurs locaux. En 2024, le festival avait rapport\u00e9 plus de trois millions d\u2019euros de retomb\u00e9es directes et indirectes \u00e0 la r\u00e9gion Bourgogne. \u00c0 voir si cette deuxi\u00e8me \u00e9dition, qui s\u2019annonce pour le moment encore plus prometteuse, sera \u00e0 nouveau aussi fructueuse.<\/p>\n<p>    Un terrain de basketball a \u00e9t\u00e9 am\u00e9nag\u00e9 au sein du Golden Coast Festival.<br \/>\n                Louka Pannetier<\/p>\n","protected":false},"excerpt":{"rendered":"NOUS Y \u00c9TIONS\u00a0&#8211;\u00a0La deuxi\u00e8me \u00e9dition du rendez-vous 100% d\u00e9di\u00e9 \u00e0 la musique urbaine a ouvert ses portes vendredi&hellip;\n","protected":false},"author":2,"featured_media":373819,"comment_status":"","ping_status":"","sticky":false,"template":"","format":"standard","meta":{"footnotes":""},"categories":[1355],"tags":[2930,58,59,849,1011,27,1361,873,3616],"class_list":{"0":"post-373818","1":"post","2":"type-post","3":"status-publish","4":"format-standard","5":"has-post-thumbnail","7":"category-musique","8":"tag-dijon","9":"tag-divertissement","10":"tag-entertainment","11":"tag-festival","12":"tag-fr","13":"tag-france","14":"tag-music","15":"tag-musique","16":"tag-rap"},"share_on_mastodon":{"url":"https:\/\/pubeurope.com\/@fr\/115165090573911068","error":""},"_links":{"self":[{"href":"https:\/\/www.europesays.com\/fr\/wp-json\/wp\/v2\/posts\/373818","targetHints":{"allow":["GET"]}}],"collection":[{"href":"https:\/\/www.europesays.com\/fr\/wp-json\/wp\/v2\/posts"}],"about":[{"href":"https:\/\/www.europesays.com\/fr\/wp-json\/wp\/v2\/types\/post"}],"author":[{"embeddable":true,"href":"https:\/\/www.europesays.com\/fr\/wp-json\/wp\/v2\/users\/2"}],"replies":[{"embeddable":true,"href":"https:\/\/www.europesays.com\/fr\/wp-json\/wp\/v2\/comments?post=373818"}],"version-history":[{"count":0,"href":"https:\/\/www.europesays.com\/fr\/wp-json\/wp\/v2\/posts\/373818\/revisions"}],"wp:featuredmedia":[{"embeddable":true,"href":"https:\/\/www.europesays.com\/fr\/wp-json\/wp\/v2\/media\/373819"}],"wp:attachment":[{"href":"https:\/\/www.europesays.com\/fr\/wp-json\/wp\/v2\/media?parent=373818"}],"wp:term":[{"taxonomy":"category","embeddable":true,"href":"https:\/\/www.europesays.com\/fr\/wp-json\/wp\/v2\/categories?post=373818"},{"taxonomy":"post_tag","embeddable":true,"href":"https:\/\/www.europesays.com\/fr\/wp-json\/wp\/v2\/tags?post=373818"}],"curies":[{"name":"wp","href":"https:\/\/api.w.org\/{rel}","templated":true}]}}