{"id":373820,"date":"2025-09-07T21:16:18","date_gmt":"2025-09-07T21:16:18","guid":{"rendered":"https:\/\/www.europesays.com\/fr\/373820\/"},"modified":"2025-09-07T21:16:18","modified_gmt":"2025-09-07T21:16:18","slug":"les-premieres-images-du-tournage-se-devoilent-et-un-detail-divise-les-fans","status":"publish","type":"post","link":"https:\/\/www.europesays.com\/fr\/373820\/","title":{"rendered":"les premi\u00e8res images du tournage se d\u00e9voilent et un d\u00e9tail divise les fans"},"content":{"rendered":"<p><strong>Alors que le tournage de la s\u00e9rie \u201cHarry Potter\u201d a commenc\u00e9, des images ont fuit\u00e9 et un d\u00e9tail a \u00e9t\u00e9 rep\u00e9r\u00e9 par les fans, qui risque de ne pas plaire \u00e0 tout le monde.<\/strong><\/p>\n<p>La s\u00e9rie \u201cHarry Potter\u201d, produite par HBO, fait beaucoup parler d\u2019elle. Alors que le tournage a d\u00e9but\u00e9, le casting continue de se d\u00e9voiler. Cette semaine, nous avons appris qu\u2019un <a href=\"https:\/\/www.demotivateur.fr\/entertainment\/un-acteur-emblematique-des-films-harry-potter-va-reprendre-son-role-dans-la-serie-hbo-45133\" rel=\"nofollow noopener\" target=\"_blank\">acteur embl\u00e9matique des films va reprendre son r\u00f4le dans la s\u00e9rie<\/a>. Les premi\u00e8res images du tournage ont quant \u00e0 elles fuit\u00e9 sur les r\u00e9seaux sociaux. Lorsque des photos du nouvel Harry Potter sont sorties, des <a href=\"https:\/\/www.demotivateur.fr\/entertainment\/series\/hbo-devoile-une-premiere-photo-du-nouveau-harry-potter-pour-sa-serie-les-fans-sont-partages-44643\" rel=\"nofollow noopener\" target=\"_blank\">commentaires honteux des internautes<\/a>\u00a0ont \u00e9t\u00e9 partag\u00e9s sur la toile.<\/p>\n<p>D\u2019autres images du tournage \u00e0 Londres ont fuit\u00e9 et un d\u00e9tail a frapp\u00e9 les fans de la saga. En effet, il semblerait que HBO ait pris une d\u00e9cision esth\u00e9tique qui pourrait ne pas plaire \u00e0 tout le monde.<\/p>\n<p>L\u2019univers des ann\u00e9es 1990<\/p>\n<p>Contrairement aux films, HBO aurait choisi de replacer l\u2019histoire dans les ann\u00e9es 1990 afin de coller avec la chronologie des livres. Pour rappel, Harry Potter est n\u00e9 le 31 juillet 1980 et entre \u00e0 Poudlard en 1991 \u00e0 l\u2019\u00e2ge de 11 ans. Mais dans les films, on ne voit aucune trace des ann\u00e9es 1990 et l\u2019esth\u00e9tique est comparable \u00e0 celle des ann\u00e9es 2000.<\/p>\n<p><img decoding=\"async\" loading=\"lazy\" src=\"https:\/\/www.europesays.com\/fr\/wp-content\/uploads\/2025\/09\/molly-compressed.jpg\" width=\"660\" height=\"653\" alt=\"Molly Weasley\" caption=\"false\"\/>Cr\u00e9dit photo : @HPMoviesNews \/ X<\/p>\n<p>De son c\u00f4t\u00e9, HBO devrait rester fid\u00e8le aux dates du livre. C\u2019est en tout cas ce que laissent penser les images du tournage. On peut notamment voir la famille Weasley porter des tenues r\u00e9tro, comme le rapporte <a href=\"https:\/\/www.jeuxvideo.com\/news\/2023878\/la-serie-harry-potter-s-eloigne-vraiment-des-films-hbo-a-pris-une-decision-radicale-qui-va-diviser-les-fans.htm\" target=\"_blank\" rel=\"noopener nofollow\">Jeux Vid\u00e9o<\/a>. Molly Weasley, jou\u00e9e par Katherine Parkinson, porte une veste \u00e0 paillettes et de grosses boucles d\u2019oreilles. Sa fille Ginny, incarn\u00e9e par Gracie Cochrane, a une salopette color\u00e9e.<\/p>\n<p><img decoding=\"async\" loading=\"lazy\" src=\"https:\/\/www.europesays.com\/fr\/wp-content\/uploads\/2025\/09\/ginny1-compressed.jpg\" width=\"660\" height=\"793\" alt=\"Ginny et Ron\" caption=\"false\"\/>Cr\u00e9dit photo : @romionethinker \/ X<\/p>\n<p>Les gar\u00e7ons Weasley ont \u00e9galement des tenues r\u00e9tro. C\u2019est le cas de Ron, jou\u00e9 par Alastair Stout, qui porte un pantalon en velours c\u00f4tel\u00e9 jaune et une chemise \u00e0 carreaux. Les jumeaux Fred et George, jou\u00e9s par Tristan et Gabriel Harland, ont des gilets bairol\u00e9s, des pantalons ray\u00e9s et des vestes en cuir rouge.<\/p>\n<p><img decoding=\"async\" loading=\"lazy\" src=\"https:\/\/www.europesays.com\/fr\/wp-content\/uploads\/2025\/09\/fred-compressed.jpg\" width=\"660\" height=\"660\" alt=\"Les jumeaux Fred et George\" caption=\"false\"\/>Cr\u00e9dit photo : @WW_Direct \/ X<\/p>\n<p>Une nouvelle pol\u00e9mique ?<\/p>\n<p>En voyant ces images, on pourrait croire qu\u2019il s\u2019agit simplement du style vestimentaire de la famille Weasley. Cependant, sur d\u2019autres photos montrant Harry et Hagrid au Chemin de Traverse, on peut voir des figurants ayant eux aussi un style similaire \u00e0 celui des ann\u00e9es 1990.<\/p>\n<p><img decoding=\"async\" loading=\"lazy\" src=\"https:\/\/www.europesays.com\/fr\/wp-content\/uploads\/2025\/09\/harry1-compressed.jpg\" width=\"660\" height=\"973\" alt=\"Harry et Hagrid\" caption=\"false\"\/>Cr\u00e9dit photo : @HPNews_Germany \/ X<\/p>\n<p>Tout porte \u00e0 croire que HBO veut placer l\u2019histoire dans les ann\u00e9es 1990. Bon ou mauvais choix ? Si le choix de la soci\u00e9t\u00e9 de production n\u2019est pas valid\u00e9 par les fans, ce ne sera pas le seul. En effet, la <a href=\"https:\/\/www.demotivateur.fr\/entertainment\/series\/le-choix-d-un-acteur-afro-britannique-pour-incarner-rogue-dans-la-serie-harry-potter-suscite-la-polemique-41870\" rel=\"nofollow noopener\" target=\"_blank\">participation de Paapa Essiedu pour jouer le r\u00f4le de Rogue est tr\u00e8s contest\u00e9<\/a> et a d\u00e9clench\u00e9 une vive pol\u00e9mique.<\/p>\n<p>Dans tous les cas, il faudra faire preuve de patience pour voir le r\u00e9sultat puisque la premi\u00e8re saison de la s\u00e9rie devrait \u00eatre diffus\u00e9e en 2027.<\/p>\n","protected":false},"excerpt":{"rendered":"Alors que le tournage de la s\u00e9rie \u201cHarry Potter\u201d a commenc\u00e9, des images ont fuit\u00e9 et un d\u00e9tail&hellip;\n","protected":false},"author":2,"featured_media":373821,"comment_status":"","ping_status":"","sticky":false,"template":"","format":"standard","meta":{"footnotes":""},"categories":[1354],"tags":[58,59,1346,1011,27,1360],"class_list":{"0":"post-373820","1":"post","2":"type-post","3":"status-publish","4":"format-standard","5":"has-post-thumbnail","7":"category-films","8":"tag-divertissement","9":"tag-entertainment","10":"tag-films","11":"tag-fr","12":"tag-france","13":"tag-movies"},"share_on_mastodon":{"url":"https:\/\/pubeurope.com\/@fr\/115165094822994003","error":""},"_links":{"self":[{"href":"https:\/\/www.europesays.com\/fr\/wp-json\/wp\/v2\/posts\/373820","targetHints":{"allow":["GET"]}}],"collection":[{"href":"https:\/\/www.europesays.com\/fr\/wp-json\/wp\/v2\/posts"}],"about":[{"href":"https:\/\/www.europesays.com\/fr\/wp-json\/wp\/v2\/types\/post"}],"author":[{"embeddable":true,"href":"https:\/\/www.europesays.com\/fr\/wp-json\/wp\/v2\/users\/2"}],"replies":[{"embeddable":true,"href":"https:\/\/www.europesays.com\/fr\/wp-json\/wp\/v2\/comments?post=373820"}],"version-history":[{"count":0,"href":"https:\/\/www.europesays.com\/fr\/wp-json\/wp\/v2\/posts\/373820\/revisions"}],"wp:featuredmedia":[{"embeddable":true,"href":"https:\/\/www.europesays.com\/fr\/wp-json\/wp\/v2\/media\/373821"}],"wp:attachment":[{"href":"https:\/\/www.europesays.com\/fr\/wp-json\/wp\/v2\/media?parent=373820"}],"wp:term":[{"taxonomy":"category","embeddable":true,"href":"https:\/\/www.europesays.com\/fr\/wp-json\/wp\/v2\/categories?post=373820"},{"taxonomy":"post_tag","embeddable":true,"href":"https:\/\/www.europesays.com\/fr\/wp-json\/wp\/v2\/tags?post=373820"}],"curies":[{"name":"wp","href":"https:\/\/api.w.org\/{rel}","templated":true}]}}