{"id":373822,"date":"2025-09-07T21:17:11","date_gmt":"2025-09-07T21:17:11","guid":{"rendered":"https:\/\/www.europesays.com\/fr\/373822\/"},"modified":"2025-09-07T21:17:11","modified_gmt":"2025-09-07T21:17:11","slug":"apres-31-ans-de-depression-il-retrouve-gout-a-la-vie-grace-a-cette-decouverte-medicale-inattendue","status":"publish","type":"post","link":"https:\/\/www.europesays.com\/fr\/373822\/","title":{"rendered":"apr\u00e8s 31 ans de d\u00e9pression, il retrouve go\u00fbt \u00e0 la vie gr\u00e2ce \u00e0 cette d\u00e9couverte m\u00e9dicale inattendue"},"content":{"rendered":"<p>Pendant plus de trois d\u00e9cennies, un homme a v\u00e9cu enferm\u00e9 dans<br \/>\nune <a href=\"https:\/\/www.mariefrance.fr\/actualite\/societe\/fini-depression-nombre-parfait-damis-avoir-heureux-etude-1147894.html\" target=\"_blank\" rel=\"noopener nofollow\">d\u00e9pression profonde<\/a>. Il est<br \/>\nrest\u00e9 insensible \u00e0 tous les traitements qui lui \u00e9taient propos\u00e9s.<br \/>\nComme le rapporte <a href=\"https:\/\/www.science-et-vie.com\/corps-et-sante\/apres-31-ans-de-depression-resistante-un-patient-de-44-ans-retrouve-la-joie-grace-a-une-avancee-scientifique-majeure-209221.html\" target=\"_blank\" rel=\"noopener nofollow\">Science et Vie<\/a>, son<br \/>\ncalvaire semblait <strong>sans issue apr\u00e8s plus de vingt tentatives<br \/>\nth\u00e9rapeutiques<\/strong> infructueuses. Des antid\u00e9presseurs<br \/>\nclassiques aux approches psychoth\u00e9rapeutiques, rien ne marchait.<br \/>\nPourtant, une d\u00e9couverte m\u00e9dicale r\u00e9cente a boulevers\u00e9 sa<br \/>\ntrajectoire.<\/p>\n<p>Gr\u00e2ce \u00e0 une approche in\u00e9dite, il a vu son \u00e9tat s\u2019am\u00e9liorer<br \/>\nprogressivement. Au point de prononcer cette phrase bouleversante :<br \/>\n\u00ab Ma t\u00eate s\u2019est rallum\u00e9e. \u00bb <strong>Ce cas spectaculaire<br \/>\nouvre une nouvelle voie<\/strong> dans la compr\u00e9hension des troubles<br \/>\npsychiatriques les plus s\u00e9v\u00e8res. M\u00eame s\u2019il reste encore isol\u00e9 et<br \/>\nexp\u00e9rimental.<\/p>\n<p>Une d\u00e9couverte appliqu\u00e9e \u00e0 la d\u00e9pression la plus<br \/>\nr\u00e9sistante<\/p>\n<p>L\u2019histoire de ce patient est celle d\u2019un combat de 31 ans contre<br \/>\nune souffrance constante. Les auteurs de l\u2019\u00e9tude \u00e9voquent \u00ab un<br \/>\n\u00e9pisode d\u00e9pressif prolong\u00e9 sans p\u00e9riodes distinctes de r\u00e9mission<br \/>\npendant 31 ans \u00bb. Aucun traitement n\u2019a permis de r\u00e9duire ses<br \/>\nsympt\u00f4mes : ni <a href=\"https:\/\/www.mariefrance.fr\/actualite\/societe\/le-potentiel-inattendu-des-antidepresseurs-pour-les-personnes-depressives-selon-une-etude-1077640.html\" target=\"_blank\" rel=\"noopener nofollow\">les antid\u00e9presseurs,<\/a> ni les<br \/>\nsuivis psychoth\u00e9rapeutiques, ni les multiples alternatives<br \/>\nexplor\u00e9es au fil du temps. Comme l\u2019explique New Scientist, il<br \/>\npr\u00e9sentait toutes les caract\u00e9ristiques d\u2019<strong>un trouble<br \/>\nd\u00e9pressif majeur r\u00e9sistant aux traitements<\/strong>. Une forme<br \/>\nparticuli\u00e8rement s\u00e9v\u00e8re qui touche environ un tiers des patients<br \/>\natteints de d\u00e9pression chronique.<\/p>\n<p>Face \u00e0 cette impasse m\u00e9dicale, les chercheurs ont d\u00e9cid\u00e9 de<br \/>\ntenter une approche radicalement nouvelle. Ils ont \u00e9labor\u00e9 un<br \/>\nprotocole baptis\u00e9 PACE, fond\u00e9 sur la stimulation c\u00e9r\u00e9brale<br \/>\nadaptative. Contrairement aux dispositifs standards, ce syst\u00e8me<br \/>\nrepose sur <strong>une cartographie d\u00e9taill\u00e9e des circuits<br \/>\nneuronaux<\/strong> du patient. Il agit comme une v\u00e9ritable<br \/>\ninterface capable d\u2019ajuster la modulation \u00e9lectrique en fonction<br \/>\ndes signaux internes d\u00e9tect\u00e9s.<\/p>\n<p><img loading=\"lazy\" decoding=\"async\" aria-describedby=\"caption-attachment-1117191\" itemprop=\"thumbnailUrl\" class=\"size-full wp-image-1117191 img-responsive\" src=\"https:\/\/www.europesays.com\/fr\/wp-content\/uploads\/2025\/09\/shutterstock_1036798333.jpg\" alt=\"Etude scientifique sur le sommeil\" width=\"1280\" height=\"720\"\/> \u00a9 Shutterstock<\/p>\n<p id=\"caption-attachment-1117191\" class=\"wp-caption-text\">Les<br \/>\nchercheurs ont fait une grande d\u00e9couverte avec ce patient.<\/p>\n<p>Une d\u00e9couverte technologique d\u2019une pr\u00e9cision in\u00e9dite<\/p>\n<p>Trois zones c\u00e9r\u00e9brales ont \u00e9t\u00e9 cibl\u00e9es : le cortex pr\u00e9frontal<br \/>\ndorsolat\u00e9ral, le cortex cingulaire ant\u00e9rieur dorsal et le gyrus<br \/>\nfrontal inf\u00e9rieur. Chacune joue un r\u00f4le cl\u00e9 dans les \u00e9motions, la<br \/>\nr\u00e9gulation cognitive et le contr\u00f4le ex\u00e9cutif. <strong>En implantant<br \/>\ndes \u00e9lectrodes dans ces r\u00e9gions<\/strong>, les scientifiques ont pu<br \/>\n\u00e9tablir une boucle de r\u00e9troaction dynamique. Le dispositif ajuste<br \/>\nl\u2019intensit\u00e9 des stimulations en temps r\u00e9el, selon l\u2019activit\u00e9<br \/>\nneuronale mesur\u00e9e. Cette d\u00e9couverte technologique marque une<br \/>\nrupture avec les protocoles fixes.<\/p>\n<p>En effet, ces derniers sont souvent trop rigides pour r\u00e9pondre<br \/>\naux <a href=\"https:\/\/www.mariefrance.fr\/equilibre\/bien-etre\/comment-lexcitation-et-les-sentiments-de-bonheur-se-forment-ils-dans-notre-cerveau-1140131.html\" target=\"_blank\" rel=\"noopener nofollow\">fluctuations complexes d\u2019un<br \/>\ncerveau<\/a> en souffrance. Selon l\u2019\u00e9tude publi\u00e9e sur<br \/>\nPsyArxiv en juillet 2025, il s\u2019agissait de la premi\u00e8re<br \/>\nfois qu\u2019une telle personnalisation \u00e9tait test\u00e9e sur un \u00eatre<br \/>\nhumain. Pour les chercheurs, ce cas repr\u00e9sente une avanc\u00e9e<br \/>\nmajeure. Car il d\u00e9montre la possibilit\u00e9 d\u2019adapter la psychiatrie \u00e0<br \/>\nl\u2019architecture unique de chaque cerveau.<\/p>\n<p><img loading=\"lazy\" decoding=\"async\" aria-describedby=\"caption-attachment-912676\" class=\"size-full wp-image-912676 img-responsive\" src=\"https:\/\/www.europesays.com\/fr\/wp-content\/uploads\/2025\/09\/3-340.jpg\" alt=\"femme d\u00e9pression triste\" width=\"1200\" height=\"630\"\/><br \/>\n\u00a9<br \/>\nShutterstock<\/p>\n<p id=\"caption-attachment-912676\" class=\"wp-caption-text\">C&rsquo;est une<br \/>\ngrande d\u00e9couverte pour les personnes qui souffrent de<br \/>\nd\u00e9pression.<\/p>\n<p>Une d\u00e9couverte qui rallume l\u2019espoir en<br \/>\npsychiatrie<\/p>\n<p>Les r\u00e9sultats observ\u00e9s d\u00e9passent toutes les attentes. D\u00e8s les<br \/>\npremi\u00e8res semaines, le patient a montr\u00e9 des signes d\u2019int\u00e9r\u00eat et de<br \/>\ncuriosit\u00e9 retrouv\u00e9s. <strong>Des \u00e9motions longtemps \u00e9teintes pour<br \/>\nlui.<\/strong> Les chercheurs ont document\u00e9 cette \u00e9volution \u00e0 l\u2019aide<br \/>\nde journaux quotidiens, de questionnaires et de tests cognitifs. Au<br \/>\nbout de sept semaines, les id\u00e9es suicidaires avaient totalement<br \/>\ndisparu. Apr\u00e8s quatre mois, son humeur s\u2019\u00e9tait am\u00e9lior\u00e9e de 59 %<br \/>\nselon les \u00e9chelles standardis\u00e9es. Et ces progr\u00e8s se sont maintenus<br \/>\nsur au moins 30 mois, comme le rapporte IFLScience.<\/p>\n<blockquote class=\"twitter-tweet\"><p><a class=\"twitter-link\" rel=\"noindex, nofollow noopener\" href=\"https:\/\/twitter.com\/mariefrancemag\/status\/1962428958458204574\" target=\"_blank\"><\/p><\/blockquote>\n<p>Cette transformation spectaculaire a conduit l\u2019homme \u00e0 confier :<br \/>\n\u00ab Ma t\u00eate s\u2019est rallum\u00e9e. \u00bb Une phrase simple, mais<br \/>\nbouleversante, qui illustre la renaissance d\u2019une conscience<br \/>\nlongtemps \u00e9touff\u00e9e. Toutefois, les auteurs de l\u2019\u00e9tude appellent \u00e0<br \/>\nla prudence. Pour l\u2019instant, il ne s\u2019agit que d\u2019un cas clinique<br \/>\nisol\u00e9, qui <strong>n\u2019a pas encore \u00e9t\u00e9 \u00e9valu\u00e9 par la communaut\u00e9<br \/>\nscientifique<\/strong> dans le cadre d\u2019essais plus larges.<br \/>\nN\u00e9anmoins, la d\u00e9couverte ouvre une piste prometteuse pour les<br \/>\npatients atteints de troubles psychiatriques s\u00e9v\u00e8res. Et, elle<br \/>\noffre un espoir que la m\u00e9decine et certains patients semblaient<br \/>\navoir perdu.<\/p>\n<p><script async src=\"https:\/\/platform.twitter.com\/widgets.js\" charset=\"utf-8\"><\/script><\/p>\n","protected":false},"excerpt":{"rendered":"Pendant plus de trois d\u00e9cennies, un homme a v\u00e9cu enferm\u00e9 dans une d\u00e9pression profonde. Il est rest\u00e9 insensible&hellip;\n","protected":false},"author":2,"featured_media":373823,"comment_status":"","ping_status":"","sticky":false,"template":"","format":"standard","meta":{"footnotes":""},"categories":[10],"tags":[21303,1011,27,72,71],"class_list":{"0":"post-373822","1":"post","2":"type-post","3":"status-publish","4":"format-standard","5":"has-post-thumbnail","7":"category-sante","8":"tag-buzz_nonli","9":"tag-fr","10":"tag-france","11":"tag-health","12":"tag-sante"},"share_on_mastodon":{"url":"https:\/\/pubeurope.com\/@fr\/115165098528969917","error":""},"_links":{"self":[{"href":"https:\/\/www.europesays.com\/fr\/wp-json\/wp\/v2\/posts\/373822","targetHints":{"allow":["GET"]}}],"collection":[{"href":"https:\/\/www.europesays.com\/fr\/wp-json\/wp\/v2\/posts"}],"about":[{"href":"https:\/\/www.europesays.com\/fr\/wp-json\/wp\/v2\/types\/post"}],"author":[{"embeddable":true,"href":"https:\/\/www.europesays.com\/fr\/wp-json\/wp\/v2\/users\/2"}],"replies":[{"embeddable":true,"href":"https:\/\/www.europesays.com\/fr\/wp-json\/wp\/v2\/comments?post=373822"}],"version-history":[{"count":0,"href":"https:\/\/www.europesays.com\/fr\/wp-json\/wp\/v2\/posts\/373822\/revisions"}],"wp:featuredmedia":[{"embeddable":true,"href":"https:\/\/www.europesays.com\/fr\/wp-json\/wp\/v2\/media\/373823"}],"wp:attachment":[{"href":"https:\/\/www.europesays.com\/fr\/wp-json\/wp\/v2\/media?parent=373822"}],"wp:term":[{"taxonomy":"category","embeddable":true,"href":"https:\/\/www.europesays.com\/fr\/wp-json\/wp\/v2\/categories?post=373822"},{"taxonomy":"post_tag","embeddable":true,"href":"https:\/\/www.europesays.com\/fr\/wp-json\/wp\/v2\/tags?post=373822"}],"curies":[{"name":"wp","href":"https:\/\/api.w.org\/{rel}","templated":true}]}}