{"id":373824,"date":"2025-09-07T21:18:07","date_gmt":"2025-09-07T21:18:07","guid":{"rendered":"https:\/\/www.europesays.com\/fr\/373824\/"},"modified":"2025-09-07T21:18:07","modified_gmt":"2025-09-07T21:18:07","slug":"alcaraz-et-sinner-saffrontent-les-bleus-elimines-de-leurobasket-le-xv-de-france-facile-face-a-lafrique-du-sud-revivez-les-temps-forts-de-ce-dimanche-7-septembre-sud-o","status":"publish","type":"post","link":"https:\/\/www.europesays.com\/fr\/373824\/","title":{"rendered":"Alcaraz et Sinner s\u2019affrontent, les Bleus \u00e9limin\u00e9s de l\u2019EuroBasket, le XV de France facile face \u00e0 l\u2019Afrique du Sud&#8230; Revivez les temps forts de ce dimanche 7 septembre &#8211; Sud Ouest"},"content":{"rendered":"<ol>\n<li><a href=\"https:\/\/news.google.com\/rss\/articles\/CBMihAJBVV95cUxOQzdEVGM0UjBJRXZGZ0V2WnprZ3FtSE1uTzZRbEEtWEdUUVlud1QyOU9CRUR3TjRoZUU0WEY1WXU0U1JiMXA5VXBicENaLVE4eURQa3JBdkFCbnhCcUFrTjJYM1B4OWxzMy1fRDRFRTZQS0lRa3RMVEF6QnFVNWxCc1hHQ0JBYWxoOTFldDlUeTJVNGhfQmpzLWdhcXJ2QWFVazRUNTVlOU1yQ1FTZE5MclEtTXUydlZWVUlNaUhDM2JmU2tLeGI0M1k5bXFqQmR2VmhlbjRyOVFZTmMyQXBybnpRMFpwWEFGamNHNW1rV1FPMl96UXNETW1KNnctX0cyMFBMdw?oc=5\" target=\"_blank\" rel=\"nofollow noopener\">Alcaraz et Sinner s\u2019affrontent, les Bleus \u00e9limin\u00e9s de l\u2019EuroBasket, le XV de France facile face \u00e0 l\u2019Afrique du Sud&#8230; Revivez les temps forts de ce dimanche 7 septembre<\/a>&nbsp;&nbsp;Sud Ouest<\/li>\n<li><a href=\"https:\/\/news.google.com\/rss\/articles\/CBMi1gFBVV95cUxPWXI5N3BtMk1tdEttbC03ZVJPbkxPNmdqNGtRYkxuTmZOLWtpTFZBblFfdnhNb2tGMy1JR09YUm9pTnFnVkxXVjhlTlNmemN4MjV6U0VxaDFmU1ZVYlo3YXNmYml5TjZsVVlDOGdoX1RtZ2VmMy1pcElILWMwSXhQVFEyTTFCQ3lkU1lFVTdVNUJRMXptbmhSSUZpcGZ4aERpeWQ1UmhERTE3N2plUm1vNkhmRVFsLUw4QmVEV0NjMTF1UDU5aGhGWjBtMGNHVVFSTWdFM1V3?oc=5\" target=\"_blank\" rel=\"nofollow noopener\">Enorme d\u00e9sillusion pour la France, \u00e9limin\u00e9e par la G\u00e9orgie en huiti\u00e8mes de finale de l&rsquo;Euro<\/a>&nbsp;&nbsp;L&rsquo;\u00c9quipe<\/li>\n<li><a href=\"https:\/\/news.google.com\/rss\/articles\/CBMiogFBVV95cUxOdkFSRFNvY0Nfb2w2M2JycnhRV3ZSTUx1a0ZTS3dJN3BFNDUzd01hTnFEX0tmY0llN0FiazF6RXVmMUZhSktHX3lxb0NkSUYxQWhENXpLQVRUVERMRzIzUE5PcHJXbmRSWW4xYnFieEtGSEdDbzhMVE1LX0ZWNDQySUhOR3V0d3N5NEhtODdZMTVCLXgyX3d0V0tQUHNoWUp5emc?oc=5\" target=\"_blank\" rel=\"nofollow noopener\">Euro (H) : Revivez France &#8211; G\u00e9orgie<\/a>&nbsp;&nbsp;Orange Actualit\u00e9s | Sports<\/li>\n<li><a href=\"https:\/\/news.google.com\/rss\/articles\/CBMiggJBVV95cUxNV3JWTVRDaFJYbHdtaWR2ZkoyVDhBQVl0YTNPSWc4SDU0V3ZMOFRMQ2VZbHdHbVVjanFoUy1QLVJlUVhKMy1iQVJFbEE3VFFpODR0LTdzVlliUHl4aVpIcHFKRUNVLWFPSFBHMnYtYXcyS1Rfc29VYXJMZVl5eVpTdFM3M2hNSmJEUzIzcFVRYlhLTXdOTzhMLWFHVG5zcGdQRXdDU1haVGlXS2MwZnEwUHRhakdpWWRvV1p3SkVST1dPZHhDQ2lFeS05ZGE2eUZVUG1zR2NabDNPOERlVHN4TjVmT0xER1NpM2s3dnFyaG94c2NtS212SkVncjlJak5YRFE?oc=5\" target=\"_blank\" rel=\"nofollow noopener\">Les Bleus surclass\u00e9s par la G\u00e9orgie<\/a>&nbsp;&nbsp;Eurosport<\/li>\n<li><a href=\"https:\/\/news.google.com\/rss\/articles\/CBMi8wFBVV95cUxNUkMwUUpHb3JRYWYzMDQ0ck9WM2IwVVYtT3I3OVdMbWdxck5iTXZVVWZCX0ZWamZSOF9WdnByblFGd05Bc2lZMU1xTFlIbjNHYWRZdXg2M0NWOU1zQzBPRUYyZWtQQXl6dlVMeE1veXZ6R25iemxKSEh6Z19ONE9QRTYtbWxBeWdwMWdfUG5WMWxsZm0yS21wSE80NmxOR2NSRTNURXlBQkkyMDBqc0V3NmNyNFdZZms3VGZoY0pIbzh4SjllUzVoemZEbi02U3gtcVhqM3NNYTUxb0xYdU84VUc5Q1pMZVJDN1FsUU9KVmU4MWs?oc=5\" target=\"_blank\" rel=\"nofollow noopener\">France &#8211; G\u00e9orgie : Les Bleus prennent la porte apr\u00e8s un match absolument innommable<\/a>&nbsp;&nbsp;20 Minutes<\/li>\n<\/ol>\n","protected":false},"excerpt":{"rendered":"Alcaraz et Sinner s\u2019affrontent, les Bleus \u00e9limin\u00e9s de l\u2019EuroBasket, le XV de France facile face \u00e0 l\u2019Afrique du&hellip;\n","protected":false},"author":2,"featured_media":373825,"comment_status":"","ping_status":"","sticky":false,"template":"","format":"standard","meta":{"footnotes":""},"categories":[9],"tags":[1011,27,60],"class_list":{"0":"post-373824","1":"post","2":"type-post","3":"status-publish","4":"format-standard","5":"has-post-thumbnail","7":"category-sports","8":"tag-fr","9":"tag-france","10":"tag-sports"},"share_on_mastodon":{"url":"https:\/\/pubeurope.com\/@fr\/115165102541111074","error":""},"_links":{"self":[{"href":"https:\/\/www.europesays.com\/fr\/wp-json\/wp\/v2\/posts\/373824","targetHints":{"allow":["GET"]}}],"collection":[{"href":"https:\/\/www.europesays.com\/fr\/wp-json\/wp\/v2\/posts"}],"about":[{"href":"https:\/\/www.europesays.com\/fr\/wp-json\/wp\/v2\/types\/post"}],"author":[{"embeddable":true,"href":"https:\/\/www.europesays.com\/fr\/wp-json\/wp\/v2\/users\/2"}],"replies":[{"embeddable":true,"href":"https:\/\/www.europesays.com\/fr\/wp-json\/wp\/v2\/comments?post=373824"}],"version-history":[{"count":0,"href":"https:\/\/www.europesays.com\/fr\/wp-json\/wp\/v2\/posts\/373824\/revisions"}],"wp:featuredmedia":[{"embeddable":true,"href":"https:\/\/www.europesays.com\/fr\/wp-json\/wp\/v2\/media\/373825"}],"wp:attachment":[{"href":"https:\/\/www.europesays.com\/fr\/wp-json\/wp\/v2\/media?parent=373824"}],"wp:term":[{"taxonomy":"category","embeddable":true,"href":"https:\/\/www.europesays.com\/fr\/wp-json\/wp\/v2\/categories?post=373824"},{"taxonomy":"post_tag","embeddable":true,"href":"https:\/\/www.europesays.com\/fr\/wp-json\/wp\/v2\/tags?post=373824"}],"curies":[{"name":"wp","href":"https:\/\/api.w.org\/{rel}","templated":true}]}}