{"id":373826,"date":"2025-09-07T21:19:12","date_gmt":"2025-09-07T21:19:12","guid":{"rendered":"https:\/\/www.europesays.com\/fr\/373826\/"},"modified":"2025-09-07T21:19:12","modified_gmt":"2025-09-07T21:19:12","slug":"ce-qui-est-dit-a-mon-sujet-est-faux-et-invente-de-toutes-pieces-camille-cerf-tres-en-colere-2","status":"publish","type":"post","link":"https:\/\/www.europesays.com\/fr\/373826\/","title":{"rendered":"\u00ab\u00a0Ce qui est dit \u00e0 mon sujet est faux et invent\u00e9 de toutes pi\u00e8ces\u00a0\u00bb\u2026 Camille Cerf tr\u00e8s en col\u00e8re"},"content":{"rendered":"<p>Pas encore sorti et d\u00e9j\u00e0 des pol\u00e9miques autour du livre Miss France\u00a0: du r\u00eave \u00e0 la r\u00e9alit\u00e9. C\u2019est ce lundi que l\u2019ouvrage \u00e9crit par Hubert Gu\u00e9rin doit para\u00eetre. Dedans, cet ancien collaborateur de <a href=\"https:\/\/www.20minutes.fr\/actu-generale\/4048037-20230804-mort-genevieve-fontenay-internautes-rendent-dernier-hommage-mesure-mere-miss\" class=\"c-link c-link--is-underlined\" target=\"_blank\" rel=\"noopener\">Genevi\u00e8ve de\u00a0Fontenay<\/a> d\u00e9nonce de \u00ab\u00a0hauts dirigeants du concours accus\u00e9s d\u2019agressions sexuelles\u00a0\u00bb. Surtout Hubert Gu\u00e9rin a cit\u00e9 Camille Cerf, <a href=\"https:\/\/www.20minutes.fr\/arts-stars\/television\/miss_france\/\" class=\"c-link c-link--is-underlined\" target=\"_blank\" rel=\"noopener\">Miss France<\/a> 2015, sur le plateau de la nouvelle \u00e9mission de Cyril Hanouna <a href=\"https:\/\/www.20minutes.fr\/arts-stars\/television\/4170699-20250902-tout-beau-tout-n9uf-cyril-hanouna-tenu-promesses\" class=\"c-link c-link--is-underlined\" target=\"_blank\" rel=\"noopener\">\u00ab\u00a0Tout beau, tout neuf\u00a0\u00bb<\/a>, vendredi soir.<\/p>\n<p>\u00ab\u00a0Quand je recueille son t\u00e9moignage en\u00a02015, elle m\u2019explique que dans la rue elle a tous les jours des propositions sexuelles, on lui demande son 06, on lui montre des photos de p\u00e9nis\u2026\u00a0\u00bb, a-t-il d\u00e9clar\u00e9. Et \u00e7a, l\u2019ex-reine de beaut\u00e9 n\u2019a pas aim\u00e9.<\/p>\n<blockquote class=\"twitter-tweet\" align=\"center\" data-lang=\"fr_FR\">\n<p lang=\"fr\" dir=\"ltr\">Je n\u2019ai jamais discut\u00e9 avec Hubert Gu\u00e9rin, ce qu\u2019il dit \u00e0 mon sujet est faux et invent\u00e9 de toutes pi\u00e8ces.<br \/>Ses propos sont tr\u00e8s graves et je ne compte pas le laisser faire. <br \/>Pendant mon ann\u00e9e et depuis ces 10 ann\u00e9es, l\u2019Organisation Miss France m\u2019a toujours prot\u00e9g\u00e9e.<\/p>\n<p>\u2014 CamilleCerf (@CamilleCerfOff) <a href=\"https:\/\/twitter.com\/CamilleCerfOff\/status\/1964361015878905977?ref_src=twsrc%5Etfw\" target=\"_blank\" rel=\"noopener\">September 6, 2025<\/a><\/p><\/blockquote>\n<p class=\"mb-xxl@xs color-ultramarine font-weight-semi-bold@xs font-source-serif-pro heading-s@xs\">L\u2019acc\u00e8s \u00e0 ce contenu a \u00e9t\u00e9 bloqu\u00e9 afin de respecter votre choix de consentement<\/p>\n<p class=\"mb-m@xs text-l@xs\">En cliquant sur\u00ab J\u2019accepte \u00bb, vous acceptez le d\u00e9p\u00f4t de cookies par des services externes et aurez ainsi acc\u00e8s aux contenus de nos partenaires.<\/p>\n<p class=\"mb-xl@xs text-s@xs\">Plus d\u2019informations sur la page<a href=\"https:\/\/www.20minutes.fr\/gestion-cookies\" class=\"mx-xxs@xs color-ultramarine\" target=\"_blank\" rel=\"noopener\">Politique de gestion des cookies<\/a><\/p>\n<p>J\u2019accepte<\/p>\n<p>Camille Cerf a post\u00e9 sur X un message o\u00f9 elle contredit la sortie d\u2019Hubert Gu\u00e9rin\u00a0: \u00ab\u00a0Ce qu\u2019il dit \u00e0 mon sujet est faux et invent\u00e9 de toutes pi\u00e8ces.\u00a0\u00bb L\u2019ex-Miss Nord-Pas-de-Calais menace\u00a0: \u00ab\u00a0Je ne compte pas me laisser faire.\u00a0\u00bb<\/p>\n<\/p>\n<p>Sylvie Tellier n\u2019a \u00ab\u00a0jamais \u00e9t\u00e9 interview\u00e9e\u00a0\u00bb<\/p>\n<p>Ex-Miss France et ex-directrice du concours de beaut\u00e9, <a href=\"https:\/\/www.20minutes.fr\/dossier\/sylvie_tellier\" class=\"c-link c-link--is-underlined\" target=\"_blank\" rel=\"noopener\">Sylvie Tellier<\/a> a publi\u00e9 sur Instagram un long message o\u00f9 elle affirme n\u2019avoir \u00ab\u00a0jamais \u00e9t\u00e9 victime, ni t\u00e9moin, ni inform\u00e9e d\u2019agressions sexuelles au sein de Miss France\u00a0\u00bb. Elle affirme n\u2019avoir \u00ab\u00a0jamais \u00e9t\u00e9 interview\u00e9e\u00a0\u00bb par Hubert Gu\u00e9rin.<\/p>\n<p><img decoding=\"async\" alt=\"Publication de Sylvie Tellier sur Instagram, le 7 septembre 2025, en r\u00e9ponse aux accusations port\u00e9es contre des dirigeants de Miss France d'agressions sexuelles.\" class=\"c-img\" loading=\"lazy\" fetchpriority=\"auto\" width=\"718\"  src=\"https:\/\/img.20mn.fr\/qo5m4ZNMQ7KKeZd3r3pguSk\/718x0-0.09997829861111113x31.981445848941803-99.90002170138888\" \/>Publication de Sylvie Tellier sur Instagram, le 7 septembre 2025, en r\u00e9ponse aux accusations port\u00e9es contre des dirigeants de Miss France d&rsquo;agressions sexuelles.\u2002-\u00a0capture d&rsquo;\u00e9cran Instagram Sylvie Tellier<\/p>\n<p>Ce dimanche, dans <a href=\"https:\/\/www.leparisien.fr\/culture-loisirs\/il-ma-demande-si-jetais-vierge-une-ex-candidate-a-miss-bourgogne-denonce-un-harcelement-sexuel-07-09-2025-DZFQZMPNCBDOHBQTQPWH4XI7KM.php\" rel=\"nofollow noopener\" target=\"_blank\" class=\"c-link c-link--is-underlined\">Le Parisien<\/a>, Miss Ni\u00e8vre 2016 Ludivine Langlois a racont\u00e9 le <a href=\"https:\/\/www.20minutes.fr\/arts-stars\/people\/4171658-20250907-miss-france-toujours-vierge-ex-miss-devoile-harcelement-sexuel-vecu\" rel=\"nofollow noopener\" class=\"c-link c-link--is-underlined\" target=\"_blank\">harc\u00e8lement sexuel v\u00e9cu<\/a> lorsqu\u2019elle a candidat\u00e9 \u00e0 Miss Bourgogne.<\/p>\n<p><script async src=\"https:\/\/platform.twitter.com\/widgets.js\" charset=\"utf-8\"><\/script><\/p>\n","protected":false},"excerpt":{"rendered":"Pas encore sorti et d\u00e9j\u00e0 des pol\u00e9miques autour du livre Miss France\u00a0: du r\u00eave \u00e0 la r\u00e9alit\u00e9. C\u2019est&hellip;\n","protected":false},"author":2,"featured_media":373827,"comment_status":"","ping_status":"","sticky":false,"template":"","format":"standard","meta":{"footnotes":""},"categories":[8],"tags":[1267,58,59,1011,27,5686,27472,3034,973,104,35787,7434,797],"class_list":{"0":"post-373826","1":"post","2":"type-post","3":"status-publish","4":"format-standard","5":"has-post-thumbnail","7":"category-divertissement","8":"tag-agression-sexuelle","9":"tag-divertissement","10":"tag-entertainment","11":"tag-fr","12":"tag-france","13":"tag-metoo","14":"tag-miss","15":"tag-miss-france","16":"tag-people","17":"tag-societe","18":"tag-sylvie-tellier","19":"tag-violences-sexuelles-et-sexistes","20":"tag-violences-faites-aux-femmes"},"share_on_mastodon":{"url":"https:\/\/pubeurope.com\/@fr\/115165106659470578","error":""},"_links":{"self":[{"href":"https:\/\/www.europesays.com\/fr\/wp-json\/wp\/v2\/posts\/373826","targetHints":{"allow":["GET"]}}],"collection":[{"href":"https:\/\/www.europesays.com\/fr\/wp-json\/wp\/v2\/posts"}],"about":[{"href":"https:\/\/www.europesays.com\/fr\/wp-json\/wp\/v2\/types\/post"}],"author":[{"embeddable":true,"href":"https:\/\/www.europesays.com\/fr\/wp-json\/wp\/v2\/users\/2"}],"replies":[{"embeddable":true,"href":"https:\/\/www.europesays.com\/fr\/wp-json\/wp\/v2\/comments?post=373826"}],"version-history":[{"count":0,"href":"https:\/\/www.europesays.com\/fr\/wp-json\/wp\/v2\/posts\/373826\/revisions"}],"wp:featuredmedia":[{"embeddable":true,"href":"https:\/\/www.europesays.com\/fr\/wp-json\/wp\/v2\/media\/373827"}],"wp:attachment":[{"href":"https:\/\/www.europesays.com\/fr\/wp-json\/wp\/v2\/media?parent=373826"}],"wp:term":[{"taxonomy":"category","embeddable":true,"href":"https:\/\/www.europesays.com\/fr\/wp-json\/wp\/v2\/categories?post=373826"},{"taxonomy":"post_tag","embeddable":true,"href":"https:\/\/www.europesays.com\/fr\/wp-json\/wp\/v2\/tags?post=373826"}],"curies":[{"name":"wp","href":"https:\/\/api.w.org\/{rel}","templated":true}]}}