{"id":373832,"date":"2025-09-07T21:22:16","date_gmt":"2025-09-07T21:22:16","guid":{"rendered":"https:\/\/www.europesays.com\/fr\/373832\/"},"modified":"2025-09-07T21:22:16","modified_gmt":"2025-09-07T21:22:16","slug":"au-royaume-uni-pres-de-900-arrestations-lors-de-manifestations-propalestiniennes-interdites","status":"publish","type":"post","link":"https:\/\/www.europesays.com\/fr\/373832\/","title":{"rendered":"Au Royaume-Uni, pr\u00e8s de 900 arrestations lors de manifestations propalestiniennes interdites"},"content":{"rendered":"<p>        <img decoding=\"async\" loading=\"lazy\" src=\"https:\/\/www.europesays.com\/fr\/wp-content\/uploads\/2025\/09\/8092507_upload-1-1e7rmejse7e5-afp-20250906-73ly7da-v1-highres-britainpoliticsprotestisraelpalestinia.jpeg\"  width=\"728\" height=\"409\" alt=\"Un manifestant est emmen\u00e9 par des policiers lors d\u2019une manifestation en soutien au groupe interdit Palestine Action. \"\/>  <\/p>\n<p>JUSTIN TALLIS \/ AFP<\/p>\n<p>Un manifestant est emmen\u00e9 par des policiers lors d\u2019une manifestation en soutien au groupe interdit Palestine Action. <\/p>\n<p class=\"asset asset-text\">ROYAUME-UNIS &#8211; La police a arr\u00eat\u00e9 890 personnes \u00e0 Londres lors d\u2019une manifestation de soutien au groupe Palestine Action samedi 6\u00a0septembre, s\u2019ajoutant \u00e0 des centaines d\u2019autres au <a href=\"https:\/\/www.huffingtonpost.fr\/international\/article\/guerre-israel-hamas-a-londres-une-maree-humaine-dans-la-rue-en-soutien-aux-palestiniens_226250.html\" target=\"_blank\" rel=\"noopener\">Royaume-Uni<\/a> depuis l\u2019interdiction, tr\u00e8s critiqu\u00e9e, de cette organisation.<\/p>\n<p class=\"asset asset-text\">Les forces de l\u2019ordre avaient averti qu\u2019elles interpelleraient toute personne qui afficherait son soutien explicite \u00e0 ce mouvement, class\u00e9 comme \u00ab\u00a0terroriste\u00a0\u00bb par le gouvernement travailliste d\u00e9but juillet \u00e0 la suite d\u2019actes de vandalisme, notamment sur une base de l\u2019arm\u00e9e de l\u2019air. Mais plusieurs centaines de personnes ont brav\u00e9 le risque samedi \u00e0 partir de la mi-journ\u00e9e devant le Parlement britannique, brandissant des pancartes \u00ab\u00a0Je m\u2019oppose au g\u00e9nocide. Je soutiens Palestine Action\u00a0\u00bb.<\/p>\n<p class=\"asset asset-text\">Au total, la Metropolitan Police a annonc\u00e9 dimanche qu\u2019elle avait interpell\u00e9 890 personnes\u00a0: 857 pour soutien \u00e0 une organisation interdite en vertu de la l\u00e9gislation sur le terrorisme, et 33 pour d\u2019autres infractions, dont 17 pour violence envers des policiers.<\/p>\n<p class=\"asset asset-text\">\u00ab\u00a0La violence \u00e0 laquelle nous avons \u00e9t\u00e9 confront\u00e9s au cours de l\u2019op\u00e9ration \u00e9tait coordonn\u00e9e et men\u00e9e par un groupe de personnes, dont beaucoup portaient des masques pour dissimuler leur identit\u00e9, dans le but de cr\u00e9er autant de d\u00e9sordre que possible\u00a0\u00bb, a d\u00e9nonc\u00e9 dans un communiqu\u00e9 Claire Smart, une responsable de la Met Police. La veille elle avait d\u00e9j\u00e0 d\u00e9nonc\u00e9 un niveau de violences \u00ab\u00a0intol\u00e9rable\u00a0\u00bb en d\u00e9crivant des agents qui \u00ab\u00a0ont \u00e9t\u00e9 frapp\u00e9s, se sont fait cracher dessus et ont \u00e9t\u00e9 vis\u00e9s par des objets lanc\u00e9s par des manifestants\u00a0\u00bb.<\/p>\n<p>                     \u00ab\u00a0Pas des terroristes\u00a0\u00bb    <\/p>\n<p class=\"asset asset-text\">Durant le rassemblement, organis\u00e9 par l\u2019association Defend Our Juries, des tensions avaient \u00e9clat\u00e9 entre les forces de l\u2019ordre et des participants qui tentaient d\u2019emp\u00eacher les arrestations, avait constat\u00e9 une journaliste de l\u2019AFP.<\/p>\n<p class=\"asset asset-text\">\u00ab\u00a0Notre gouvernement a d\u00e9cid\u00e9 d\u2019interdire une organisation. C\u2019est totalement d\u00e9plac\u00e9 et il devrait passer plus de temps \u00e0 \u0153uvrer pour tenter d\u2019arr\u00eater le g\u00e9nocide (\u00e0 Gaza) plut\u00f4t que d\u2019essayer d\u2019arr\u00eater des manifestations\u00a0\u00bb, avait d\u00e9nonc\u00e9 aupr\u00e8s de l\u2019AFP Nigel, 62\u00a0ans, dirigeant d\u2019une entreprise de recyclage. Il avait \u00e9t\u00e9 interpell\u00e9 par la police, sous les cris de \u00ab\u00a0Honte \u00e0 vous\u00a0\u00bb , lanc\u00e9s aux forces de l\u2019ordre par d\u2019autres manifestants.<\/p>\n<p class=\"asset asset-text\">La police de la capitale britannique a indiqu\u00e9 avoir d\u00e9ploy\u00e9 plus de 2\u00a0500 agents pour encadrer une s\u00e9rie de manifestations pro-palestiniennes dans la journ\u00e9e, dont une marche de soutien qui selon elle a r\u00e9uni plus de 20\u00a0000 personnes et n\u2019a donn\u00e9 lieu qu\u2019\u00e0 \u00ab\u00a0tr\u00e8s peu d\u2019interpellations\u00a0\u00bb.<\/p>\n<p class=\"asset asset-text\">Avant son interdiction, Palestine Action revendiquait de d\u00e9noncer \u00ab\u00a0la complicit\u00e9 britannique\u00a0\u00bb avec l\u2019\u00c9tat d\u2019Isra\u00ebl, en particulier sur la question des ventes d\u2019armes. Cette interdiction a \u00e9t\u00e9 jug\u00e9e \u00ab\u00a0disproportionn\u00e9e\u00a0\u00bb par l\u2019ONU et d\u00e9nonc\u00e9e par des organisations de d\u00e9fense des droits humains et des personnalit\u00e9s comme le cin\u00e9aste britannique Ken Loach ou la romanci\u00e8re irlandaise Sally Rooney.<\/p>\n<p class=\"asset asset-text\">\u00ab\u00a0Lorsque le gouvernement arr\u00eate des personnes en vertu de la l\u00e9gislation antiterroriste pour avoir manifest\u00e9 pacifiquement, quelque chose ne va vraiment pas ici au Royaume-Uni\u00a0\u00bb, a d\u00e9nonc\u00e9 samedi sur X Amnesty International, qui critique depuis longtemps une l\u00e9gislation qu\u2019elle juge \u00ab\u00a0excessivement large et vague\u00a0\u00bb. \u00ab\u00a0Nous ne sommes pas des terroristes (&#8230;) Nous devons dire que Palestine Action a le droit d\u2019exister. L\u2019interdiction doit \u00eatre annul\u00e9e\u00a0\u00bb, avait insist\u00e9 Polly Smith, retrait\u00e9e de 74\u00a0ans pr\u00e9sente au rassemblement.<\/p>\n<p>    Plus de 64\u00a0000\u00a0morts \u00e0 Gaza    <\/p>\n<p class=\"asset asset-text\">Avant la mobilisation de samedi, plus de 800 personnes avaient d\u00e9j\u00e0 \u00e9t\u00e9 arr\u00eat\u00e9es depuis juillet, et 138 inculp\u00e9es de soutien ou d\u2019incitation au soutien \u00e0 une organisation terroriste. Elles risquent pour la plupart six mois de prison. Celles consid\u00e9r\u00e9es comme des organisateurs des rassemblements risquent jusqu\u2019\u00e0 14\u00a0ans d\u2019emprisonnement.<\/p>\n<p class=\"asset asset-text\">La cofondatrice de Palestine Action, Huda Ammori, a \u00e9t\u00e9 autoris\u00e9e \u00e0 contester en justice l\u2019interdiction du mouvement. Une audience est pr\u00e9vue en novembre.<\/p>\n<p class=\"asset asset-text\">D\u2019importantes manifestations de soutien aux Palestiniens ont lieu r\u00e9guli\u00e8rement au Royaume-Uni depuis le d\u00e9but de l\u2019offensive isra\u00e9lienne \u00e0 Gaza, d\u00e9clench\u00e9e par l\u2019attaque sans pr\u00e9c\u00e9dent du Hamas le 7\u00a0octobre\u00a02023.<\/p>\n<p class=\"asset asset-text\">Cette derni\u00e8re a entra\u00een\u00e9 la mort de 1\u00a0219 personnes c\u00f4t\u00e9 isra\u00e9lien, en majorit\u00e9 des civils, selon un d\u00e9compte de l\u2019AFP bas\u00e9 sur des donn\u00e9es officielles. Les repr\u00e9sailles isra\u00e9liennes ont fait au moins 64\u00a0368 morts \u00e0 Gaza, en majorit\u00e9 des femmes et des enfants, selon le minist\u00e8re de la Sant\u00e9 de Gaza, plac\u00e9 sous l\u2019autorit\u00e9 du Hamas, dont les chiffres sont jug\u00e9s fiables par l\u2019ONU.<\/p>\n","protected":false},"excerpt":{"rendered":"JUSTIN TALLIS \/ AFP Un manifestant est emmen\u00e9 par des policiers lors d\u2019une manifestation en soutien au groupe&hellip;\n","protected":false},"author":2,"featured_media":373833,"comment_status":"","ping_status":"","sticky":false,"template":"","format":"standard","meta":{"footnotes":""},"categories":[5],"tags":[11,1011,27,14,2088,12,3518,473,28],"class_list":{"0":"post-373832","1":"post","2":"type-post","3":"status-publish","4":"format-standard","5":"has-post-thumbnail","7":"category-international","8":"tag-actualites","9":"tag-fr","10":"tag-france","11":"tag-international","12":"tag-manifestation","13":"tag-news","14":"tag-palestine","15":"tag-royaume-uni","16":"tag-world"},"share_on_mastodon":{"url":"https:\/\/pubeurope.com\/@fr\/115165118358696575","error":""},"_links":{"self":[{"href":"https:\/\/www.europesays.com\/fr\/wp-json\/wp\/v2\/posts\/373832","targetHints":{"allow":["GET"]}}],"collection":[{"href":"https:\/\/www.europesays.com\/fr\/wp-json\/wp\/v2\/posts"}],"about":[{"href":"https:\/\/www.europesays.com\/fr\/wp-json\/wp\/v2\/types\/post"}],"author":[{"embeddable":true,"href":"https:\/\/www.europesays.com\/fr\/wp-json\/wp\/v2\/users\/2"}],"replies":[{"embeddable":true,"href":"https:\/\/www.europesays.com\/fr\/wp-json\/wp\/v2\/comments?post=373832"}],"version-history":[{"count":0,"href":"https:\/\/www.europesays.com\/fr\/wp-json\/wp\/v2\/posts\/373832\/revisions"}],"wp:featuredmedia":[{"embeddable":true,"href":"https:\/\/www.europesays.com\/fr\/wp-json\/wp\/v2\/media\/373833"}],"wp:attachment":[{"href":"https:\/\/www.europesays.com\/fr\/wp-json\/wp\/v2\/media?parent=373832"}],"wp:term":[{"taxonomy":"category","embeddable":true,"href":"https:\/\/www.europesays.com\/fr\/wp-json\/wp\/v2\/categories?post=373832"},{"taxonomy":"post_tag","embeddable":true,"href":"https:\/\/www.europesays.com\/fr\/wp-json\/wp\/v2\/tags?post=373832"}],"curies":[{"name":"wp","href":"https:\/\/api.w.org\/{rel}","templated":true}]}}