{"id":373834,"date":"2025-09-07T21:23:09","date_gmt":"2025-09-07T21:23:09","guid":{"rendered":"https:\/\/www.europesays.com\/fr\/373834\/"},"modified":"2025-09-07T21:23:09","modified_gmt":"2025-09-07T21:23:09","slug":"si-un-president-veut-mettre-en-place-un-regime-illiberal-en-france-il-peut-en-trouver-les-voies-liberation","status":"publish","type":"post","link":"https:\/\/www.europesays.com\/fr\/373834\/","title":{"rendered":"\u00abSi un pr\u00e9sident veut mettre en place un r\u00e9gime illib\u00e9ral en France, il peut en trouver les voies\u00bb \u2013 Lib\u00e9ration"},"content":{"rendered":"<p class=\"sc-cPiKLX AiZTS text-element\">\u00abJe vous pr\u00e9viens, je vais vous d\u00e9primer !\u00bb Alors que les oppositions s\u2019appr\u00eatent \u00e0 renverser, ce lundi 8 septembre, le Premier ministre, <a href=\"https:\/\/www.liberation.fr\/checknews\/quest-ce-que-le-vote-de-confiance-annonce-par-francois-bayrou-pour-le-8-septembre-20250825_IF3TC5LMCZDLFL3R7YRTITNENM\/\" target=\"_blank\" rel=\"noreferrer nofollow noopener\" title=\"https:\/\/www.liberation.fr\/checknews\/quest-ce-que-le-vote-de-confiance-annonce-par-francois-bayrou-pour-le-8-septembre-20250825_IF3TC5LMCZDLFL3R7YRTITNENM\/\">lors d\u2019un vote de confiance<\/a>, le constitutionnaliste <a href=\"https:\/\/www.liberation.fr\/portraits\/benjamin-morel-de-bonne-constitution-20240901_N5BCIJKWPVATLEGTZI2PMPE634\/\" target=\"_blank\" rel=\"nofollow noopener\" title=\"https:\/\/www.liberation.fr\/portraits\/benjamin-morel-de-bonne-constitution-20240901_N5BCIJKWPVATLEGTZI2PMPE634\/\">Benjamin Morel<\/a> d\u00e9cortique pour Lib\u00e9ration les sc\u00e9narios de l\u2019apr\u00e8s-Bayrou. L\u2019auteur du livre le Nouveau R\u00e9gime. Ou l\u2019impossible parlementarisme (Pass\u00e9s compos\u00e9s, 2025) dresse le tableau d\u2019un pays tripolaris\u00e9 o\u00f9 le \u00abfront r\u00e9publicain\u00bb, affaibli, n\u2019emp\u00eacherait plus une majorit\u00e9 Rassemblement national. Le ma\u00eetre de conf\u00e9rences en droit public \u00e0 l\u2019Universit\u00e9 Paris II Panth\u00e9on-Assas met \u00e9galement en garde qu\u2019\u00e0 \u00abConstitution \u00e9gale, on peut sortir de la loi lib\u00e9rale\u00bb. <\/p>\n<p class=\"sc-cPiKLX AiZTS text-element\"><b>Un Premier ministre qui sollicite la confiance des d\u00e9put\u00e9s, c\u2019est un suicide ou un retour \u00e0 la normale ?<\/b><\/p>\n<p class=\"sc-cPiKLX AiZTS text-element\">En droit, c\u2019est plut\u00f4t un retour \u00e0 la lettre de la Constitution. Politiquem <\/p>\n","protected":false},"excerpt":{"rendered":"\u00abJe vous pr\u00e9viens, je vais vous d\u00e9primer !\u00bb Alors que les oppositions s\u2019appr\u00eatent \u00e0 renverser, ce lundi 8&hellip;\n","protected":false},"author":2,"featured_media":373835,"comment_status":"","ping_status":"","sticky":false,"template":"","format":"standard","meta":{"footnotes":""},"categories":[4],"tags":[11,416,76,1011,27,431,12,25],"class_list":{"0":"post-373834","1":"post","2":"type-post","3":"status-publish","4":"format-standard","5":"has-post-thumbnail","7":"category-france","8":"tag-actualites","9":"tag-assemblee-nationale","10":"tag-constitution","11":"tag-fr","12":"tag-france","13":"tag-francois-bayrou","14":"tag-news","15":"tag-republique-francaise"},"share_on_mastodon":{"url":"https:\/\/pubeurope.com\/@fr\/115165122046884523","error":""},"_links":{"self":[{"href":"https:\/\/www.europesays.com\/fr\/wp-json\/wp\/v2\/posts\/373834","targetHints":{"allow":["GET"]}}],"collection":[{"href":"https:\/\/www.europesays.com\/fr\/wp-json\/wp\/v2\/posts"}],"about":[{"href":"https:\/\/www.europesays.com\/fr\/wp-json\/wp\/v2\/types\/post"}],"author":[{"embeddable":true,"href":"https:\/\/www.europesays.com\/fr\/wp-json\/wp\/v2\/users\/2"}],"replies":[{"embeddable":true,"href":"https:\/\/www.europesays.com\/fr\/wp-json\/wp\/v2\/comments?post=373834"}],"version-history":[{"count":0,"href":"https:\/\/www.europesays.com\/fr\/wp-json\/wp\/v2\/posts\/373834\/revisions"}],"wp:featuredmedia":[{"embeddable":true,"href":"https:\/\/www.europesays.com\/fr\/wp-json\/wp\/v2\/media\/373835"}],"wp:attachment":[{"href":"https:\/\/www.europesays.com\/fr\/wp-json\/wp\/v2\/media?parent=373834"}],"wp:term":[{"taxonomy":"category","embeddable":true,"href":"https:\/\/www.europesays.com\/fr\/wp-json\/wp\/v2\/categories?post=373834"},{"taxonomy":"post_tag","embeddable":true,"href":"https:\/\/www.europesays.com\/fr\/wp-json\/wp\/v2\/tags?post=373834"}],"curies":[{"name":"wp","href":"https:\/\/api.w.org\/{rel}","templated":true}]}}