{"id":373836,"date":"2025-09-07T21:24:15","date_gmt":"2025-09-07T21:24:15","guid":{"rendered":"https:\/\/www.europesays.com\/fr\/373836\/"},"modified":"2025-09-07T21:24:15","modified_gmt":"2025-09-07T21:24:15","slug":"il-a-joue-il-a-perdu-le-long-crepuscule-de-francois-bayrou-mediapart","status":"publish","type":"post","link":"https:\/\/www.europesays.com\/fr\/373836\/","title":{"rendered":"\u00ab Il a jou\u00e9, il a perdu \u00bb : le long cr\u00e9puscule de Fran\u00e7ois Bayrou &#8211; Mediapart"},"content":{"rendered":"<ol>\n<li><a href=\"https:\/\/news.google.com\/rss\/articles\/CBMipwFBVV95cUxOOXc1a1REdHFpWml0WnNMaENpU0pJa3FkakFIb1lZU2pvVlFqOTJaWGFjUy1kcEZPUl9oUWYyM3pqT19wdTJqMmpib1dOcWJWdEdBVC1EdU01MHBHWHdleHZLTGJ0eTNnM2wzemtlWWp2NnV6akVxU3dfVl9LanM3ZXJnVXBFaXdDUDh4SS1GM0RNcXl6dEVrRS1OZE10TnVVZHhkdTMwMA?oc=5\" target=\"_blank\" rel=\"noopener\">\u00ab Il a jou\u00e9, il a perdu \u00bb : le long cr\u00e9puscule de Fran\u00e7ois Bayrou<\/a>&nbsp;&nbsp;Mediapart<\/li>\n<li><a href=\"https:\/\/news.google.com\/rss\/articles\/CBMipwJBVV95cUxQWVNGRFd3WXI4S1Axc0o5ZnFUbWVNM1NBQ1NnV0JkMndtUHA3YTloaWliNWtvN0M4bDFoQjBzclZ3V3gzdXlTaENTb2doSjEtcEtOWGJrVmVFOWhwclV2RTFubS1tLTE1X1NVMlNrdkxLY01RMl8yLTFGQnJidjF3NTRLNEVqbk1FWHotOWx3NTc0SjdNUk5ycWtibkJ3XzdHQ2pxNTZONE5sVlIySGUzQUxVVUt1cUpaMDJZRFg5aWJUX2pmejRFRml5b3Q0dl92Vk5tQVRhSUxFT1FMeS1JenpEV1hvNFMwVC1rSXNoMnZlTmJOcWZFUFRlM2pieTNKZXFIV3lIR3BHaUZjdklMYXM4T3NRSzdjdU1EUmx5X1NyTThZbTZv?oc=5\" target=\"_blank\" rel=\"noopener\">Fran\u00e7ois Bayrou d\u00e9nonce des forces politiques \u00ab en guerre civile ouverte les unes avec les autres \u00bb et \u00ab ensemble pour abattre le gouvernement \u00bb<\/a>&nbsp;&nbsp;Le Monde.fr<\/li>\n<li><a href=\"https:\/\/news.google.com\/rss\/articles\/CBMi4wFBVV95cUxQMmxHRzY4QjBBTVFmcU1qdGdPbDNnM19kZy1Lc01uZ21aVlZHSVphV29tNUI5a0lVSURzRHB4TThhY1dvQmtLZXkxdW1pakY1MERtV2Y0Ym9reGdxdVhwejloMnFZbmpzMGtXUnlmX3B6NmxIalRpSlJFOHNzSlJYd2dTcWpOQktwS0hDV1JZWUdUQ1pGakVQWnZiTXM5aHRxVFRkYkNuNFZSZnBZOGNwcDZGSE1QWEhvczk0UU0wck1rclYwUG5vS2gxanY0VjQ3STFiYTJRQjRURVFZOFgzNWxOMA?oc=5\" target=\"_blank\" rel=\"noopener\">Vote de confiance : horaires, protocole&#8230; Que va-t-il se passer ce lundi \u00e0 l&rsquo;Assembl\u00e9e nationale<\/a>&nbsp;&nbsp;TF1 Info<\/li>\n<li><a href=\"https:\/\/news.google.com\/rss\/articles\/CBMi2wFBVV95cUxQOTdOMU1PbkFtMDh6NnNiSmV6MjN4TDMwb0xrMm5WUmdYZ0tBUHhHUlJWSFBpX3VZMWNHcEhkdDNLaEJUdlNUQ28tMGk2ZFFXVGNRVktlQ3UxUDh3WmxRUExEMExReGZEYllIVHBscGZQUUt4MThoNlpRMkpEVVhOc3VOemc4UUZ4UlduWTdIX3ROeno1dWkzbUg2aGFwQjIxNUowbDAtQ2pxd0EwUGx2ZzdQMGY5TVppbGJEVEZ4SkJ2MDdTMTUzaWM3NUpEdm1aZlJOS01Ddmx3VFE?oc=5\" target=\"_blank\" rel=\"noopener\">Quels sont les sc\u00e9narios possibles apr\u00e8s le vote de confiance du gouvernement Bayrou ?<\/a>&nbsp;&nbsp;Le Point<\/li>\n<li><a href=\"https:\/\/news.google.com\/rss\/articles\/CBMiigJBVV95cUxQWXVkUGo0TjJIbXBPSm1kSWhkZi1DZ2p3NG9wWU44aHlobWM5cHpNVXZnb3E0YjE4NTBvUHlucmlmUUlpLTFEbEZ1dFkzempxRzNhY2ZURHNqLUtsS0c2aVRCSjJxN056bE0wemotTzRBZm4tQ1MtSkplQUNLWFRnWUtObkUzNnlYd3ZCYWdNb0ZCczUzQ3JHYWlyRE1nNzZPMF9XYzc4eU9kUEUtMjBKMWQwRkxqeHNIcENZWHdKZFh2THdFTDd5TGNwbDNJSW1aMHhERjVTQjgyNFpuNWx5SHltSWFyVm9UcXBsU09DZlQtZWl2dERFQkZ3TzV2Z0g5anFoOVdsQk56UQ?oc=5\" target=\"_blank\" rel=\"noopener\">Vote de confiance : Fran\u00e7ois Bayrou r\u00e9unira ses ministres lundi soir \u00e0 Matignon<\/a>&nbsp;&nbsp;France Info<\/li>\n<\/ol>\n","protected":false},"excerpt":{"rendered":"\u00ab Il a jou\u00e9, il a perdu \u00bb : le long cr\u00e9puscule de Fran\u00e7ois Bayrou&nbsp;&nbsp;Mediapart Fran\u00e7ois Bayrou d\u00e9nonce&hellip;\n","protected":false},"author":2,"featured_media":373837,"comment_status":"","ping_status":"","sticky":false,"template":"","format":"standard","meta":{"footnotes":""},"categories":[2],"tags":[11,21738,1011,27,431,418,12,49393],"class_list":{"0":"post-373836","1":"post","2":"type-post","3":"status-publish","4":"format-standard","5":"has-post-thumbnail","7":"category-actualites","8":"tag-actualites","9":"tag-elysee-et-gouvernement","10":"tag-fr","11":"tag-france","12":"tag-francois-bayrou","13":"tag-gouvernement","14":"tag-news","15":"tag-vote-de-confiance"},"share_on_mastodon":{"url":"https:\/\/pubeurope.com\/@fr\/115165125871462249","error":""},"_links":{"self":[{"href":"https:\/\/www.europesays.com\/fr\/wp-json\/wp\/v2\/posts\/373836","targetHints":{"allow":["GET"]}}],"collection":[{"href":"https:\/\/www.europesays.com\/fr\/wp-json\/wp\/v2\/posts"}],"about":[{"href":"https:\/\/www.europesays.com\/fr\/wp-json\/wp\/v2\/types\/post"}],"author":[{"embeddable":true,"href":"https:\/\/www.europesays.com\/fr\/wp-json\/wp\/v2\/users\/2"}],"replies":[{"embeddable":true,"href":"https:\/\/www.europesays.com\/fr\/wp-json\/wp\/v2\/comments?post=373836"}],"version-history":[{"count":0,"href":"https:\/\/www.europesays.com\/fr\/wp-json\/wp\/v2\/posts\/373836\/revisions"}],"wp:featuredmedia":[{"embeddable":true,"href":"https:\/\/www.europesays.com\/fr\/wp-json\/wp\/v2\/media\/373837"}],"wp:attachment":[{"href":"https:\/\/www.europesays.com\/fr\/wp-json\/wp\/v2\/media?parent=373836"}],"wp:term":[{"taxonomy":"category","embeddable":true,"href":"https:\/\/www.europesays.com\/fr\/wp-json\/wp\/v2\/categories?post=373836"},{"taxonomy":"post_tag","embeddable":true,"href":"https:\/\/www.europesays.com\/fr\/wp-json\/wp\/v2\/tags?post=373836"}],"curies":[{"name":"wp","href":"https:\/\/api.w.org\/{rel}","templated":true}]}}