{"id":373838,"date":"2025-09-07T21:26:28","date_gmt":"2025-09-07T21:26:28","guid":{"rendered":"https:\/\/www.europesays.com\/fr\/373838\/"},"modified":"2025-09-07T21:26:28","modified_gmt":"2025-09-07T21:26:28","slug":"les-verts-arrachent-un-point","status":"publish","type":"post","link":"https:\/\/www.europesays.com\/fr\/373838\/","title":{"rendered":"Les Verts arrachent un point"},"content":{"rendered":"<p>Sur le terrain Aim\u00e9-Jacquet ce dimanche matin, les Rovenains marquent d\u2019entr\u00e9e et contre le court du jeu face \u00e0 de jeunes st\u00e9phanois gr\u00e2ce \u00e0 Reckian <strong>(0-1, 8e)<\/strong>. Si les Verts ne parviennent pas \u00e0 trouver le chemin des filets dans le premier acte, ils ne se montrent pas amorphes pour autant et parviennent \u00e0 cr\u00e9er du jeu face \u00e0 un 4-4-2 bien maitris\u00e9, g\u00e9rant bien les transitions. La r\u00e9compense arrive par Rayan Ait Amer (photo) qui remet les compteurs \u00e0 \u00e9galit\u00e9 avant le dernier quart d\u2019heure<strong> (1-1, 73e).<\/strong> Une joie de courte dur\u00e9e puisqu\u2019au terme d\u2019une action bien construite, les visiteurs reprennent l\u2019avantage par l\u2019interm\u00e9diaire de Malagouen <strong>(1-2, 77e)<\/strong>. Faisant preuve de caract\u00e8re, la jeune formation for\u00e9zienne arrache son premier point de la saison gr\u00e2ce \u00e0 une \u00e9galisation en toute fin de rencontre, obtenue par Shadai Lengui<strong> (2-2, 90e)<\/strong>. De quoi ravir Fr\u00e9d\u00e9ric Dugand qui voit d\u00e9j\u00e0 son \u00e9quipe \u00e9voluer en l\u2019espace de trois rencontres.<\/p>\n<p>La r\u00e9action du coach<\/p>\n<p>\u00ab\u00a0On signe un match coh\u00e9rent et int\u00e9ressant, avec une \u00e9quipe qui commence \u00e0 prendre le niveau et l\u2019exigence de ce championnat U19 National, livre Fr\u00e9d\u00e9ric Dugand.\u00a0Les joueurs ne se sont jamais \u00e9croul\u00e9s, ils ont gard\u00e9 une ligne de conduite, une structure, du jeu et ont \u00e9t\u00e9 r\u00e9compens\u00e9s \u00e0 la fin. Le bilan comptable ne nous satisfait pas, mais nous le sommes dans le caract\u00e8re que les joueurs ont montr\u00e9. L\u2019\u00e9quipe gagne en maturit\u00e9, elle apprend. Ce point est m\u00e9rit\u00e9 vu l\u2019investissement. Maintenant, il faut que l\u2019on travaille d\u00e9fensivement, car nous avons encaiss\u00e9 sept buts en trois rencontres. On a la capacit\u00e9 de marquer, il faut d\u00e9sormais verrouiller.<br \/>Le ressenti du staff est de voir une \u00e9quipe avancer. La profession est ind\u00e9niable sur les trois premi\u00e8res rencontres, dans l\u2019utilisation du ballon, dans le football plus mature et plus r\u00e9fl\u00e9chi que l\u2019on propose.\u00a0\u00bb<\/p>\n<p>La feuille de match<\/p>\n<p><strong>ASSE 2-2 Rovenain<\/strong><\/p>\n<p><strong>3\u00e8me journ\u00e9e \u2013 U19 National, poule D<\/strong><\/p>\n<p><strong>Dimanche 7 septembre au stade Aim\u00e9-Jacquet<\/strong><\/p>\n<p><strong>Mi-temps :\u00a00-1<\/strong><\/p>\n<p><strong>Buts :\u00a0<\/strong>Ait Amer (73e), Lengi (90e) pour l\u2019ASSE\u00a0; Reckian (8e), Malagouen (77e) pour Rovenain.<\/p>\n<p><strong>ASSE :\u00a0<\/strong>Masse, Teillol (puis Charros, 83e), Jolivet, Kasia, Lengue (puis Lengi, 71e), Mouton, Yvars (puis Epanya, 71e), Ait Amer, Vibert (puis Traore, 67e), Aini, Konte. Entra\u00eeneur : Fr\u00e9d\u00e9ric Dugand<\/p>\n","protected":false},"excerpt":{"rendered":"Sur le terrain Aim\u00e9-Jacquet ce dimanche matin, les Rovenains marquent d\u2019entr\u00e9e et contre le court du jeu face&hellip;\n","protected":false},"author":2,"featured_media":373839,"comment_status":"","ping_status":"","sticky":false,"template":"","format":"standard","meta":{"footnotes":""},"categories":[9653],"tags":[1111,11,2430,1777,674,1011,27,12,25,4001],"class_list":{"0":"post-373838","1":"post","2":"type-post","3":"status-publish","4":"format-standard","5":"has-post-thumbnail","7":"category-saint-etienne","8":"tag-actu","9":"tag-actualites","10":"tag-auvergne-rhone-alpes","11":"tag-eu","12":"tag-europe","13":"tag-fr","14":"tag-france","15":"tag-news","16":"tag-republique-francaise","17":"tag-saint-etienne"},"share_on_mastodon":{"url":"https:\/\/pubeurope.com\/@fr\/115165133700295234","error":""},"_links":{"self":[{"href":"https:\/\/www.europesays.com\/fr\/wp-json\/wp\/v2\/posts\/373838","targetHints":{"allow":["GET"]}}],"collection":[{"href":"https:\/\/www.europesays.com\/fr\/wp-json\/wp\/v2\/posts"}],"about":[{"href":"https:\/\/www.europesays.com\/fr\/wp-json\/wp\/v2\/types\/post"}],"author":[{"embeddable":true,"href":"https:\/\/www.europesays.com\/fr\/wp-json\/wp\/v2\/users\/2"}],"replies":[{"embeddable":true,"href":"https:\/\/www.europesays.com\/fr\/wp-json\/wp\/v2\/comments?post=373838"}],"version-history":[{"count":0,"href":"https:\/\/www.europesays.com\/fr\/wp-json\/wp\/v2\/posts\/373838\/revisions"}],"wp:featuredmedia":[{"embeddable":true,"href":"https:\/\/www.europesays.com\/fr\/wp-json\/wp\/v2\/media\/373839"}],"wp:attachment":[{"href":"https:\/\/www.europesays.com\/fr\/wp-json\/wp\/v2\/media?parent=373838"}],"wp:term":[{"taxonomy":"category","embeddable":true,"href":"https:\/\/www.europesays.com\/fr\/wp-json\/wp\/v2\/categories?post=373838"},{"taxonomy":"post_tag","embeddable":true,"href":"https:\/\/www.europesays.com\/fr\/wp-json\/wp\/v2\/tags?post=373838"}],"curies":[{"name":"wp","href":"https:\/\/api.w.org\/{rel}","templated":true}]}}