{"id":373842,"date":"2025-09-07T21:31:11","date_gmt":"2025-09-07T21:31:11","guid":{"rendered":"https:\/\/www.europesays.com\/fr\/373842\/"},"modified":"2025-09-07T21:31:11","modified_gmt":"2025-09-07T21:31:11","slug":"toulon-meteo-un-ciel-legerement-voile-lundi-sur-la-region-sud","status":"publish","type":"post","link":"https:\/\/www.europesays.com\/fr\/373842\/","title":{"rendered":"TOULON : M\u00e9t\u00e9o &#8211; Un ciel l\u00e9g\u00e8rement voil\u00e9 lundi sur la r\u00e9gion Sud"},"content":{"rendered":"<p><strong>Un ciel l\u00e9g\u00e8rement voil\u00e9 ce lundi sur la r\u00e9gion Sud, avec quelques passages nuageux sans cons\u00e9quence notable.<\/strong><\/p>\n<p>Les temp\u00e9ratures restent assez uniformes : entre 18 et 20\u00b0 le matin.<\/p>\n<p>L\u2019apr\u00e8s-midi, elles atteindront 26 \u00e0 28\u00b0. Comptez 27\u00b0 sur le littoral m\u00e9diterran\u00e9en, du Lavandou \u00e0 La Londe, en passant par <strong data-start=\"401\" data-end=\"474\">Hy\u00e8res, Carqueiranne, Toulon, Bandol, Saint-Cyr, La Ciotat, Marseille<\/strong>\u00a0et\u00a0<strong data-start=\"478\" data-end=\"496\">Carry-le-Rouet<\/strong>.<br data-start=\"497\" data-end=\"500\" data-is-only-node=\"\"\/>Dans l\u2019int\u00e9rieur, m\u00eames valeurs ou un peu plus : 27\u00b0 \u00e0\u00a0<strong data-start=\"555\" data-end=\"566\">Avignon<\/strong>\u00a0et\u00a0<strong data-start=\"570\" data-end=\"580\">Orange<\/strong>, 28\u00b0 autour d\u2019<strong data-start=\"595\" data-end=\"625\">Aix, Cabri\u00e8s, Bouc-Bel-Air<\/strong>\u00a0et\u00a0<strong data-start=\"629\" data-end=\"642\">Belcod\u00e8ne<\/strong>. Les Alpes-du-Sud afficheront des temp\u00e9ratures plus fra\u00eeches, autour de 26\u00b0 \u00e0\u00a0<strong data-start=\"721\" data-end=\"730\">Digne<\/strong>.<\/p>\n<p><strong>ComLaRadio\u00a0<\/strong><br \/><strong>Thierry CARI<\/strong><br \/><strong>Voix Off<\/strong><br \/><strong>Animateur \/ pr\u00e9sentateur<\/strong><br \/><strong><a href=\"https:\/\/presseagence.fr\/toulon-meteo-un-ciel-legerement-voile-lundi-sur-la-region-sud\/mailto:Contact@thierrycari.com\" rel=\"nofollow noopener\" target=\"_blank\">Contact@thierrycari.com<\/a><\/strong><br \/><strong><a href=\"http:\/\/www.thierrycari.com\" rel=\"nofollow noopener\" target=\"_blank\">www.thierrycari.com<\/a><\/strong><\/p>\n","protected":false},"excerpt":{"rendered":"Un ciel l\u00e9g\u00e8rement voil\u00e9 ce lundi sur la r\u00e9gion Sud, avec quelques passages nuageux sans cons\u00e9quence notable. Les&hellip;\n","protected":false},"author":2,"featured_media":268916,"comment_status":"","ping_status":"","sticky":false,"template":"","format":"standard","meta":{"footnotes":""},"categories":[9619],"tags":[1111,11,1777,674,1011,27,12,882,25,2310],"class_list":{"0":"post-373842","1":"post","2":"type-post","3":"status-publish","4":"format-standard","5":"has-post-thumbnail","7":"category-toulon","8":"tag-actu","9":"tag-actualites","10":"tag-eu","11":"tag-europe","12":"tag-fr","13":"tag-france","14":"tag-news","15":"tag-provence-alpes-cote-dazur","16":"tag-republique-francaise","17":"tag-toulon"},"share_on_mastodon":{"url":"https:\/\/pubeurope.com\/@fr\/115165153403475593","error":""},"_links":{"self":[{"href":"https:\/\/www.europesays.com\/fr\/wp-json\/wp\/v2\/posts\/373842","targetHints":{"allow":["GET"]}}],"collection":[{"href":"https:\/\/www.europesays.com\/fr\/wp-json\/wp\/v2\/posts"}],"about":[{"href":"https:\/\/www.europesays.com\/fr\/wp-json\/wp\/v2\/types\/post"}],"author":[{"embeddable":true,"href":"https:\/\/www.europesays.com\/fr\/wp-json\/wp\/v2\/users\/2"}],"replies":[{"embeddable":true,"href":"https:\/\/www.europesays.com\/fr\/wp-json\/wp\/v2\/comments?post=373842"}],"version-history":[{"count":0,"href":"https:\/\/www.europesays.com\/fr\/wp-json\/wp\/v2\/posts\/373842\/revisions"}],"wp:featuredmedia":[{"embeddable":true,"href":"https:\/\/www.europesays.com\/fr\/wp-json\/wp\/v2\/media\/268916"}],"wp:attachment":[{"href":"https:\/\/www.europesays.com\/fr\/wp-json\/wp\/v2\/media?parent=373842"}],"wp:term":[{"taxonomy":"category","embeddable":true,"href":"https:\/\/www.europesays.com\/fr\/wp-json\/wp\/v2\/categories?post=373842"},{"taxonomy":"post_tag","embeddable":true,"href":"https:\/\/www.europesays.com\/fr\/wp-json\/wp\/v2\/tags?post=373842"}],"curies":[{"name":"wp","href":"https:\/\/api.w.org\/{rel}","templated":true}]}}