{"id":373843,"date":"2025-09-07T21:32:47","date_gmt":"2025-09-07T21:32:47","guid":{"rendered":"https:\/\/www.europesays.com\/fr\/373843\/"},"modified":"2025-09-07T21:32:47","modified_gmt":"2025-09-07T21:32:47","slug":"resume-et-casting-le-resume-de-montpellier-toulon-rugby-7-min-2025","status":"publish","type":"post","link":"https:\/\/www.europesays.com\/fr\/373843\/","title":{"rendered":"R\u00e9sum\u00e9 et casting Le r\u00e9sum\u00e9 de Montpellier \/ Toulon Rugby 7 min 2025"},"content":{"rendered":"<p class=\"SummaryAvailability__summary___dX92N\">Regardez le r\u00e9sum\u00e9 vid\u00e9o de Montpellier \/ Toulon, match de la 01e journ\u00e9e de TOP 14 2025\/2026.   Que vous soyez supporter de Montpellier, de Toulon ou simplement passionn\u00e9 de rugby, ne manquez rien du TOP 14 sur l\u2019application CANAL+.  Tous les r\u00e9sum\u00e9s et 100% des essais de la comp\u00e9tition sont \u00e0 retrouver gratuitement, et cela toute la saison. <\/p>\n<p>Disponible plus de 6 mois<\/p>\n","protected":false},"excerpt":{"rendered":"Regardez le r\u00e9sum\u00e9 vid\u00e9o de Montpellier \/ Toulon, match de la 01e journ\u00e9e de TOP 14 2025\/2026. Que&hellip;\n","protected":false},"author":2,"featured_media":373844,"comment_status":"","ping_status":"","sticky":false,"template":"","format":"standard","meta":{"footnotes":""},"categories":[9619],"tags":[1111,11,1777,674,1011,27,12,882,25,2310],"class_list":{"0":"post-373843","1":"post","2":"type-post","3":"status-publish","4":"format-standard","5":"has-post-thumbnail","7":"category-toulon","8":"tag-actu","9":"tag-actualites","10":"tag-eu","11":"tag-europe","12":"tag-fr","13":"tag-france","14":"tag-news","15":"tag-provence-alpes-cote-dazur","16":"tag-republique-francaise","17":"tag-toulon"},"share_on_mastodon":{"url":"https:\/\/pubeurope.com\/@fr\/115165161343776387","error":""},"_links":{"self":[{"href":"https:\/\/www.europesays.com\/fr\/wp-json\/wp\/v2\/posts\/373843","targetHints":{"allow":["GET"]}}],"collection":[{"href":"https:\/\/www.europesays.com\/fr\/wp-json\/wp\/v2\/posts"}],"about":[{"href":"https:\/\/www.europesays.com\/fr\/wp-json\/wp\/v2\/types\/post"}],"author":[{"embeddable":true,"href":"https:\/\/www.europesays.com\/fr\/wp-json\/wp\/v2\/users\/2"}],"replies":[{"embeddable":true,"href":"https:\/\/www.europesays.com\/fr\/wp-json\/wp\/v2\/comments?post=373843"}],"version-history":[{"count":0,"href":"https:\/\/www.europesays.com\/fr\/wp-json\/wp\/v2\/posts\/373843\/revisions"}],"wp:featuredmedia":[{"embeddable":true,"href":"https:\/\/www.europesays.com\/fr\/wp-json\/wp\/v2\/media\/373844"}],"wp:attachment":[{"href":"https:\/\/www.europesays.com\/fr\/wp-json\/wp\/v2\/media?parent=373843"}],"wp:term":[{"taxonomy":"category","embeddable":true,"href":"https:\/\/www.europesays.com\/fr\/wp-json\/wp\/v2\/categories?post=373843"},{"taxonomy":"post_tag","embeddable":true,"href":"https:\/\/www.europesays.com\/fr\/wp-json\/wp\/v2\/tags?post=373843"}],"curies":[{"name":"wp","href":"https:\/\/api.w.org\/{rel}","templated":true}]}}