{"id":373845,"date":"2025-09-07T21:33:19","date_gmt":"2025-09-07T21:33:19","guid":{"rendered":"https:\/\/www.europesays.com\/fr\/373845\/"},"modified":"2025-09-07T21:33:19","modified_gmt":"2025-09-07T21:33:19","slug":"medecine-de-demain-et-innovations","status":"publish","type":"post","link":"https:\/\/www.europesays.com\/fr\/373845\/","title":{"rendered":"m\u00e9decine de demain et innovations"},"content":{"rendered":"<p>\u00ab\u00a0Futurapolis, c\u2019est un \u00e9v\u00e9nement que je prends tr\u00e8s au s\u00e9rieux\u00a0: j\u2019ai arr\u00eat\u00e9 de fumer pour faire une performance sur le parcours sant\u00e9\u00a0\u00bb, sourit \u00c9tienne Gernelle, directeur du Point, lors de la conf\u00e9rence de presse de pr\u00e9sentation du forum, le 4\u00a0septembre, \u00e0 Montpellier. La 9e \u00e9dition de Futurapolis Sant\u00e9 se penche sur la m\u00e9decine de demain, \u00e0 travers diff\u00e9rentes branches\u00a0: g\u00e9n\u00e9tique, cancer, intelligence artificielle et nutrition. Pendant deux jours, des conf\u00e9rences et ateliers gratuits se succ\u00e9deront au sein de l\u2019Op\u00e9ra Com\u00e9die de Montpellier. Lors de l\u2019\u00e9dition 2024, pr\u00e8s de 3000 spectateurs ont particip\u00e9 \u00e0 l\u2019\u00e9v\u00e9nement. L\u2019objectif de ce rassemblement\u00a0: \u00ab\u00a0rendre accessible \u00e0 tous, \u00e0 travers une quinzaine de conf\u00e9rences, les nouveaut\u00e9s mondiales du monde de la sant\u00e9 et de la m\u00e9decine\u00a0\u00bb, commente Anne Jeanblanc, responsable de l\u2019\u00e9v\u00e9nement.<\/p>\n<p>Plusieurs nouveaut\u00e9s \u00e0 l\u2019ordre du jour de cette \u00e9dition 2025\u00a0: la mise en place d\u2019un parcours sant\u00e9 qui comprend, selon le niveau choisi, 30 minutes de marche avec b\u00e2tons, 15 minutes d\u2019ateliers interactifs comme du rameur, de l\u2019\u00e9quilibre ou des tests de souplesse, ou encore une animation di\u00e9t\u00e9tique anim\u00e9e par le CHU de Montpellier \u00e0 base de quiz et d\u2019ateliers pratiques. Une visite du Site unique de biologie (SUB) est \u00e9galement pr\u00e9vue, pour d\u00e9couvrir les dessous d\u2019\u00e9tudes sur des micro-organismes.<\/p>\n<p>Des moustiques \u00e0 l\u2019\u00e9pig\u00e9n\u00e9tique<\/p>\n<p>Clelia Oliva, fondatrice de l\u2019entreprise Terratis, animera un atelier pour sensibiliser \u00e0 la prolif\u00e9ration des moustiques-tigres, dans une actualit\u00e9 marqu\u00e9e par une recrudescence des cas de chikungunya\u00a0[<a href=\"#nb1\" class=\"spip_note\" rel=\"appendix\" title=\"Plus de 300 cas en m\u00e9tropole depuis cet \u00e9t\u00e9\" id=\"nh1\">1<\/a>]. \u00ab\u00a0Nous parlerons \u00e9galement d\u2019\u00e9pig\u00e9n\u00e9tique, l\u2019\u00e9tude des m\u00e9canismes modifiant de mani\u00e8re r\u00e9versible l\u2019expression des g\u00e8nes. Cette discipline est l\u2019une des pistes pour soigner les cancers \u00e0 terme\u00a0\u00bb, indique Giacomo Cavalli, chercheur \u00e0 l\u2019institut de g\u00e9n\u00e9tique humaine de Montpellier.<\/p>\n<p>D\u2019autres th\u00e9matiques seront abord\u00e9es. Une \u00ab\u00a0patiente partenaire\u00a0\u00bb t\u00e9moignera\u00a0: \u00ab\u00a0Je suis une ancienne patiente de l\u2019Institut du Cancer de Montpellier. Mon r\u00f4le aupr\u00e8s des nouveaux patients, c\u2019est de les rassurer. Nous les accompagnons pour construire au mieux un parcours de soin individualis\u00e9\u00a0\u00bb, indique Delphine Le Turioner, accompagnatrice en sant\u00e9. \u00ab\u00a0Aujourd\u2019hui, nous travaillons sur l\u2019algologie\u00a0[<a href=\"#nb2\" class=\"spip_note\" rel=\"appendix\" title=\"Discipline m\u00e9dicale qui \u00e9value les douleurs chroniques\" id=\"nh2\">2<\/a>] et accompagnons les cons\u00e9quences des traitements. On perd ses cheveux, qu\u2019est-ce que \u00e7a implique\u00a0\u00bb, ajoute Pascal Pujol, chef du service d\u2019oncog\u00e9n\u00e9tique du CHU de Montpellier. Une conf\u00e9rence se d\u00e9roulera au sujet des tests salivaires, notamment dans le cadre de recherches g\u00e9n\u00e9alogiques\u00a0: \u00ab\u00a0Nous nous demanderons ce qu\u2019il se passe en dehors des circuits de diagnostics classiques. Ces tests, qui sont interdits en France, peuvent perturber certaines personnes, en apportant des r\u00e9v\u00e9lations g\u00e9n\u00e9alogiques pour le moins g\u00eanantes\u2026\u00a0\u00bb, avoue Marjolaine Willems, p\u00e9diatre et responsable du service de g\u00e9n\u00e9tique clinique au sein du CHU.<br class=\"autobr\"\/><br \/>\nJules Mestre<\/p>\n<p>Sur la photo\u00a0: \u00c9tienne Gernelle, directeur du Point, Micha\u00ebl Delafosse, maire de Montpellier, et Anne Jeanblanc, responsable \u00e9ditoriale de Futurapolis Sant\u00e9, pr\u00e9sentent l\u2019\u00e9dition 2025. Cr\u00e9dit\u00a0: Jules Mestre.<\/p>\n<p>Notes<\/p>\n<p>[<a href=\"#nh1\" class=\"spip_note\" title=\"Notes 1\" rev=\"appendix\">1<\/a>]\u00a0Plus de 300 cas en m\u00e9tropole depuis cet \u00e9t\u00e9<\/p>\n<p>[<a href=\"#nh2\" class=\"spip_note\" title=\"Notes 2\" rev=\"appendix\">2<\/a>]\u00a0Discipline m\u00e9dicale qui \u00e9value les douleurs chroniques<\/p>\n","protected":false},"excerpt":{"rendered":"\u00ab\u00a0Futurapolis, c\u2019est un \u00e9v\u00e9nement que je prends tr\u00e8s au s\u00e9rieux\u00a0: j\u2019ai arr\u00eat\u00e9 de fumer pour faire une performance&hellip;\n","protected":false},"author":2,"featured_media":373846,"comment_status":"","ping_status":"","sticky":false,"template":"","format":"standard","meta":{"footnotes":""},"categories":[9599],"tags":[1111,11,15154,1777,674,22942,1011,27,5701,223,224,2208,12,2680,959,25,71],"class_list":{"0":"post-373845","1":"post","2":"type-post","3":"status-publish","4":"format-standard","5":"has-post-thumbnail","7":"category-montpellier","8":"tag-actu","9":"tag-actualites","10":"tag-chu-de-montpellier","11":"tag-eu","12":"tag-europe","13":"tag-evenementiel","14":"tag-fr","15":"tag-france","16":"tag-innovation","17":"tag-intelligence-artificielle","18":"tag-medecine","19":"tag-montpellier","20":"tag-news","21":"tag-occitanie","22":"tag-recherche","23":"tag-republique-francaise","24":"tag-sante"},"share_on_mastodon":{"url":"https:\/\/pubeurope.com\/@fr\/115165161408228083","error":""},"_links":{"self":[{"href":"https:\/\/www.europesays.com\/fr\/wp-json\/wp\/v2\/posts\/373845","targetHints":{"allow":["GET"]}}],"collection":[{"href":"https:\/\/www.europesays.com\/fr\/wp-json\/wp\/v2\/posts"}],"about":[{"href":"https:\/\/www.europesays.com\/fr\/wp-json\/wp\/v2\/types\/post"}],"author":[{"embeddable":true,"href":"https:\/\/www.europesays.com\/fr\/wp-json\/wp\/v2\/users\/2"}],"replies":[{"embeddable":true,"href":"https:\/\/www.europesays.com\/fr\/wp-json\/wp\/v2\/comments?post=373845"}],"version-history":[{"count":0,"href":"https:\/\/www.europesays.com\/fr\/wp-json\/wp\/v2\/posts\/373845\/revisions"}],"wp:featuredmedia":[{"embeddable":true,"href":"https:\/\/www.europesays.com\/fr\/wp-json\/wp\/v2\/media\/373846"}],"wp:attachment":[{"href":"https:\/\/www.europesays.com\/fr\/wp-json\/wp\/v2\/media?parent=373845"}],"wp:term":[{"taxonomy":"category","embeddable":true,"href":"https:\/\/www.europesays.com\/fr\/wp-json\/wp\/v2\/categories?post=373845"},{"taxonomy":"post_tag","embeddable":true,"href":"https:\/\/www.europesays.com\/fr\/wp-json\/wp\/v2\/tags?post=373845"}],"curies":[{"name":"wp","href":"https:\/\/api.w.org\/{rel}","templated":true}]}}