{"id":373847,"date":"2025-09-07T21:34:24","date_gmt":"2025-09-07T21:34:24","guid":{"rendered":"https:\/\/www.europesays.com\/fr\/373847\/"},"modified":"2025-09-07T21:34:24","modified_gmt":"2025-09-07T21:34:24","slug":"remi-desbonnet-montpellierain-jusquen-2030","status":"publish","type":"post","link":"https:\/\/www.europesays.com\/fr\/373847\/","title":{"rendered":"R\u00e9mi Desbonnet, Montpelli\u00e9rain jusqu&rsquo;en 2030"},"content":{"rendered":"<p>La vie \u00e0 Montpellier continue pour<strong> R\u00e9mi Desbonnet<\/strong>. Le gardien de but tricolore s\u2019inscrit dans la dur\u00e9e en prolongeant son contrat au MHB jusqu\u2019en 2030. Comme une \u00e9vidence, apr\u00e8s avoir d\u00e9but\u00e9 le handball \u00e0 l\u2019\u00e2ge de 9 ans au gymnase de la Rauze\u00a0aux c\u00f4t\u00e9s de J\u00e9r\u00f4me Diaz et Fabrice Grasset.<\/p>\n<p>Depuis, c\u2019est un v\u00e9ritable lien fort qui s\u2019est cr\u00e9e pour celui qui a toujours aspir\u00e9 \u00e0 devenir joueur professionnel. Anim\u00e9 par les valeurs du sport collectif, R\u00e9mi Desbonnet a trouv\u00e9 sa place dans le hand en \u00e9voluant au sein des cat\u00e9gories jeunes du club. Apr\u00e8s un passage marquant chez le voisin N\u00eemois, le num\u00e9ro 92 est revenu dans sa ville pour \u00e9clore et constituer une paire de gardien de tr\u00e8s haut niveau aux c\u00f4t\u00e9s de Charles Bolzinger<\/p>\n<p><strong>Au total, R\u00e9mi Desbonnet avec le MHB c\u2019est\u00a02639 arr\u00eats en LiquiMoly StarLigue et Coupe de France et surtout 9 titres dont cette fameuse finale de Coupe de France dont il a \u00e9t\u00e9 l\u2019un des h\u00e9ros en 2025.<\/strong><\/p>\n<p>Au-del\u00e0 du terrain, c\u2019est un v\u00e9ritable leader et un fervent porte-drapeau du territoire qui s\u2019inscrit sur le long terme avec le MHB. Avec cette prolongation, le Montpellier Handball renforce sa base arri\u00e8re pour continuer \u00e0 viser toujours plus haut\u00a0!<\/p>\n<p>&#13;<br \/>\n    \u00a0\u00bb Pour tous les jeunes de Montpellier, jouer et performer au MHB c\u2019est pr\u00e9cieux. Je suis revenu au club avec beaucoup de choses \u00e0 prouver. M\u2019inscrire dans la dur\u00e9e au MHB est une \u00e9norme validation dans ma carri\u00e8re. J\u2019ai la profonde sensation que c\u2019est ici que je m\u2019\u00e9panouie le mieux. \u00ab\u00a0&#13;<\/p>\n","protected":false},"excerpt":{"rendered":"La vie \u00e0 Montpellier continue pour R\u00e9mi Desbonnet. Le gardien de but tricolore s\u2019inscrit dans la dur\u00e9e en&hellip;\n","protected":false},"author":2,"featured_media":373848,"comment_status":"","ping_status":"","sticky":false,"template":"","format":"standard","meta":{"footnotes":""},"categories":[9599],"tags":[1111,11,1777,674,1011,27,2208,12,2680,25],"class_list":{"0":"post-373847","1":"post","2":"type-post","3":"status-publish","4":"format-standard","5":"has-post-thumbnail","7":"category-montpellier","8":"tag-actu","9":"tag-actualites","10":"tag-eu","11":"tag-europe","12":"tag-fr","13":"tag-france","14":"tag-montpellier","15":"tag-news","16":"tag-occitanie","17":"tag-republique-francaise"},"share_on_mastodon":{"url":"https:\/\/pubeurope.com\/@fr\/115165165203658006","error":""},"_links":{"self":[{"href":"https:\/\/www.europesays.com\/fr\/wp-json\/wp\/v2\/posts\/373847","targetHints":{"allow":["GET"]}}],"collection":[{"href":"https:\/\/www.europesays.com\/fr\/wp-json\/wp\/v2\/posts"}],"about":[{"href":"https:\/\/www.europesays.com\/fr\/wp-json\/wp\/v2\/types\/post"}],"author":[{"embeddable":true,"href":"https:\/\/www.europesays.com\/fr\/wp-json\/wp\/v2\/users\/2"}],"replies":[{"embeddable":true,"href":"https:\/\/www.europesays.com\/fr\/wp-json\/wp\/v2\/comments?post=373847"}],"version-history":[{"count":0,"href":"https:\/\/www.europesays.com\/fr\/wp-json\/wp\/v2\/posts\/373847\/revisions"}],"wp:featuredmedia":[{"embeddable":true,"href":"https:\/\/www.europesays.com\/fr\/wp-json\/wp\/v2\/media\/373848"}],"wp:attachment":[{"href":"https:\/\/www.europesays.com\/fr\/wp-json\/wp\/v2\/media?parent=373847"}],"wp:term":[{"taxonomy":"category","embeddable":true,"href":"https:\/\/www.europesays.com\/fr\/wp-json\/wp\/v2\/categories?post=373847"},{"taxonomy":"post_tag","embeddable":true,"href":"https:\/\/www.europesays.com\/fr\/wp-json\/wp\/v2\/tags?post=373847"}],"curies":[{"name":"wp","href":"https:\/\/api.w.org\/{rel}","templated":true}]}}