{"id":373850,"date":"2025-09-07T21:42:31","date_gmt":"2025-09-07T21:42:31","guid":{"rendered":"https:\/\/www.europesays.com\/fr\/373850\/"},"modified":"2025-09-07T21:42:31","modified_gmt":"2025-09-07T21:42:31","slug":"le-nombre-deleves-handicapes-ayant-droit-a-un-accompagnement-en-forte-hausse-en","status":"publish","type":"post","link":"https:\/\/www.europesays.com\/fr\/373850\/","title":{"rendered":"Le nombre d\u2019\u00e9l\u00e8ves handicap\u00e9s ayant droit \u00e0 un accompagnement en forte hausse en"},"content":{"rendered":"<tr wp_automatic_readability=\"5.8941176470588\">\n<td valign=\"middle\" align=\"center\" class=\"col-logo\" wp_automatic_readability=\"5\">\n    <img decoding=\"async\" src=\"https:\/\/maville.com\/design\/images\/logo-of-monetise.svg?version=20130627\" alt=\"logo Ouest-France\" height=\"66\"\/><\/p>\n<p>Contenu r\u00e9serv\u00e9 aux abonn\u00e9s<\/p>\n<\/td>\n<td class=\"col-titre\">\n\t\t\tDimanche 07 septembre 2025 17:46<br \/>\n\t\t\t<a class=\"icon-bulle sizeL count\" href=\"#ancreAvis\"><br \/>\n\t&#8230;<br \/>\n<\/a><\/td>\n<\/tr>\n<p>\t\t<a class=\"mavillebox2 elmt-photo\" href=\"https:\/\/maville.com\/photosmvi\/2025\/09\/07\/P35447427D6964540G.jpg\" title=\" Pas moins de 2 121 droits \u00e0 l\u2019accompagnement avaient \u00e9t\u00e9 accord\u00e9s en 2023 en Ille-et-Vilaine. En 2025, il y a en 2\u00a0639.  \u00a9  Ouest-France  &lt;!--TAG-BLC credit--&gt;\" rel=\"galerie_actu noopener\" target=\"_blank\"><br \/>\n\t<img decoding=\"async\" src=\"https:\/\/www.europesays.com\/fr\/wp-content\/uploads\/2025\/09\/P35447427D6964540G_crop_640-330_.jpg\" alt=\"photo  pas moins de 2 121 droits \u00e0 l\u2019accompagnement avaient \u00e9t\u00e9 accord\u00e9s en 2023 en ille-et-vilaine. en 2025, il y a en 2\u00a0639.  \u00a9  ouest-france \"\/><br \/>\n\t2<br \/>\n<\/a><\/p>\n<p class=\"elmt-legende\"> Pas moins de 2 121 droits \u00e0 l\u2019accompagnement avaient \u00e9t\u00e9 accord\u00e9s en 2023 en Ille-et-Vilaine. En 2025, il y a en 2\u00a0639.  \u00a9  Ouest-France  <\/p>\n<p><a class=\"mavillebox2\" href=\"https:\/\/maville.com\/photosmvi\/2025\/09\/07\/P35447428D6964540G.jpg\" title=\"une banderole a \u00e9t\u00e9 accroch\u00e9e \u00e0 la grille de l\u2019\u00e9cole joseph-lotte \u00e0 rennes. \u00a9  j.l \" rel=\"galerie_actu noopener\" target=\"_blank\"><\/p>\n<p>\t\tEn cette rentr\u00e9e 2025, le manque d\u2019accompagnants pour les \u00e9l\u00e8ves en situation de handicap (AESH) est d\u00e9plor\u00e9 dans de nombreux \u00e9tablissements. En plus de la difficult\u00e9 \u00e0 recruter, c\u2019est la tr\u00e8s forte hausse du nombre d\u2019\u00e9l\u00e8ves b\u00e9n\u00e9ficiant d\u2019un droit \u00e0 l\u2019accompagnement qui expliquerait cette situation. En deux ans, il a en effet bondi de pr\u00e8s de 25\u00a0% en Ille-et-Vilaine.<\/p>\n<p><b>Cet article est r\u00e9serv\u00e9 aux abonn\u00e9s<\/b><\/p>\n<p>Pour un acc\u00e8s imm\u00e9diat, abonnez-vous<\/p>\n<p><b>1\u00e8re semaine offerte<\/b><\/p>\n<p>\t\t Glen RECOURT et Romain LECOMPTE. \u00a0\u00a0<br \/>\n\t\tOuest-France<\/p>\n<p>Retrouvez d&rsquo;autres actus sur les communes de :<\/p>\n<p>\t\t&#13;<\/p>\n","protected":false},"excerpt":{"rendered":"Contenu r\u00e9serv\u00e9 aux abonn\u00e9s Dimanche 07 septembre 2025 17:46 &#8230; 2 Pas moins de 2 121 droits \u00e0&hellip;\n","protected":false},"author":2,"featured_media":373851,"comment_status":"","ping_status":"","sticky":false,"template":"","format":"standard","meta":{"footnotes":""},"categories":[2821],"tags":[9269,1111,11,829,6084,1121,1777,674,9212,1011,27,38901,4508,848,12,19256,584,25],"class_list":{"0":"post-373850","1":"post","2":"type-post","3":"status-publish","4":"format-standard","5":"has-post-thumbnail","7":"category-rennes","8":"tag-accompagnement","9":"tag-actu","10":"tag-actualites","11":"tag-bretagne","12":"tag-droit","13":"tag-eleves","14":"tag-eu","15":"tag-europe","16":"tag-forte","17":"tag-fr","18":"tag-france","19":"tag-handicapes","20":"tag-hausse","21":"tag-ille-et-vilaine","22":"tag-news","23":"tag-nombre","24":"tag-rennes","25":"tag-republique-francaise"},"share_on_mastodon":{"url":"https:\/\/pubeurope.com\/@fr\/115165197351239458","error":""},"_links":{"self":[{"href":"https:\/\/www.europesays.com\/fr\/wp-json\/wp\/v2\/posts\/373850","targetHints":{"allow":["GET"]}}],"collection":[{"href":"https:\/\/www.europesays.com\/fr\/wp-json\/wp\/v2\/posts"}],"about":[{"href":"https:\/\/www.europesays.com\/fr\/wp-json\/wp\/v2\/types\/post"}],"author":[{"embeddable":true,"href":"https:\/\/www.europesays.com\/fr\/wp-json\/wp\/v2\/users\/2"}],"replies":[{"embeddable":true,"href":"https:\/\/www.europesays.com\/fr\/wp-json\/wp\/v2\/comments?post=373850"}],"version-history":[{"count":0,"href":"https:\/\/www.europesays.com\/fr\/wp-json\/wp\/v2\/posts\/373850\/revisions"}],"wp:featuredmedia":[{"embeddable":true,"href":"https:\/\/www.europesays.com\/fr\/wp-json\/wp\/v2\/media\/373851"}],"wp:attachment":[{"href":"https:\/\/www.europesays.com\/fr\/wp-json\/wp\/v2\/media?parent=373850"}],"wp:term":[{"taxonomy":"category","embeddable":true,"href":"https:\/\/www.europesays.com\/fr\/wp-json\/wp\/v2\/categories?post=373850"},{"taxonomy":"post_tag","embeddable":true,"href":"https:\/\/www.europesays.com\/fr\/wp-json\/wp\/v2\/tags?post=373850"}],"curies":[{"name":"wp","href":"https:\/\/api.w.org\/{rel}","templated":true}]}}