{"id":373854,"date":"2025-09-07T21:44:21","date_gmt":"2025-09-07T21:44:21","guid":{"rendered":"https:\/\/www.europesays.com\/fr\/373854\/"},"modified":"2025-09-07T21:44:21","modified_gmt":"2025-09-07T21:44:21","slug":"5-astuces-pour-sen-sortir-financierement-quand-on-vit-a-strasbourg","status":"publish","type":"post","link":"https:\/\/www.europesays.com\/fr\/373854\/","title":{"rendered":"5 astuces pour s&rsquo;en sortir financi\u00e8rement quand on vit \u00e0 Strasbourg"},"content":{"rendered":"<p><b>Ces derni\u00e8res ann\u00e9es, la pr\u00e9carit\u00e9 \u00e9tudiante n\u2019a cess\u00e9 de cro\u00eetre car l\u2019augmentation du co\u00fbt de la vie frappe Strasbourg de plein fouet. Pour t\u2019\u00e9pauler au mieux, voici un r\u00e9cap\u2019 des aides auxquelles tu peux pr\u00e9tendre et des dispositifs solidaires vers lesquels te tourner.<\/b><\/p>\n<p>Des aides financi\u00e8res \u00e0 ne pas louper<\/p>\n<p>L\u2019ensemble des aides que l\u2019on peut obtenir en tant qu\u2019\u00e9tudiant(e) sont consultables <a href=\"https:\/\/www.etudiant.gouv.fr\/fr\/vos-aides-financieres-1896\" target=\"_blank\" rel=\"noopener nofollow\">dans la rubrique<b> \u00ab vos aides financi\u00e8res \u00bb <\/b>de la plateforme \u00e9tudiant.gouv.fr<\/a> ou dans <a href=\"https:\/\/messervices.etudiant.gouv.fr\/\" target=\"_blank\" rel=\"noopener nofollow\">la rubrique <b>\u00ab mes services \u00bb<\/b><\/a><b>,<\/b> qui permet notamment de constituer <b>son Dossier social \u00e9tudiant. <\/b>Plusieurs aides compl\u00e9mentaires sont aussi r\u00e9pertori\u00e9es, comme <b>l\u2019aide au m\u00e9rite<\/b> (environ 900\u20ac\/an), <strong>l<\/strong><b>\u2019aide \u00e0 la mobilit\u00e9 Parcoursup <\/b>(500\u20ac), <b>l\u2019aide \u00e0 la mobilit\u00e9 internationale<\/b> (400\u20ac\/mois) et d\u2019autres aides sp\u00e9cifiques.<\/p>\n<p><b>La R\u00e9gion Grand Est <\/b>dispose elle aussi d\u2019un panel d\u2019aides destin\u00e9es aux jeunes et aux \u00e9tudiant(e)s. Parmi elles, on retrouve <a href=\"https:\/\/www.grandest.fr\/vos-aides-regionales\/mobilite-internationale-etudiants\/\" target=\"_blank\" rel=\"noopener nofollow\"><b>l\u2019aide \u00e0 la mobilit\u00e9 internationale<\/b><\/a> (200\u20ac \u00e0 1 100\u20ac), <a href=\"https:\/\/www.grandest.fr\/vos-aides-regionales\/prise-charge-frais-de-formation-secteur-sanitaire-social\/\" target=\"_blank\" rel=\"noopener nofollow\"><b>la Bourse du secteur sanitaire et social<\/b><\/a> (prise en charge des frais de formation), ou encore celle d\u00e9di\u00e9e aux<a href=\"https:\/\/www.grandest.fr\/vos-aides-regionales\/experience-de-jeunesse\/\" target=\"_blank\" rel=\"noopener nofollow\"><b> projets professionnalisant-entrepreneurial ou les projets culturels<\/b><\/a> (jusqu\u2019\u00e0 2 000\u20ac). Elles sont toutes d\u00e9taill\u00e9es sur le site <a href=\"https:\/\/www.grandest.fr\/aides\/?txt=%C3%A9tudiant&amp;pg=1\" target=\"_blank\" rel=\"noopener nofollow\">Grandest.fr<\/a>.<\/p>\n<p>    <img width=\"800\" height=\"533\" src=\"https:\/\/www.europesays.com\/fr\/wp-content\/uploads\/2025\/08\/etudiants-reportage-photos-covid-laurent-khram-thea-3-scaled.jpg\" class=\"attachment-image-size-L size-image-size-L\" alt=\"etudiants-reportage-photos-covid-laurent-khram-thea-3\" decoding=\"async\" loading=\"lazy\"  \/>         \u00a9 Laurent Khram \/ Document remis <\/p>\n<p><b>Les mutuelles \u00e9tudiantes<\/b> pr\u00e9sentes \u00e0 Strasbourg disposent \u00e9galement de leurs propres aides solidaires. <a href=\"https:\/\/www.lmde.fr\/blog\/sante-bien-etre\/3-aides-solidaires-et-sociales-pour-accompagner-les-etudiants\/\" target=\"_blank\" rel=\"noopener nofollow\"><b>La LMDE propose trois aides solidaires et sociales pour accompagner les \u00e9tudiant(e)s.<\/b><\/a> Le fonds de secours \u00e9tudes Mutexam aide \u00e0 <b>r\u00e9gler les frais de r\u00e9inscription en cas de redoublement <\/b>de la m\u00eame ann\u00e9e d\u2019\u00e9tudes. L\u2019Allocation mutualiste de solidarit\u00e9 <b>couvre des frais m\u00e9dicaux <\/b>li\u00e9s \u00e0 une maladie, un accident ou un traitement. La mutuelle \u00e9tudiante pr\u00e9voit aussi un fonds <b>d\u2019aide \u00e0 caract\u00e8re exceptionnel en cas de handicap.<\/b><\/p>\n<p><b>La MGEL,<\/b> quant \u00e0 elle, a mis en place <a href=\"https:\/\/fave-mgel.org\/projets\/microcredit-social-etudiant\/\" target=\"_blank\" rel=\"noopener nofollow\"><b>un microcr\u00e9dit social \u00e9tudiant<\/b> <\/a>qui permet de b\u00e9n\u00e9ficier d\u2019un emprunt<b> de 500\u20ac \u00e0 3000\u20ac <\/b>pour financer un projet en lien avec ses \u00e9tudes (h\u00e9bergement, stage, frais de sant\u00e9, ou poursuite d\u2019\u00e9tudes \u00e0 l\u2019\u00e9tranger). Pour y acc\u00e9der, il suffit d\u2019\u00eatre \u00e9tudiant(e) en Alsace en deuxi\u00e8me ann\u00e9e d\u2019\u00e9tudes et <b>prendre rendez-vous avec la MGEL.<\/b><\/p>\n<p>    <img width=\"800\" height=\"533\" src=\"https:\/\/www.europesays.com\/fr\/wp-content\/uploads\/2025\/09\/etudiants-strasbourgeois-galere-confinement-1.jpg\" class=\"attachment-image-size-L size-image-size-L\" alt=\"pr\u00e9carit\u00e9  etudiants frigo vide pr\u00e9carit\u00e9 pauvret\u00e9 alimentation\" decoding=\"async\" loading=\"lazy\"  \/>         \u00a9 Mathilde Piaud \/ Pokaa <\/p>\n<p>Bien s\u00fbr, c\u2019est toujours fastidieux de parcourir l\u2019ensemble des aides et des crit\u00e8res demand\u00e9s et de constituer un dossier pour esp\u00e9rer pouvoir y pr\u00e9tendre. <b>Mais cela vaut vraiment le coup de s\u2019y int\u00e9resser.<\/b> Certaines aides sont d\u2019ailleurs cumulables et peuvent avoir un impact sur ton ann\u00e9e universitaire et soulager tes d\u00e9penses. Ces ann\u00e9es sont importantes et il faut en profiter au maximum,<b> alors pourquoi s\u2019en priver ?<\/b><\/p>\n<p>Des assistant(e)s social(e)s pour r\u00e9ussir \u00e0 s\u2019y retrouver<\/p>\n<p>Comme il peut \u00eatre difficile de s\u2019y retrouver parmi toutes les aides propos\u00e9es, <strong>d<\/strong><b>es assistant(e)s social(e)s r\u00e9f\u00e9rent(e)s sont pr\u00e9sent(e)s sur le campus. <\/b>Ils et elles peuvent vous accompagner personnellement selon la situation administrative et vous orienter vers les aides accessibles.<\/p>\n<p>Pour prendre rendez-vous, il faut passer par <b>le site <\/b><a href=\"https:\/\/mesrdv.etudiant.gouv.fr\/fr\" target=\"_blank\" rel=\"noopener nofollow\"><b>Mesrdvetudiant.gouv.fr<\/b><\/a> en renseignant le Crous de Strasbourg et le lieu d\u2019\u00e9tudes. Sinon, <b>le secr\u00e9tariat social du Crous de Strasbourg<\/b> est install\u00e9 au <b>8bis rue de Palerme<\/b> et il est ouvert du lundi au vendredi, de 9h \u00e0 12h et de 14h \u00e0 16h. Il est aussi possible de les contacter au 03 88 21 28 48.<\/p>\n<p>    <img width=\"800\" height=\"533\" src=\"https:\/\/www.europesays.com\/fr\/wp-content\/uploads\/2025\/09\/etudiants-reportage-photos-covid-laurent-khram-maellis-8-scaled.jpg\" class=\"attachment-image-size-L size-image-size-L\" alt=\"etudiants-reportage-photos-covid-laurent-khram-maellis-8\" decoding=\"async\" loading=\"lazy\"  \/>         \u00a9 Laurent Khram \/ Document remis <\/p>\n<p>Une entraide \u00e9tudiante via l\u2019AFGES<\/p>\n<p><b>L\u2019AFGES <\/b>(Association f\u00e9d\u00e9rative g\u00e9n\u00e9rale des \u00e9tudiants de Strasbourg) dispose <b>d\u2019une hotline \u00e0 contacter 24h\/24. <\/b>Les \u00e9lu(e)s \u00e9tudiant(e)s r\u00e9pondent \u00e0 toutes sortes de probl\u00e9matiques : bourses, repas \u00e0 1\u20ac, inscriptions, admissions en master, etc. Ils et elles sont joignables 7 jours sur 7 et 24h sur 24, via cette adresse mail : <a href=\"http:\/\/pokaa.fr\/cdn-cgi\/l\/email-protection#acc4c3d8c0c5c2c9eccdcacbc9df82c3decb\" target=\"_blank\" rel=\"noopener nofollow\"><b>[email\u00a0protected]<\/b><\/a><b>.<\/b><\/p>\n<p>L\u2019association \u00e9tudiante a aussi r\u00e9dig\u00e9 <a href=\"https:\/\/afges.org\/wp-content\/uploads\/2024\/11\/GASE-2023.pdf\" target=\"_blank\" rel=\"noopener nofollow\"><b>un guide des aides financi\u00e8res<\/b><\/a><b> tr\u00e8s complet<\/b>, \u00e0 destination des \u00e9tudiant(e)s. Il r\u00e9pertorie toutes sortes d\u2019informations sur les bourses, les aides au logement, les aides au transport, aux apprenti(e)s ou encore \u00e0 la mobilit\u00e9 internationale.<\/p>\n<p>    <img width=\"800\" height=\"600\" src=\"https:\/\/www.europesays.com\/fr\/wp-content\/uploads\/2025\/09\/img-2018-copie-800x600.jpg\" class=\"attachment-image-size-L size-image-size-L\" alt=\"gallia crous pr\u00e9carit\u00e9 \u00e9tudiante\" decoding=\"async\" loading=\"lazy\"  \/>         \u00a9 Coraline Lafon \/ Pokaa <\/p>\n<p>Des r\u00e9ductions en pagaille<\/p>\n<p>Mis en place depuis 2010, la Ville de Strasbourg <a href=\"https:\/\/pokaa.fr\/2024\/10\/10\/la-nouvelle-tarification-solidaire-en-6-points-a-strasbourg-vous-ferez-peut-etre-des-economies\/\" target=\"_blank\" rel=\"noopener nofollow\"><b>a r\u00e9cemment mis \u00e0 jour l\u2019ensemble de son dispositif de tarification solidaire.<\/b><\/a> Concr\u00e8tement, tous les Strasbourgeois et toutes les Strasbourgeoises peuvent faire une demande afin <b>d\u2019obtenir leur quotient familial, <\/b><a href=\"https:\/\/www.strasbourg.eu\/tarification-solidaire\" target=\"_blank\" rel=\"noopener nofollow\"><b>via le site web de l\u2019Eurom\u00e9tropole.<\/b><\/a> Une fois l\u2019attestation obtenue et son niveau de quotient familial attribu\u00e9, il est possible d\u2019acc\u00e9der \u00e0 des tarifs solidaires sur de nombreux services.<\/p>\n<p>La CTS en fait partie et pr\u00e9voit des r\u00e9ductions en fonction de <b>l\u2019\u00e9chelon de bourse ou bien selon le quotient familial attribu\u00e9. <\/b>L\u2019abonnement peut <b>baisser jusqu\u2019\u00e0 3,40\u20ac par mois. <\/b>Pour en b\u00e9n\u00e9ficier, il suffit ensuite de fournir l\u2019attestation obtenue au moment de souscrire \u00e0 son abonnement.<\/p>\n<p>    <img width=\"800\" height=\"533\" src=\"https:\/\/www.europesays.com\/fr\/wp-content\/uploads\/2025\/09\/cts-homme-de-fer-800x533.jpg\" class=\"attachment-image-size-L size-image-size-L\" alt=\"CTS Homme de Fer\" decoding=\"async\" loading=\"lazy\"  \/>         \u00a9 David Lev\u00eaque \/ Pokaa <\/p>\n<p><b>Les piscines sont \u00e9galement concern\u00e9es <\/b>et le tarif peut varier entre <b>1\u20ac, 3\u20ac et 4\u20ac l\u2019entr\u00e9e <\/b>et jusqu\u2019\u00e0 40\u20ac l\u2019abonnement mensuel, selon le niveau de quotient familial attribu\u00e9. Pour b\u00e9n\u00e9ficier de ces tarifs solidaires, il faudra l\u00e0 encore pr\u00e9senter l\u2019attestation fournie par la ville. <b>M\u00eame principe pour la patinoire<\/b>, o\u00f9 les tarifs peuvent ainsi varier entre <b>1\u20ac, 3\u20ac et 4,30\u20ac.<\/b><\/p>\n<p>C\u00f4t\u00e9 culture et sorties, la simple d\u00e9tention d\u2019une carte \u00e9tudiante permet d\u2019obtenir un tas de r\u00e9ductions. Directement int\u00e9gr\u00e9e au Pass Campus,<b> la Carte Culture offre des tarifs r\u00e9duits tout au long de l\u2019ann\u00e9e, dans pas moins de 90 structures<\/b> culturelles alsaciennes. L\u2019occasion de faire le plein de concerts, de spectacles et de festivals avec des places \u00e0 6\u20ac, de s\u00e9ances cin\u00e9 \u00e0 5\u20ac, 4\u20ac ou 3\u20ac et une entr\u00e9e gratuite dans tous les mus\u00e9es. <a href=\"https:\/\/pokaa.fr\/2024\/09\/05\/des-sorties-a-petits-prix-la-carte-culture-fait-sa-rentree-dans-90-lieux-culturels-en-alsace\/\" target=\"_blank\" rel=\"noopener nofollow\"><b>L\u2019ensemble du dispositif est d\u00e9taill\u00e9 dans cet article.<\/b><\/a><\/p>\n<p>    <img width=\"800\" height=\"533\" src=\"https:\/\/www.europesays.com\/fr\/wp-content\/uploads\/2025\/07\/france-strasbourg-espace-django-wr-91-sur-140-800x533.jpg\" class=\"attachment-image-size-L size-image-size-L\" alt=\"Espace Django 2025, sc\u00e8ne, concert, salle, ambiance, lumi\u00e8res, r\u00e9gis, foules, techniciens, chansigne\" decoding=\"async\" loading=\"lazy\"  \/>         \u00a9 Wilfried Rion \/ Pokaa <\/p>\n<p>Trouver un job \u00e9tudiant<\/p>\n<p><a href=\"https:\/\/www.unistra.fr\/vie-des-campus\/jobs-etudiants-1\/trouver-un-job\/jobs-etudiants-proposes-par-lunistra\" target=\"_blank\" rel=\"noopener nofollow\"><b>L\u2019Universit\u00e9 de Strasbourg<\/b><\/a><b> propose des jobs \u00e9tudiants<\/b> tout au long de l\u2019ann\u00e9e. Il peut s\u2019agir de contrats courts comme de contrats prolong\u00e9s sur l\u2019ensemble de l\u2019ann\u00e9e universitaire. <b>Les biblioth\u00e8ques des facult\u00e9s<\/b>, par exemple, proposent souvent des contrats \u00e9tudiants qui peuvent parfaitement <b>s\u2019adapter \u00e0 ton emploi du temps<\/b>. <b>Le Crous de Strasbourg offre lui aussi <\/b><a href=\"https:\/\/www.crous-strasbourg.fr\/type-offre\/job-etudiant\/\" target=\"_blank\" rel=\"noopener nofollow\"><b>une multitude de jobs \u00e9tudiants.<\/b><\/a> \u00c9tudiant(e)s relais en r\u00e9sidence, r\u00e9f\u00e9rent(e) \u00e9tat des lieux ou \u00e9quipier\/\u00e8re dans un restaurant universitaire, il y a de quoi trouver chaussure \u00e0 son pied.<\/p>\n<p><b>Le milieu de la restauration recrute <\/b>\u00e9galement des \u00e9tudiant(e)s, comme celui de la vente et du pr\u00eat-\u00e0-porter. Les Galeries Lafayette cherchent r\u00e9guli\u00e8rement des vendeurs\/ses et h\u00f4tes ou h\u00f4tesses de caisse. <a href=\"https:\/\/fr.fashionjobs.com\/departement\/Bas-Rhin,1.html\" target=\"_blank\" rel=\"noopener nofollow\"><b>Le site Fashion Jobs<\/b><\/a> r\u00e9pertorie de nombreuses annonces dans <b>le secteur du pr\u00eat-\u00e0-porter <\/b>\u00e0 Strasbourg.<\/p>\n<p><strong><a href=\"https:\/\/www.instagram.com\/larecyclerie.amitel\/\" target=\"_blank\" rel=\"noopener nofollow\">La Recyclerie<\/a><\/strong>, ce petit tiers-lieu qui accueille <strong>un caf\u00e9, des ateliers et une boutique d\u2019objets d\u2019occasion<\/strong> recrute chaque ann\u00e9e un volontaire en service civique pour soutenir les diverses activit\u00e9s du lieu.<\/p>\n<p>    <img width=\"800\" height=\"533\" src=\"https:\/\/www.europesays.com\/fr\/wp-content\/uploads\/2025\/09\/campus-esplanade-4-800x533.jpg\" class=\"attachment-image-size-L size-image-size-L\" alt=\"Campus Esplanade 4\" decoding=\"async\" loading=\"lazy\"  \/>         \u00a9 David Lev\u00eaque \/ Pokaa <\/p>\n<p>De nombreux\/ses \u00e9tudiant(e)s proposent aussi leurs services pour<b> la garde d\u2019enfants, l\u2019aide aux devoirs, des cours particuliers ou la garde d\u2019animaux.<\/b> Si tu sais jouer d\u2019un instrument et que tu as envie de transmettre, tu peux aussi te proposer comme professeur(e) sur des groupes Facebook par exemple. Il en est de m\u00eame si tu es bilingue et <b>capable d\u2019enseigner une ou plusieurs langues. <\/b>Enfin, plusieurs organismes ou entreprises sont r\u00e9guli\u00e8rement \u00e0 la recherche d\u2019\u00e9tudiant(e)s <b>pour d\u00e9ambuler dans les rues,<\/b> pour la promotion d\u2019\u00e9v\u00e9nements ou bien en faveur d\u2019associations caritatives. Pour trouver le job qui te correspond, <a href=\"https:\/\/pokaa.fr\/2019\/09\/19\/tous-les-bons-plans-pour-degoter-un-job-etudiant-a-strasbourg\/\" target=\"_blank\" rel=\"noopener nofollow\"><b>c\u2019est par l\u00e0 !<\/b><\/a><\/p>\n<p>    <img width=\"800\" height=\"499\" src=\"https:\/\/www.europesays.com\/fr\/wp-content\/uploads\/2025\/09\/espace-avenir-6.jpg\" class=\"attachment-image-size-L size-image-size-L\" alt=\"Espace avenir (6)\" decoding=\"async\" loading=\"lazy\"  \/>         \u00a9 Caroline Alonso \/ Pokaa <\/p>\n<p>Et comme s\u2019aventurer dans la jungle de l\u2019emploi peut s\u2019av\u00e9rer compliqu\u00e9, <b>les assistant(e)s social(e)s du Crous se rendent disponibl<\/b><strong>e<\/strong><strong>s<\/strong> pour accompagner les \u00e9tudiant(e)s dans leur recherche. Pour prendre rendez-vous, il faut passer par le site <a href=\"http:\/\/mesrdvetudiant.gouv.fr\" target=\"_blank\" rel=\"noopener nofollow\"><b>Mesrdvetudiant.gouv.fr<\/b><\/a> en renseignant le Crous de Strasbourg et le lieu d\u2019\u00e9tudes. Install\u00e9 sur le campus central, <b>l\u2019Espace Avenir <\/b>conseille \u00e9galement les \u00e9tudiant(e)s qui veulent<b> trouver un stage ou un emploi. <\/b>Plus d\u2019info sur <a href=\"http:\/\/espace-avenir.unistra.fr\" target=\"_blank\" rel=\"noopener nofollow\"><b>Espace-avenir.unistra.fr<\/b><\/a><b>.<\/b><\/p>\n<p>                <a href=\"https:\/\/pokaa.fr\/2025\/08\/31\/pres-de-15000-guides-a-strasbourg-pokaa-sort-son-3e-papier-destine-aux-etudiantes\/\" rel=\"nofollow noopener\" target=\"_blank\"><br \/>\n                    <img width=\"450\" height=\"270\" src=\"https:\/\/www.europesays.com\/fr\/wp-content\/uploads\/2025\/09\/packshotetudiant3-33-450x270.png\" class=\"attachment-card-horizontal--same-subject size-card-horizontal--same-subject wp-post-image\" alt=\"\" decoding=\"async\" loading=\"lazy\"  \/>                <\/a><\/p>\n<p><script async src=\"\/\/www.instagram.com\/embed.js\"><\/script><\/p>\n","protected":false},"excerpt":{"rendered":"Ces derni\u00e8res ann\u00e9es, la pr\u00e9carit\u00e9 \u00e9tudiante n\u2019a cess\u00e9 de cro\u00eetre car l\u2019augmentation du co\u00fbt de la vie frappe&hellip;\n","protected":false},"author":2,"featured_media":76778,"comment_status":"","ping_status":"","sticky":false,"template":"","format":"standard","meta":{"footnotes":""},"categories":[2820],"tags":[1111,11,677,6379,1777,674,1011,27,775,49264,12,25,640,5768],"class_list":{"0":"post-373854","1":"post","2":"type-post","3":"status-publish","4":"format-standard","5":"has-post-thumbnail","7":"category-strasbourg","8":"tag-actu","9":"tag-actualites","10":"tag-bons-plans","11":"tag-etudiants","12":"tag-eu","13":"tag-europe","14":"tag-fr","15":"tag-france","16":"tag-grand-est","17":"tag-guide-etudiant","18":"tag-news","19":"tag-republique-francaise","20":"tag-strasbourg","21":"tag-universite"},"share_on_mastodon":{"url":"https:\/\/pubeurope.com\/@fr\/115165204999434034","error":""},"_links":{"self":[{"href":"https:\/\/www.europesays.com\/fr\/wp-json\/wp\/v2\/posts\/373854","targetHints":{"allow":["GET"]}}],"collection":[{"href":"https:\/\/www.europesays.com\/fr\/wp-json\/wp\/v2\/posts"}],"about":[{"href":"https:\/\/www.europesays.com\/fr\/wp-json\/wp\/v2\/types\/post"}],"author":[{"embeddable":true,"href":"https:\/\/www.europesays.com\/fr\/wp-json\/wp\/v2\/users\/2"}],"replies":[{"embeddable":true,"href":"https:\/\/www.europesays.com\/fr\/wp-json\/wp\/v2\/comments?post=373854"}],"version-history":[{"count":0,"href":"https:\/\/www.europesays.com\/fr\/wp-json\/wp\/v2\/posts\/373854\/revisions"}],"wp:featuredmedia":[{"embeddable":true,"href":"https:\/\/www.europesays.com\/fr\/wp-json\/wp\/v2\/media\/76778"}],"wp:attachment":[{"href":"https:\/\/www.europesays.com\/fr\/wp-json\/wp\/v2\/media?parent=373854"}],"wp:term":[{"taxonomy":"category","embeddable":true,"href":"https:\/\/www.europesays.com\/fr\/wp-json\/wp\/v2\/categories?post=373854"},{"taxonomy":"post_tag","embeddable":true,"href":"https:\/\/www.europesays.com\/fr\/wp-json\/wp\/v2\/tags?post=373854"}],"curies":[{"name":"wp","href":"https:\/\/api.w.org\/{rel}","templated":true}]}}