{"id":373855,"date":"2025-09-07T21:45:29","date_gmt":"2025-09-07T21:45:29","guid":{"rendered":"https:\/\/www.europesays.com\/fr\/373855\/"},"modified":"2025-09-07T21:45:29","modified_gmt":"2025-09-07T21:45:29","slug":"ce-week-end-le-festival-du-jeu-video-va-pixeliser-les-alentours-de-strasbourg","status":"publish","type":"post","link":"https:\/\/www.europesays.com\/fr\/373855\/","title":{"rendered":"ce week-end, le festival du jeu vid\u00e9o va pixeliser les alentours de Strasbourg !"},"content":{"rendered":"<p>    <img loading=\"lazy\" width=\"1800\" height=\"900\" src=\"https:\/\/www.europesays.com\/fr\/wp-content\/uploads\/2025\/08\/jeanne-callthepolice.jpg\" class=\"attachment-full size-full\" alt=\"\" id=\"imageLove\" decoding=\"async\"  \/><\/p>\n<p id=\"breadcrumbs\"><a href=\"https:\/\/pokaa.fr\/\" rel=\"nofollow noopener\" target=\"_blank\">Accueil<\/a> \/ <a href=\"https:\/\/pokaa.fr\/categories\/ses-sorties\/\" rel=\"nofollow noopener\" target=\"_blank\">Sorties<\/a> \/ Start To Play\u00a0: ce week-end, le festival du jeu vid\u00e9o va pixeliser les alentours de Strasbourg !<\/p>\n<p>                    Sorties<\/p>\n<p><b>La rentr\u00e9e t\u2019a co\u00fbt\u00e9 quelques points de vie\u00a0? Attends que Start To Play te console, boost\u00e9 comme jamais avec sa 12e \u00e9dition. Les 13 et 14 septembre, ce festival de jeu vid\u00e9o arrive en trombe au Point d\u2019Eau (\u00e0 Ostwald, pr\u00e8s de Strasbourg). Zones de gaming, tournois, cosplay, d\u00e9mos, challenges et des guests de comp\u00e8t\u2019\u00a0: que tu sois noob [d\u00e9butant(e)], gameur\/euse confirm\u00e9(e) ou geek bon public\u2026 Chope, la manette et commence ta qu\u00eate.<\/b><\/p>\n<p>Avec cette nouvelle \u00e9dition, le boss passera le niveau 12, avec un combo toujours efficace\u00a0: de nombreuses animations, des rencontres\u2026 Et le voil\u00e0 qu\u2019il level up, avec quelques nouveaut\u00e9s et surprises au programme.<\/p>\n<p>Pour sa <b>12e \u00e9dition<\/b>, Start To Play nous donne rendez-vous <b>au Point d\u2019Eau \u00e0 Ostwald les 13 et 14 septembre<\/b>, pour <b>deux jours consacr\u00e9s au jeu vid\u00e9o<\/b>.<\/p>\n<p>    <img width=\"800\" height=\"600\" src=\"https:\/\/www.europesays.com\/fr\/wp-content\/uploads\/2025\/09\/img-9596-800x600.jpeg\" class=\"attachment-image-size-L size-image-size-L\" alt=\"Start to Play 2024\" decoding=\"async\" loading=\"lazy\"  \/>         Start To Play 2024 \u00a9 C\u00e9lia Van Haaren \/ Pokaa <\/p>\n<p>                <img width=\"667\" height=\"500\" src=\"https:\/\/www.europesays.com\/fr\/wp-content\/uploads\/2025\/09\/img-9569-667x500.jpeg\" class=\"attachment-gallery size-gallery\" alt=\"Start To Play 2024\" data-full-url=\"https:\/\/pokaa.fr\/wp-content\/uploads\/2024\/09\/14\/img-9569-1500x1125.jpeg\" decoding=\"async\" loading=\"lazy\"  \/>            <\/p>\n<p>                <img width=\"667\" height=\"500\" src=\"https:\/\/www.europesays.com\/fr\/wp-content\/uploads\/2025\/09\/img-9571-667x500.jpeg\" class=\"attachment-gallery size-gallery\" alt=\"Start to Play 2024\" data-full-url=\"https:\/\/pokaa.fr\/wp-content\/uploads\/2024\/09\/14\/img-9571-1500x1125.jpeg\" decoding=\"async\" loading=\"lazy\"  \/>            <\/p>\n<p>                    Start To Play 2024 \u00a9 C\u00e9lia Van Haaren \/ Pokaa<\/p>\n<p>\u00c7a joue\u00a0!<\/p>\n<p>Pour d\u00e9fier les skills de tes potes\u00a0? Une <b>gaming zone<\/b><b> en libre acc\u00e8s<\/b>, ainsi que des <b>bornes d\u2019arcades<\/b>, du <b>r\u00e9tro-gaming<\/b> et une zone PC, de la <b>r\u00e9alit\u00e9 virtuelle <\/b>(Beat Saber avec French VR)\u2026 Et des <b>tournois de Esport <\/b>\u00e0 tour de bras, pour tenter de gagner de jolis lots.<\/p>\n<p>Les as du volant iront ainsi s\u2019affronter sur le tout nouveau <b>Mario Kart World <\/b>sur la Nintendo Switch 2 tandis que d\u2019autres iront t\u00e2ter de la balle avec <strong>Mario Smash Football sur GameCube<\/strong><strong>, \u00e0 l\u2019ancienne<\/strong>. Pour les snipers\u00a0: des Challenges 1v1 sur <strong>Fortnite <\/strong>ou <strong>Counter-Strike<\/strong>\u00a0; ou toujours pour les pilotes\u00a0: <strong>Trackmania<\/strong>.<\/p>\n<p>    <img width=\"800\" height=\"533\" src=\"https:\/\/www.europesays.com\/fr\/wp-content\/uploads\/2025\/09\/thumbnail_19-08-23-start-to-play-2019-bartosch-salmanski-128db-fr-0750.jpg\" class=\"attachment-image-size-L size-image-size-L\" alt=\"thumbnail_19-08-23 Start To Play 2019 \u00a9 Bartosch Salmanski \u2013 128db.fr 0750\" decoding=\"async\" loading=\"lazy\"  \/>          \u00a9 Bartosch Salmanski &#8211; 128db \/ Document remis <\/p>\n<p>    <img width=\"800\" height=\"534\" src=\"https:\/\/www.europesays.com\/fr\/wp-content\/uploads\/2025\/09\/start-to-play-9-33-sur-85photos-stp22-remy-a-photography-800x534.jpg\" class=\"attachment-image-size-L size-image-size-L\" alt=\"Start to play 9 (33 sur 85)Photos STP22 Remy_a_photography\" decoding=\"async\" loading=\"lazy\"  \/>         \u00a9 Remy A photography \/ Document remis <\/p>\n<p>Au programme aussi\u00a0: des <b>d\u00e9mos<\/b>, la d\u00e9couverte de <b>jeux vid\u00e9os ind\u00e9pendants<\/b>, des <b>conf\u00e9rences et tables-rondes<\/b>, ainsi que des <b>blind-tests et autres quiz sur les jeux vid\u00e9os anim\u00e9s par NTX<\/b>\u2026<\/p>\n<p>Et pour s\u2019en mettre plein les yeux : <b>un d\u00e9fil\u00e9 de Cosplay <\/b>(et un showcase Cosplay avec Iconic). Sans oublier, le <b>Village des exposant(e)s <\/b>pour repartir avec des goodies de collection, et autres fan art.<\/p>\n<p>                <img width=\"667\" height=\"500\" src=\"https:\/\/www.europesays.com\/fr\/wp-content\/uploads\/2025\/09\/img-9613-667x500.jpeg\" class=\"attachment-gallery size-gallery\" alt=\"Start to Play 2024 cosplay\" data-full-url=\"https:\/\/pokaa.fr\/wp-content\/uploads\/2024\/09\/14\/img-9613-1500x1125.jpeg\" decoding=\"async\" loading=\"lazy\"  \/>            <\/p>\n<p>                <img width=\"667\" height=\"500\" src=\"https:\/\/www.europesays.com\/fr\/wp-content\/uploads\/2025\/09\/img-9611-667x500.jpeg\" class=\"attachment-gallery size-gallery\" alt=\"Start to Play 2024 cosplay\" data-full-url=\"https:\/\/pokaa.fr\/wp-content\/uploads\/2024\/09\/14\/img-9611-1500x1125.jpeg\" decoding=\"async\" loading=\"lazy\"  \/>            <\/p>\n<p>                <img width=\"667\" height=\"500\" src=\"https:\/\/www.europesays.com\/fr\/wp-content\/uploads\/2025\/09\/img-9605-667x500.jpeg\" class=\"attachment-gallery size-gallery\" alt=\"Start to Play 2024 cosplay\" data-full-url=\"https:\/\/pokaa.fr\/wp-content\/uploads\/2024\/09\/14\/img-9605-1500x1125.jpeg\" decoding=\"async\" loading=\"lazy\"  \/>            <\/p>\n<p>                <img width=\"667\" height=\"500\" src=\"https:\/\/www.europesays.com\/fr\/wp-content\/uploads\/2025\/09\/img-9626-667x500.jpeg\" class=\"attachment-gallery size-gallery\" alt=\"Start to Play 2024\" data-full-url=\"https:\/\/pokaa.fr\/wp-content\/uploads\/2024\/09\/14\/img-9626-1500x1125.jpeg\" decoding=\"async\" loading=\"lazy\"  \/>            <\/p>\n<p>                    Start to Play 2024 \u00a9 C\u00e9lia Van Haaren \/ Pokaa<\/p>\n<p>Des guests de comp\u00e8t&rsquo;<\/p>\n<p>Comme \u00e0 chaque \u00e9dition, Start To Play s\u2019entoure d\u2019invit\u00e9(e)s. <b>Au micro cette ann\u00e9e\u00a0? Adeline Chetail, voix fran\u00e7aise \u2013 entre autres \u2013 de Zelda<\/b>, d\u2019Ellie dans The Last of Us, de Jinx dans Arcane, de Kiki la Petite sorci\u00e8re du Studio Ghibli. Elle r\u00e9pondra \u00e0 une foire aux questions, et animera <b>un atelier doublage<\/b>.<\/p>\n<p>On comptera \u00e9galement <b>le YouTubeur Edward, sp\u00e9cialis\u00e9 en r\u00e9trogaming<\/b>\u00a0; <b>Of Hugo<\/b>, triple finaliste aux nationaux de la Just Dance World Cup et <b>Ubisoft Star Player<\/b> qui chauffera la sc\u00e8ne pour des sessions de Just Dance. Et enfin, le bidouilleur <b>FFVIMan<\/b> qui switchera et d\u00e9zonera les consoles du public.<\/p>\n<p>    <img width=\"600\" height=\"600\" src=\"https:\/\/www.europesays.com\/fr\/wp-content\/uploads\/2025\/09\/ntxphoto.png\" class=\"attachment-image-size-L size-image-size-L\" alt=\"NTX + Start To Play\" decoding=\"async\" loading=\"lazy\"  \/>         NTX  \u00a9 Start To Play \/ Document remis <\/p>\n<p>Et pour te mettre la main \u00e0 p\u00e2te (ou plut\u00f4t\u00a0: \u00e0 la manette),<b><a href=\"https:\/\/pokaa.fr\/2025\/09\/01\/colors-pendant-3-semaines-un-festival-street-art-va-transformer-un-college-strasbourgeois\/\" target=\"_blank\" rel=\"noopener nofollow\"> le COLORS Urban Art Festival<\/a> s\u2019associe \u00e0 Start To Play<\/b>\u2026 Le projet\u00a0? <a href=\"https:\/\/www.colors-art.eu\/super-colors-world-hors-les-murs-2025\/\" target=\"_blank\" rel=\"noopener nofollow\"><b>Lier jeu vid\u00e9o et street-art<\/b>.<\/a><\/p>\n<p>D\u2019une part, avec une peinture participative, sur une console g\u00e9ante avec l\u2019artiste <strong>Zyarck Graffiti<\/strong>. Et de l\u2019autre, avec la performance exclusive de graff\u2019 et en direct de l\u2019artiste <b>No\u00efse aka N\u00b015 <\/b>sur une borne d\u2019arcade.<\/p>\n<p>\u2026Alors, tu Start To Play\u00a0?<\/p>\n<p>            Start to Play 2025 (12e \u00e9dition)<\/p>\n<p>            Quoi ? <\/p>\n<p>Festival autour du jeu vid\u00e9o avec animations, d\u00e9mos, rencontres, etc.<\/p>\n<p>                Quand ?<\/p>\n<p>Samedi 13 et dimanche 14 septembre de 10h \u00e0 19h<\/p>\n<p>            o\u00f9 ?<\/p>\n<p>Au Point d\u2019Eau<br \/>17, all\u00e9e Ren\u00e9 Cassin \u00e0 Ostwald<\/p>\n<p>                Plus d&rsquo;infos ?<\/p>\n<p><a href=\"https:\/\/www.start-to-play.eu\/\" target=\"_blank\" rel=\"noopener nofollow\">Le site internet<\/a><br \/><a href=\"https:\/\/fb.me\/e\/4TJh4zmJ9\" target=\"_blank\" rel=\"noopener nofollow\">L\u2019\u00e9v\u00e9nement Facebook<\/a><\/p>\n","protected":false},"excerpt":{"rendered":"Accueil \/ Sorties \/ Start To Play\u00a0: ce week-end, le festival du jeu vid\u00e9o va pixeliser les alentours&hellip;\n","protected":false},"author":2,"featured_media":373856,"comment_status":"","ping_status":"","sticky":false,"template":"","format":"standard","meta":{"footnotes":""},"categories":[2820],"tags":[1111,11,4763,49536,13149,9490,1777,674,652,1011,27,775,336,12,6611,50789,3907,25,50790,640,4064],"class_list":{"0":"post-373855","1":"post","2":"type-post","3":"status-publish","4":"format-standard","5":"has-post-thumbnail","7":"category-strasbourg","8":"tag-actu","9":"tag-actualites","10":"tag-agenda","11":"tag-colors-urban-art-festival","12":"tag-cosplay","13":"tag-esport","14":"tag-eu","15":"tag-europe","16":"tag-famille","17":"tag-fr","18":"tag-france","19":"tag-grand-est","20":"tag-jeu-video","21":"tag-news","22":"tag-ostwald","23":"tag-point-deau","24":"tag-que-faire","25":"tag-republique-francaise","26":"tag-start-to-play","27":"tag-strasbourg","28":"tag-week-end"},"share_on_mastodon":{"url":"https:\/\/pubeurope.com\/@fr\/115165208882984290","error":""},"_links":{"self":[{"href":"https:\/\/www.europesays.com\/fr\/wp-json\/wp\/v2\/posts\/373855","targetHints":{"allow":["GET"]}}],"collection":[{"href":"https:\/\/www.europesays.com\/fr\/wp-json\/wp\/v2\/posts"}],"about":[{"href":"https:\/\/www.europesays.com\/fr\/wp-json\/wp\/v2\/types\/post"}],"author":[{"embeddable":true,"href":"https:\/\/www.europesays.com\/fr\/wp-json\/wp\/v2\/users\/2"}],"replies":[{"embeddable":true,"href":"https:\/\/www.europesays.com\/fr\/wp-json\/wp\/v2\/comments?post=373855"}],"version-history":[{"count":0,"href":"https:\/\/www.europesays.com\/fr\/wp-json\/wp\/v2\/posts\/373855\/revisions"}],"wp:featuredmedia":[{"embeddable":true,"href":"https:\/\/www.europesays.com\/fr\/wp-json\/wp\/v2\/media\/373856"}],"wp:attachment":[{"href":"https:\/\/www.europesays.com\/fr\/wp-json\/wp\/v2\/media?parent=373855"}],"wp:term":[{"taxonomy":"category","embeddable":true,"href":"https:\/\/www.europesays.com\/fr\/wp-json\/wp\/v2\/categories?post=373855"},{"taxonomy":"post_tag","embeddable":true,"href":"https:\/\/www.europesays.com\/fr\/wp-json\/wp\/v2\/tags?post=373855"}],"curies":[{"name":"wp","href":"https:\/\/api.w.org\/{rel}","templated":true}]}}