{"id":373857,"date":"2025-09-07T21:46:17","date_gmt":"2025-09-07T21:46:17","guid":{"rendered":"https:\/\/www.europesays.com\/fr\/373857\/"},"modified":"2025-09-07T21:46:17","modified_gmt":"2025-09-07T21:46:17","slug":"cet-egyptologue-de-renom-donnera-une-conference-sur-larchitecture-de-legypte-ancienne-a-nice-le-13-septembre-2","status":"publish","type":"post","link":"https:\/\/www.europesays.com\/fr\/373857\/","title":{"rendered":"Cet \u00e9gyptologue de renom donnera une conf\u00e9rence sur l&rsquo;architecture de l&rsquo;Egypte ancienne \u00e0 Nice le 13 septembre"},"content":{"rendered":"<p>Apr\u00e8s avoir captiv\u00e9 le public du campus Valrose l\u2019an dernier, le guide, conf\u00e9rencier, \u00e9gyptologue Sherif Adel mettra en lumi\u00e8re au Forum Jorge Fran\u00e7ois Les grands architectes de l\u2019\u00c9gypte Ancienne, tels qu\u2019Imhotep, Senenmout ou Am\u00e9nophis, fils de Hapou.<\/p>\n<p>Et pour mieux d\u00e9montrer en quoi leur \u0153uvre a influenc\u00e9 l\u2019architecture mondiale jusqu\u2019\u00e0 nos jours, cet expert (qui a particip\u00e9 \u00e0 plusieurs reportages culturels pour la t\u00e9l\u00e9vision \u00e9gyptienne, ainsi que pour France 2 et Arte TV) d\u00e9butera par les grands architectes de l\u2019\u00e9poque moderne.<\/p>\n<p>En remontant ensuite le fil du temps pour passer en revue le travail de L\u00e9onard de Vinci, de Vitruvius, de Thal\u00e8s, et celui de bien d\u2019autres g\u00e9nies jusqu\u2019au 3e mill\u00e9naire avant J.-C.<\/p>\n<p>Et en arriver enfin \u00e0 Imhotep, consid\u00e9r\u00e9 comme le p\u00e8re fondateur de l\u2019architecture moderne. Auquel on doit notamment le Complexe de Saqqarah, le plus ancien en pierres au monde.<\/p>\n<p>Quant au th\u00e8me choisi, il s\u2019est impos\u00e9 comme une \u00e9vidence: \u00ab\u00a0Quand on aime l\u2019\u00c9gypte ancienne, on est fascin\u00e9 par les monuments. Et face \u00e0 Abu Simbel ou la grande pyramide de Kh\u00e9ops, la premi\u00e8re question, c\u2019est: qui est le g\u00e9nie derri\u00e8re cette \u0153uvre? Or les architectes n\u2019\u00e9taient pas autoris\u00e9s \u00e0 signer leurs \u0153uvres dans l\u2019\u00c9gypte ancienne. Pour eux, le simple fait d\u2019appara\u00eetre signifiait qu\u2019ils \u00e9taient v\u00e9n\u00e9r\u00e9s par les pharaons.\u00a0\u00bb<\/p>\n<p>                                La cl\u00e9 de vo\u00fbte d\u00e9j\u00e0 utilis\u00e9e par Imhotep<\/p>\n<p>Et de citer des cas semblables dans l\u2019\u00e9poque moderne, comme la fascination de Louis XII pour L\u00e9onard de Vinci.<\/p>\n<p>L\u2019expert montrera aussi des visuels de r\u00e9alisations telles que le Canal de Suez, tout en \u00e9voquant des monuments disparus, afin de rappeler pourquoi et comment ces b\u00e2tisseurs ont apport\u00e9 leur contribution \u00e0 l\u2019\u0153uvre architecturale de toute l\u2019humanit\u00e9.<\/p>\n<p>\u00ab\u00a0Les connaissances de l\u2019\u00c9gypte ancienne sont pass\u00e9es aux \u00e9poques modernes via les Grecs. Les Grecs les ont transmises aux Romains et ainsi de suite. Leonardo da Vinci avait \u00e9tudi\u00e9 les \u0153uvres de Vitruvius, qui a \u00e9crit en l\u2019an 50 avant J.-C. <\/p>\n<p>De architectura, une \u0153uvre en dix volumes devenue la bible de tous les architectes. Lui-m\u00eame a \u00e9tudi\u00e9 Thal\u00e8s, qui, de son c\u00f4t\u00e9, avait pris connaissance en \u00c9gypte du travail d\u2019Imhotep. Qui connaissait d\u00e9j\u00e0 le concept de la cl\u00e9 de vo\u00fbte. Tout cela explique beaucoup de choses.\u00a0\u00bb<\/p>\n<p>&gt;&gt; Samedi 13 septembre de 18h \u00e0 21h. Th\u00e9\u00e2tre du forum Jorge Fran\u00e7ois. 9 rue Cronstadt \u00e0 Nice. De 13 \u00e0 16 euros. Inscription obligatoire sur <a href=\"http:\/\/eventbrite.fr\" target=\"_blank\" rel=\"noopener nofollow\">eventbrite.fr<\/a>, gratuite pour les \u00e9tudiants. Renseignements: 06.12.21.14.35.<\/p>\n","protected":false},"excerpt":{"rendered":"Apr\u00e8s avoir captiv\u00e9 le public du campus Valrose l\u2019an dernier, le guide, conf\u00e9rencier, \u00e9gyptologue Sherif Adel mettra en&hellip;\n","protected":false},"author":2,"featured_media":373140,"comment_status":"","ping_status":"","sticky":false,"template":"","format":"standard","meta":{"footnotes":""},"categories":[2819],"tags":[1111,11,251,1777,674,1011,27,12,2401,882,25],"class_list":{"0":"post-373857","1":"post","2":"type-post","3":"status-publish","4":"format-standard","5":"has-post-thumbnail","7":"category-nice","8":"tag-actu","9":"tag-actualites","10":"tag-culture","11":"tag-eu","12":"tag-europe","13":"tag-fr","14":"tag-france","15":"tag-news","16":"tag-nice","17":"tag-provence-alpes-cote-dazur","18":"tag-republique-francaise"},"share_on_mastodon":{"url":"https:\/\/pubeurope.com\/@fr\/115165212448576251","error":""},"_links":{"self":[{"href":"https:\/\/www.europesays.com\/fr\/wp-json\/wp\/v2\/posts\/373857","targetHints":{"allow":["GET"]}}],"collection":[{"href":"https:\/\/www.europesays.com\/fr\/wp-json\/wp\/v2\/posts"}],"about":[{"href":"https:\/\/www.europesays.com\/fr\/wp-json\/wp\/v2\/types\/post"}],"author":[{"embeddable":true,"href":"https:\/\/www.europesays.com\/fr\/wp-json\/wp\/v2\/users\/2"}],"replies":[{"embeddable":true,"href":"https:\/\/www.europesays.com\/fr\/wp-json\/wp\/v2\/comments?post=373857"}],"version-history":[{"count":0,"href":"https:\/\/www.europesays.com\/fr\/wp-json\/wp\/v2\/posts\/373857\/revisions"}],"wp:featuredmedia":[{"embeddable":true,"href":"https:\/\/www.europesays.com\/fr\/wp-json\/wp\/v2\/media\/373140"}],"wp:attachment":[{"href":"https:\/\/www.europesays.com\/fr\/wp-json\/wp\/v2\/media?parent=373857"}],"wp:term":[{"taxonomy":"category","embeddable":true,"href":"https:\/\/www.europesays.com\/fr\/wp-json\/wp\/v2\/categories?post=373857"},{"taxonomy":"post_tag","embeddable":true,"href":"https:\/\/www.europesays.com\/fr\/wp-json\/wp\/v2\/tags?post=373857"}],"curies":[{"name":"wp","href":"https:\/\/api.w.org\/{rel}","templated":true}]}}