{"id":373858,"date":"2025-09-07T21:47:12","date_gmt":"2025-09-07T21:47:12","guid":{"rendered":"https:\/\/www.europesays.com\/fr\/373858\/"},"modified":"2025-09-07T21:47:12","modified_gmt":"2025-09-07T21:47:12","slug":"batiment-detruit-circulation-perturbee-flammes-visibles-a-des-kilometres-ce-que-lon-sait-de-lincendie-impressionnant-ce-dimanche-soir-a-nice-est","status":"publish","type":"post","link":"https:\/\/www.europesays.com\/fr\/373858\/","title":{"rendered":"B\u00e2timent d\u00e9truit, circulation perturb\u00e9e, flammes visibles \u00e0 des kilom\u00e8tres&#8230; Ce que l\u2019on sait de l&rsquo;incendie impressionnant ce dimanche soir \u00e0 Nice-Est"},"content":{"rendered":"<p>Le feu s\u2019est d\u00e9clar\u00e9 peu avant 20 heures. Imm\u00e9diatement, le centre op\u00e9rationnel des sapeurs-pompiers a \u00e9t\u00e9 submerg\u00e9 d\u2019appels.<\/p>\n<p>Il faut dire qu\u2019un panache noir est venu obscurcir le ciel de Nice. Les fum\u00e9es \u00e9taient visibles \u00e0 des kilom\u00e8tres \u00e0 la ronde. Et les flammes impressionnantes s\u2019\u00e9levaient \u00e0 plusieurs m\u00e8tres du sol.<\/p>\n<p>                                Le b\u00e2timent \u00e9tait sur le point d\u2019\u00eatre d\u00e9moli<\/p>\n<p>Le sinistre a presque enti\u00e8rement ravag\u00e9 un b\u00e2timent d\u00e9saffect\u00e9 tout pr\u00e8s de la gare Saint-Roch \u00e0 l\u2019est de la ville. Ces anciens locaux de la direction d\u00e9partementale de l\u2019\u00c9quipement \u00e9taient \u00e0 l\u2019abandon depuis plus de 15 ans&#8230; Et r\u00e9guli\u00e8rement squatt\u00e9s.<\/p>\n<p>\u00ab\u00a0En juillet dernier de nouveaux cadenas avaient \u00e9t\u00e9 pos\u00e9s. Une dizaine de personnes \u00e9taient alors pr\u00e9sentes, indique le premier adjoint de la ville de Nice, Anthony Borr\u00e9. Nous leur avions dit qu\u2019il fallait partir\u00a0\u00bb.<\/p>\n<p>Le b\u00e2timent, qui faisait d\u2019ailleurs l\u2019objet d\u2019un arr\u00eat\u00e9 d\u2019interdiction de p\u00e9n\u00e9trer dans les lieux, \u00e9tait en effet vou\u00e9 \u00e0 la d\u00e9molition.<\/p>\n<p>\u00ab\u00a0Les premiers travaux de d\u00e9samiantage \u00e9taient sur le point de d\u00e9marrer\u00a0\u00bb, pr\u00e9cise l\u2019\u00e9lu qui s\u2019est imm\u00e9diatement rendu sur place ce dimanche soir.<\/p>\n<p>Les services municipaux \u00e9taient d\u2019ailleurs pass\u00e9s \u00e0 trois reprises ces derniers jours pour s\u2019assurer que personne ne vivait plus dans ce squat.<\/p>\n<p>Inqui\u00e9tude sur d\u2019\u00e9ventuelles victimes<\/p>\n<p>              <img ci-src=\"https:\/\/www.nicematin.com\/faits-divers\/protec\/DATA_ART_16204255-Vf9ILCov.jpg?vh=b53501&amp;ci_seal=df9b38ee2d\" alt=\"\"\/><br \/>\n        Le sinistre a presque enti\u00e8rement ravag\u00e9 un b\u00e2timent d\u00e9saffect\u00e9.  <strong>Photo Jean-Fran\u00e7ois ottonello.<\/strong> <\/p>\n<p>\u00c0 l\u2019occasion de l\u2019une de ces visites une personne isol\u00e9e vivant avec un enfant avait encore \u00e9t\u00e9 retrouv\u00e9e dans le b\u00e2timent. Une nouvelle fois, il avait \u00e9t\u00e9 intim\u00e9 l\u2019obligation de partir \u00e0 cette famille qui s\u2019y refusait.<\/p>\n<p>L\u2019a-t-elle finalement fait? C\u2019est \u00e9videmment la question qui se pose alors que les flammes viennent de ravager les 500 m\u00e8tres carr\u00e9s de cette structure \u00e0 l\u2019abandon en d\u00e9pit des efforts d\u00e9ploy\u00e9s par les secours pour contenir le sinistre.<\/p>\n<p>Pas moins de trois lances ont \u00e9t\u00e9 d\u00e9ploy\u00e9es au plus fort de l\u2019intervention ce qui a permis aux sapeurs-pompiers de se rendre ma\u00eetres du feu en moins d\u2019une heure.<\/p>\n<p>Mais il leur reste d\u00e9sormais \u00e0 \u00e9teindre les derniers points chauds.<\/p>\n<p>Et surtout \u00e0 inspecter minutieusement les lieux pour s\u2019assurer que personne ne se trouvait \u00e0 l\u2019int\u00e9rieur.<\/p>\n<p>Des op\u00e9rations de reconnaissance rendues d\u00e9licates par la violence du sinistre. Le plancher s\u2019est litt\u00e9ralement effondr\u00e9.<\/p>\n<p>Et le secours doivent donc s\u2019assurer qu\u2019ils ne courent eux-m\u00eames aucun risque avant de s\u2019aventurer dans le b\u00e2timent fragilis\u00e9 par le feu.<\/p>\n<p>La question d\u2019\u00e9ventuelles victimes reste donc pour l\u2019heure en suspens.<\/p>\n<p>Circulations routi\u00e8re et ferroviaire perturb\u00e9es<\/p>\n<p>Ce qui est s\u00fbr c\u2019est que cette intervention a entra\u00een\u00e9 un certain nombre de perturbations au niveau des transports.<\/p>\n<p>Plusieurs axes routiers de la ville ont \u00e9t\u00e9 coup\u00e9s \u00e0 proximit\u00e9 de la place de La Brigue afin de permettre le d\u00e9ploiement des engins de secours.<\/p>\n<p>La circulation des trains a \u00e9galement d\u00fb \u00eatre interrompue, le b\u00e2timent en flamme jouxtant la voie ferr\u00e9e. Des nombreux usagers de Cannes \u00e0 Menton se sont ainsi retrouv\u00e9s bloqu\u00e9s \u00e0 quai durant la soir\u00e9e.<\/p>\n<p>La SNCF esp\u00e8re pouvoir r\u00e9tablir le trafic vers 23 heures.<\/p>\n<p>L\u2019enqu\u00eate devra pr\u00e9ciser l\u2019origine de ce spectaculaire feu qui pourrait \u00eatre li\u00e9e \u00e0 l\u2019occupation illicite des lieux.<\/p>\n","protected":false},"excerpt":{"rendered":"Le feu s\u2019est d\u00e9clar\u00e9 peu avant 20 heures. Imm\u00e9diatement, le centre op\u00e9rationnel des sapeurs-pompiers a \u00e9t\u00e9 submerg\u00e9 d\u2019appels.&hellip;\n","protected":false},"author":2,"featured_media":373859,"comment_status":"","ping_status":"","sticky":false,"template":"","format":"standard","meta":{"footnotes":""},"categories":[2819],"tags":[1111,11,1777,674,118,1011,27,12,2401,882,25],"class_list":{"0":"post-373858","1":"post","2":"type-post","3":"status-publish","4":"format-standard","5":"has-post-thumbnail","7":"category-nice","8":"tag-actu","9":"tag-actualites","10":"tag-eu","11":"tag-europe","12":"tag-faits-divers","13":"tag-fr","14":"tag-france","15":"tag-news","16":"tag-nice","17":"tag-provence-alpes-cote-dazur","18":"tag-republique-francaise"},"share_on_mastodon":{"url":"https:\/\/pubeurope.com\/@fr\/115165216251042718","error":""},"_links":{"self":[{"href":"https:\/\/www.europesays.com\/fr\/wp-json\/wp\/v2\/posts\/373858","targetHints":{"allow":["GET"]}}],"collection":[{"href":"https:\/\/www.europesays.com\/fr\/wp-json\/wp\/v2\/posts"}],"about":[{"href":"https:\/\/www.europesays.com\/fr\/wp-json\/wp\/v2\/types\/post"}],"author":[{"embeddable":true,"href":"https:\/\/www.europesays.com\/fr\/wp-json\/wp\/v2\/users\/2"}],"replies":[{"embeddable":true,"href":"https:\/\/www.europesays.com\/fr\/wp-json\/wp\/v2\/comments?post=373858"}],"version-history":[{"count":0,"href":"https:\/\/www.europesays.com\/fr\/wp-json\/wp\/v2\/posts\/373858\/revisions"}],"wp:featuredmedia":[{"embeddable":true,"href":"https:\/\/www.europesays.com\/fr\/wp-json\/wp\/v2\/media\/373859"}],"wp:attachment":[{"href":"https:\/\/www.europesays.com\/fr\/wp-json\/wp\/v2\/media?parent=373858"}],"wp:term":[{"taxonomy":"category","embeddable":true,"href":"https:\/\/www.europesays.com\/fr\/wp-json\/wp\/v2\/categories?post=373858"},{"taxonomy":"post_tag","embeddable":true,"href":"https:\/\/www.europesays.com\/fr\/wp-json\/wp\/v2\/tags?post=373858"}],"curies":[{"name":"wp","href":"https:\/\/api.w.org\/{rel}","templated":true}]}}