{"id":373870,"date":"2025-09-07T21:55:28","date_gmt":"2025-09-07T21:55:28","guid":{"rendered":"https:\/\/www.europesays.com\/fr\/373870\/"},"modified":"2025-09-07T21:55:28","modified_gmt":"2025-09-07T21:55:28","slug":"le-deuxieme-jour-de-la-braderie-de-lille-demarre-sous-un-grand-soleil","status":"publish","type":"post","link":"https:\/\/www.europesays.com\/fr\/373870\/","title":{"rendered":"Le deuxi\u00e8me jour de la Braderie de Lille d\u00e9marre sous un grand soleil"},"content":{"rendered":"<p>            Par<br \/>\n        <strong><br \/>\n            <a href=\"https:\/\/actu.fr\/auteur\/nicolas-demollien\" title=\"Consulter tous les articles de Nicolas Demollien\" target=\"_blank\" rel=\"noopener\">Nicolas Demollien<\/a><br \/>\n        <\/strong><\/p>\n<p>        Publi\u00e9 le<\/p>\n<p>            7 sept. 2025 \u00e0 10h54        <\/p>\n<p>C\u2019est traditionnellement un jour \u00ab\u00a0plus calme\u00a0\u00bb que la veille. La<a href=\"https:\/\/actu.fr\/tag\/braderie-de-lille\" target=\"_blank\" rel=\"noopener\"> Braderie de Lille<\/a> (Nord) se poursuit ce <b>dimanche 7 septembre 2025 <\/b>dans les rues de la capitale des Flandres. La<b> foule <\/b>a commenc\u00e9 \u00e0 v\u00e9ritablement pointer le bout de son nez en milieu de matin\u00e9e et les badauds continuent d\u2019<b>affluer sous un magnifique soleil<\/b>.<\/p>\n<p>C\u2019est parti pour la deuxi\u00e8me journ\u00e9e de la Braderie de Lille<\/p>\n<p class=\" wall-content\">Le temps est en effet particuli\u00e8rement radieux pour cette deuxi\u00e8me journ\u00e9e. On croise d\u2019ailleurs de nombreux joggers aux alentours du parc de la citadelle.\u00a0<\/p>\n<p class=\" wall-content\">Parmi les visiteurs, on trouve <b>davantage de promeneurs que de chercheurs de trouvailles<\/b>. Patrice fait partie de la premi\u00e8re cat\u00e9gorie. Crois\u00e9 sur le Quai du Wault, il confie pr\u00e9f\u00e9rer cette deuxi\u00e8me journ\u00e9e : \u00ab\u00a0Il y a trop de monde pour moi le samedi. Je viens faire un tour sans v\u00e9ritable but\u00a0\u00bb.<\/p>\n<p>    <img   decoding=\"async\" loading=\"lazy\" class=\"size-large\" src=\"https:\/\/www.europesays.com\/fr\/wp-content\/uploads\/2025\/09\/966eee564db866a6eee564db83e6eev-960x640.jpeg\" alt=\"Quai du Wault certains esp\u00e8rent faire de bonnes affaires.\" width=\"960\" height=\"640\"\/><br \/>\n    Quai du Wault certains esp\u00e8rent faire de bonnes affaires. \u00a9Nicolas DEMOLLIEN<\/p>\n<p class=\" wall-content\">Un peu plus loin, Marie avoue de son c\u00f4t\u00e9 esp\u00e9rer faire des affaires : \u00ab\u00a0le dimanche, <b>les prix baissent en g\u00e9n\u00e9ral<\/b>. Et on a davantage le temps de regarder les stands. Je cherche des v\u00eatements, des bijoux, et \u00e9ventuellement des livres pour les enfants\u00a0\u00bb.\u00a0<\/p>\n<p class=\" wall-content\">C\u2019est justement ce que vend Marion tout pr\u00e8s du square Foch. \u00ab\u00a0Ca d\u00e9marre doucement ce matin mais j\u2019ai plut\u00f4t r\u00e9ussi ma journ\u00e9e d\u2019hier\u00a0\u00bb, sourit-elle, sans toutefois vouloir divulguer le montant de la recette.<\/p>\n<p>    <img   decoding=\"async\" loading=\"lazy\" class=\"size-large\" src=\"https:\/\/www.europesays.com\/fr\/wp-content\/uploads\/2025\/09\/932cdd864db86492cdd864db81d2cdv-960x640.jpeg\" alt=\"Le deuxi\u00e8me jour de la Braderie permet aussi de faire quelques trouvailles.\" width=\"960\" height=\"640\"\/><br \/>\n    Le deuxi\u00e8me jour de la Braderie permet aussi de faire quelques trouvailles. \u00a9Nicolas DEMOLLIEN<\/p>\n<p>Votre r\u00e9gion, votre actu !<\/p>\n<p>Recevez chaque jour les infos qui comptent pour vous.<\/p>\n<p>\t<a href=\"https:\/\/actu.fr\/newsletter\" class=\"ac-btn ac-btn--corner ac-btn--medium ac-btn--blue800\" target=\"_blank\" rel=\"noopener\">S&rsquo;incrire<\/a><\/p>\n<p class=\" wall-content\">Tous ces acteurs matinaux de la Braderie \u00e9taient unanimes sur un point : le grand ciel bleu devrait faire venir du monde. \u00ab\u00a0Mais j\u2019esp\u00e8re qu\u2019il ne va pas faire trop chaud quand m\u00eame !\u00a0\u00bb l\u00e2che Marion.\u00a0<\/p>\n<p class=\" wall-content\">Personnalisez votre actualit\u00e9 en ajoutant vos villes et m\u00e9dias en favori avec <a href=\"https:\/\/moncompte.actu.fr\" title=\"D\u00e9couvez Mon Actu\" rel=\"nofollow noopener\" data-trk=\"{&quot;cta&quot;:{&quot;action&quot;:&quot;https:\\\/\\\/moncompte.actu.fr&quot;,&quot;category&quot;:&quot;mon compte&quot;,&quot;from&quot;:&quot;article footer&quot;,&quot;name&quot;:&quot;Mon actu&quot;,&quot;type&quot;:&quot;cta&quot;}}\" target=\"_blank\">Mon Actu<\/a>.<\/p>\n","protected":false},"excerpt":{"rendered":"Par Nicolas Demollien Publi\u00e9 le 7 sept. 2025 \u00e0 10h54 C\u2019est traditionnellement un jour \u00ab\u00a0plus calme\u00a0\u00bb que la&hellip;\n","protected":false},"author":2,"featured_media":373871,"comment_status":"","ping_status":"","sticky":false,"template":"","format":"standard","meta":{"footnotes":""},"categories":[2815],"tags":[1111,11,18703,1777,674,1011,27,811,1307,1652,12,25],"class_list":{"0":"post-373870","1":"post","2":"type-post","3":"status-publish","4":"format-standard","5":"has-post-thumbnail","7":"category-lille","8":"tag-actu","9":"tag-actualites","10":"tag-braderie-de-lille","11":"tag-eu","12":"tag-europe","13":"tag-fr","14":"tag-france","15":"tag-hauts-de-france","16":"tag-lille","17":"tag-loisirs-culture","18":"tag-news","19":"tag-republique-francaise"},"share_on_mastodon":{"url":"https:\/\/pubeurope.com\/@fr\/115165248146058588","error":""},"_links":{"self":[{"href":"https:\/\/www.europesays.com\/fr\/wp-json\/wp\/v2\/posts\/373870","targetHints":{"allow":["GET"]}}],"collection":[{"href":"https:\/\/www.europesays.com\/fr\/wp-json\/wp\/v2\/posts"}],"about":[{"href":"https:\/\/www.europesays.com\/fr\/wp-json\/wp\/v2\/types\/post"}],"author":[{"embeddable":true,"href":"https:\/\/www.europesays.com\/fr\/wp-json\/wp\/v2\/users\/2"}],"replies":[{"embeddable":true,"href":"https:\/\/www.europesays.com\/fr\/wp-json\/wp\/v2\/comments?post=373870"}],"version-history":[{"count":0,"href":"https:\/\/www.europesays.com\/fr\/wp-json\/wp\/v2\/posts\/373870\/revisions"}],"wp:featuredmedia":[{"embeddable":true,"href":"https:\/\/www.europesays.com\/fr\/wp-json\/wp\/v2\/media\/373871"}],"wp:attachment":[{"href":"https:\/\/www.europesays.com\/fr\/wp-json\/wp\/v2\/media?parent=373870"}],"wp:term":[{"taxonomy":"category","embeddable":true,"href":"https:\/\/www.europesays.com\/fr\/wp-json\/wp\/v2\/categories?post=373870"},{"taxonomy":"post_tag","embeddable":true,"href":"https:\/\/www.europesays.com\/fr\/wp-json\/wp\/v2\/tags?post=373870"}],"curies":[{"name":"wp","href":"https:\/\/api.w.org\/{rel}","templated":true}]}}