{"id":373872,"date":"2025-09-07T21:56:35","date_gmt":"2025-09-07T21:56:35","guid":{"rendered":"https:\/\/www.europesays.com\/fr\/373872\/"},"modified":"2025-09-07T21:56:35","modified_gmt":"2025-09-07T21:56:35","slug":"ce-dimanche-on-visite-gratuitement-les-expositions-temporaires-des-musees-de-marseille-marseille","status":"publish","type":"post","link":"https:\/\/www.europesays.com\/fr\/373872\/","title":{"rendered":"Ce dimanche, on visite gratuitement les expositions temporaires des Mus\u00e9es de Marseille &#8211; Marseille"},"content":{"rendered":"<p>Chaque premier\u00a0dimanche du mois, on visite gratuitement les expositions temporaires des Mus\u00e9es de Marseille. Alors que voir ? Voil\u00e0 quelques suggestions !<\/p>\n<p>&#13;<br \/>\nP\u00e9tanque ! Au mus\u00e9e d&rsquo;histoire&#13;<\/p>\n<p>Apr\u00e8s avoir distrait les marins en escale \u00e0 Marseille, la p\u00e9tanque s\u2019exporte d\u00e9sormais dans le monde.\u00a0L\u2019organisation d\u2019une exposition sur le jeu \u00e0 \u00ab\u00a0pieds tanqu\u00e9s\u00a0\u00bb, vrai sujet historique et sociologique, s\u2019imposait donc au Mus\u00e9e d\u2019histoire de Marseille.<\/p>\n<p>&#13;<\/p>\n<p> &#13;<br \/>\nTatouage. Histoires de la M\u00e9diterran\u00e9e \u00e0 La Vieille Charit\u00e9&#13;<\/p>\n<p>Les Mus\u00e9es de Marseille pr\u00e9sentent au Centre de la Vieille Charit\u00e9 \u00ab\u00a0Tatouage. Histoires de la M\u00e9diterran\u00e9e\u00a0\u00bb, une exploration des pratiques du tatouage \u00e0 travers les si\u00e8cles, de l\u2019Antiquit\u00e9 \u00e0 la culture contemporaine. A d\u00e9couvrir \u00e9galement \u00e0 la Vieille Charit\u00e9, l&rsquo;installation monumentale de\u00a0Laure Prouvost &#8211; M\u00e8re We SEA.<\/p>\n<p>&#13;<\/p>\n<p> &#13;<\/p>\n<p>\u00a0<\/p>\n<p>&#13;<br \/>\nAlberto Giacometti &#8211; Sculpter le vide au Mus\u00e9e Cantini&#13;<\/p>\n<p>Pour la premi\u00e8re fois \u00e0 Marseille, l\u2019oeuvre du sculpteur et peintre Alberto Giacometti est mise \u00e0 l\u2019honneur dans le cadre d\u2019une exposition monographique organis\u00e9e par le mus\u00e9e Cantini en collaboration avec la Fondation Giacometti. R\u00e9unissant des oeuvres embl\u00e9matiques, sculptures en pl\u00e2tre et en bronze, peintures, dessins et estampes, le parcours de l\u2019exposition explore la question du vide, centrale dans la pratique de Giacometti, autour de laquelle s\u2019articulent les diff\u00e9rentes p\u00e9riodes de sa carri\u00e8re.<\/p>\n<p>&#13;<\/p>\n<p>&#13;<br \/>\nLes Veilleurs &#8211; Ali Cherri au MAC&#13;<\/p>\n<p>L\u2019exposition Les Veilleurs pr\u00e9sent\u00e9e au [mac] mus\u00e9e d\u2019art contemporain de Marseille prend forme et vie \u00e0 partir de deux totems Les Veilleurs, symbolisant le feu et l\u2019eau, acquis en 2024 par les Mus\u00e9es de Marseille.<\/p>\n<p>&#13;<\/p>\n","protected":false},"excerpt":{"rendered":"Chaque premier\u00a0dimanche du mois, on visite gratuitement les expositions temporaires des Mus\u00e9es de Marseille. Alors que voir ?&hellip;\n","protected":false},"author":2,"featured_media":373873,"comment_status":"","ping_status":"","sticky":false,"template":"","format":"standard","meta":{"footnotes":""},"categories":[2814],"tags":[1111,11,1777,674,1011,27,884,12,882,25],"class_list":{"0":"post-373872","1":"post","2":"type-post","3":"status-publish","4":"format-standard","5":"has-post-thumbnail","7":"category-marseille","8":"tag-actu","9":"tag-actualites","10":"tag-eu","11":"tag-europe","12":"tag-fr","13":"tag-france","14":"tag-marseille","15":"tag-news","16":"tag-provence-alpes-cote-dazur","17":"tag-republique-francaise"},"share_on_mastodon":{"url":"https:\/\/pubeurope.com\/@fr\/115165251814240694","error":""},"_links":{"self":[{"href":"https:\/\/www.europesays.com\/fr\/wp-json\/wp\/v2\/posts\/373872","targetHints":{"allow":["GET"]}}],"collection":[{"href":"https:\/\/www.europesays.com\/fr\/wp-json\/wp\/v2\/posts"}],"about":[{"href":"https:\/\/www.europesays.com\/fr\/wp-json\/wp\/v2\/types\/post"}],"author":[{"embeddable":true,"href":"https:\/\/www.europesays.com\/fr\/wp-json\/wp\/v2\/users\/2"}],"replies":[{"embeddable":true,"href":"https:\/\/www.europesays.com\/fr\/wp-json\/wp\/v2\/comments?post=373872"}],"version-history":[{"count":0,"href":"https:\/\/www.europesays.com\/fr\/wp-json\/wp\/v2\/posts\/373872\/revisions"}],"wp:featuredmedia":[{"embeddable":true,"href":"https:\/\/www.europesays.com\/fr\/wp-json\/wp\/v2\/media\/373873"}],"wp:attachment":[{"href":"https:\/\/www.europesays.com\/fr\/wp-json\/wp\/v2\/media?parent=373872"}],"wp:term":[{"taxonomy":"category","embeddable":true,"href":"https:\/\/www.europesays.com\/fr\/wp-json\/wp\/v2\/categories?post=373872"},{"taxonomy":"post_tag","embeddable":true,"href":"https:\/\/www.europesays.com\/fr\/wp-json\/wp\/v2\/tags?post=373872"}],"curies":[{"name":"wp","href":"https:\/\/api.w.org\/{rel}","templated":true}]}}