{"id":373874,"date":"2025-09-07T21:57:19","date_gmt":"2025-09-07T21:57:19","guid":{"rendered":"https:\/\/www.europesays.com\/fr\/373874\/"},"modified":"2025-09-07T21:57:19","modified_gmt":"2025-09-07T21:57:19","slug":"les-libres-nageurs-se-mouillent-pour-la-digue-des-catalans","status":"publish","type":"post","link":"https:\/\/www.europesays.com\/fr\/373874\/","title":{"rendered":"Les Libres Nageurs se mouillent pour la digue des Catalans"},"content":{"rendered":"<p>Sur la plage des Catalans, les familles se pressent pour recharger les batteries et profiter du doux soleil estival, en ce premier week-end post-rentr\u00e9e. D\u2019autant que la Ville <a href=\"https:\/\/www.laprovence.com\/article\/region\/14768510494455\/sur-les-plages-marseillaises-drapeau-vert-pour-le-debut-de-la-saison-des-plages-surveillees\" target=\"_blank\" rel=\"noopener\">a prolong\u00e9 jusqu\u2019au 14\u00a0septembre la surveillance de la baignade<\/a>. Mais devant cette eau cristalline, certains ne sont pas l\u00e0 que pour se dorer la pilule.<\/p>\n<p>Au pied <a href=\"https:\/\/www.laprovence.com\/article\/region\/6978164891318614\/procedure-judiciaire-degradation-de-la-tour-du-lazaret-a-la-plage-des-catalans-a-marseille-un-nouvel-ete-en-friche\" target=\"_blank\" rel=\"noopener\">de la tour du Lazaret<\/a>, \u00e0 l\u2019heure de l\u2019ap\u00e9ro, Fanny, 52\u00a0ans, d\u00e9guste un verre de vin. Une r\u00e9compense m\u00e9rit\u00e9e apr\u00e8s avoir nag\u00e9 quatre bons kilom\u00e8tres autour de la digue des Catalans, \u00e0 500\u00a0m\u00e8tres au droit de la plage. \u00ab\u00a0\u00c7a fait un bien fou\u00a0! C\u2019est incroyable le nombre de poissons qu\u2019on voit sous l\u2019eau\u00a0: des daurades, des saupes, des castagnoles\u2026\u00a0\u00bb, s\u2019enthousiasme cette habitante d\u2019Endoume. Avec sa \u00ab\u00a0Team Malmousque\u00a0\u00bb &#8211;\u00a0un groupe de passionn\u00e9s de nage en mer\u00a0-, elle se jette r\u00e9guli\u00e8rement \u00e0 l\u2019eau pour des sorties de \u00ab\u00a02,5\u00a0km minimum\u00a0\u00bb. Comme elle et ses compagnons de crawl, des dizaines de nageurs ont r\u00e9pondu tout au long de la journ\u00e9e <a href=\"https:\/\/www.laprovence.com\/article\/region\/1389075064994814\/piscine-au-mucem-a-marseille-les-libres-nageurs-refusent-de-voir-leur-reve-se-noyer\" target=\"_blank\" rel=\"noopener\">\u00e0 l\u2019appel des Libres nageurs<\/a> pour la 3e \u00e9dition de Dingues de la digue.<\/p>\n<p>Avec une eau \u00e0 22\u00a0\u00b0C (un peu moins lorsqu\u2019on s\u2019\u00e9loigne du rivage), la combinaison est optionnelle. Mais le bonnet et la bou\u00e9e de signalisation orange sont obl&#8230;<\/p>\n","protected":false},"excerpt":{"rendered":"Sur la plage des Catalans, les familles se pressent pour recharger les batteries et profiter du doux soleil&hellip;\n","protected":false},"author":2,"featured_media":373875,"comment_status":"","ping_status":"","sticky":false,"template":"","format":"standard","meta":{"footnotes":""},"categories":[2814],"tags":[17,1111,11,154,50792,1777,674,1011,27,151,6087,884,50791,17636,12,471,882,16,25],"class_list":{"0":"post-373874","1":"post","2":"type-post","3":"status-publish","4":"format-standard","5":"has-post-thumbnail","7":"category-marseille","8":"tag-17","9":"tag-actu","10":"tag-actualites","11":"tag-des","12":"tag-digue","13":"tag-eu","14":"tag-europe","15":"tag-fr","16":"tag-france","17":"tag-les","18":"tag-libres","19":"tag-marseille","20":"tag-mouillent","21":"tag-nageurs","22":"tag-news","23":"tag-pour","24":"tag-provence-alpes-cote-dazur","25":"tag-region","26":"tag-republique-francaise"},"share_on_mastodon":{"url":"https:\/\/pubeurope.com\/@fr\/115165255726804802","error":""},"_links":{"self":[{"href":"https:\/\/www.europesays.com\/fr\/wp-json\/wp\/v2\/posts\/373874","targetHints":{"allow":["GET"]}}],"collection":[{"href":"https:\/\/www.europesays.com\/fr\/wp-json\/wp\/v2\/posts"}],"about":[{"href":"https:\/\/www.europesays.com\/fr\/wp-json\/wp\/v2\/types\/post"}],"author":[{"embeddable":true,"href":"https:\/\/www.europesays.com\/fr\/wp-json\/wp\/v2\/users\/2"}],"replies":[{"embeddable":true,"href":"https:\/\/www.europesays.com\/fr\/wp-json\/wp\/v2\/comments?post=373874"}],"version-history":[{"count":0,"href":"https:\/\/www.europesays.com\/fr\/wp-json\/wp\/v2\/posts\/373874\/revisions"}],"wp:featuredmedia":[{"embeddable":true,"href":"https:\/\/www.europesays.com\/fr\/wp-json\/wp\/v2\/media\/373875"}],"wp:attachment":[{"href":"https:\/\/www.europesays.com\/fr\/wp-json\/wp\/v2\/media?parent=373874"}],"wp:term":[{"taxonomy":"category","embeddable":true,"href":"https:\/\/www.europesays.com\/fr\/wp-json\/wp\/v2\/categories?post=373874"},{"taxonomy":"post_tag","embeddable":true,"href":"https:\/\/www.europesays.com\/fr\/wp-json\/wp\/v2\/tags?post=373874"}],"curies":[{"name":"wp","href":"https:\/\/api.w.org\/{rel}","templated":true}]}}