{"id":373876,"date":"2025-09-07T21:58:27","date_gmt":"2025-09-07T21:58:27","guid":{"rendered":"https:\/\/www.europesays.com\/fr\/373876\/"},"modified":"2025-09-07T21:58:27","modified_gmt":"2025-09-07T21:58:27","slug":"pres-de-lyon-il-percute-la-voiture-de-son-ex-la-femme-grievement-blessee","status":"publish","type":"post","link":"https:\/\/www.europesays.com\/fr\/373876\/","title":{"rendered":"Pr\u00e8s de Lyon : il percute la voiture de son ex, la femme gri\u00e8vement bless\u00e9e\u00a0"},"content":{"rendered":"<p>Dans la soir\u00e9e du samedi 6 septembre, un accident s&rsquo;est produit \u00e0 Caluire-et-Cuire, faisant deux bless\u00e9s, dont un grave. Il s&rsquo;agirait d&rsquo;un r\u00e8glement de compte entre un homme et une femme autrefois en couple.<\/p>\n<p>Deux bless\u00e9s dans un accident de la route pr\u00e8s de Lyon. Samedi 6 septembre 2025, aux alentours de 23h, deux personnes ont \u00e9t\u00e9 prises en charge par les secours \u00e0 <b>Caluire-et-Cuire<\/b>.<\/p>\n<p>Une femme gri\u00e8vement bless\u00e9e \u00e0 Caluire<\/p>\n<p>Les deux victimes ont \u00e9t\u00e9 retrouv\u00e9es coinc\u00e9es dans leurs v\u00e9hicules avenue Barth\u00e9lemy Thimonnier.<\/p>\n<p>Une femme, <b>gri\u00e8vement bless\u00e9e<\/b> dans le choc, a \u00e9t\u00e9 conduite \u00e0 l&rsquo;h\u00f4pital \u00c9douard Herriot, mais son pronostic vital n&rsquo;\u00e9tait pas engag\u00e9 samedi soir. L&rsquo;autre conducteur, un jeune homme qui aurait 26 ans, a \u00e9t\u00e9 plus l\u00e9g\u00e8rement bless\u00e9.<\/p>\n<p>Il fonce dans la voiture de son ex-compagne<\/p>\n<p>Selon <a class=\"url\" href=\"https:\/\/c.leprogres.fr\/faits-divers-justice\/2025\/09\/07\/l-accident-n-etait-pas-une-simple-collision-il-fonce-sur-la-voiture-de-son-ex\" target=\"_blank\" rel=\"noopener\">Le Progr\u00e8s<\/a>, les premiers \u00e9l\u00e9ments de l&rsquo;enqu\u00eate indiquent que l&rsquo;homme aurait percut\u00e9, \u00e0 pleine vitesse, <b>la voiture de son ex-compagne<\/b>.<\/p>\n<p>L&rsquo;accident aurait donc \u00e9t\u00e9 provoqu\u00e9 volontairement par le jeune automobiliste. Ce dernier aurait m\u00eame de nouveau percut\u00e9 la voiture de son ex apr\u00e8s le premier choc.<\/p>\n<p>L&rsquo;homme a \u00e9t\u00e9 interpell\u00e9 et plac\u00e9 en garde \u00e0 vue <b>pour tentative de meurtre<\/b>.<\/p>\n<p><img loading=\"lazy\" decoding=\"async\" src=\"https:\/\/www.europesays.com\/fr\/wp-content\/uploads\/2025\/09\/1757282307_554_img\" width=\"350\" height=\"200\" border=\"0\" title=\"Une attaque au couteau a fait deux bless\u00c3\u00a9s \u00c3\u00a0 Lyon\"\/><\/p>\n<p>\u25baFaits divers<\/p>\n<p style=\"font-size: 22px;\"><b>Lyon : attaque au couteau devant une piscine, un adolescent gravement bless\u00e9<\/b><\/p>\n<p>Samedi 6 septembre, une attaque au couteau a fait&#8230;<\/p>\n<p><\/p>\n","protected":false},"excerpt":{"rendered":"Dans la soir\u00e9e du samedi 6 septembre, un accident s&rsquo;est produit \u00e0 Caluire-et-Cuire, faisant deux bless\u00e9s, dont un&hellip;\n","protected":false},"author":2,"featured_media":373877,"comment_status":"","ping_status":"","sticky":false,"template":"","format":"standard","meta":{"footnotes":""},"categories":[1889],"tags":[119,1111,11,2430,15842,1777,674,13660,6017,1011,27,2428,12,25],"class_list":{"0":"post-373876","1":"post","2":"type-post","3":"status-publish","4":"format-standard","5":"has-post-thumbnail","7":"category-lyon","8":"tag-accident","9":"tag-actu","10":"tag-actualites","11":"tag-auvergne-rhone-alpes","12":"tag-caluire-et-cuire","13":"tag-eu","14":"tag-europe","15":"tag-ex-femme","16":"tag-fait-divers","17":"tag-fr","18":"tag-france","19":"tag-lyon","20":"tag-news","21":"tag-republique-francaise"},"share_on_mastodon":{"url":"https:\/\/pubeurope.com\/@fr\/115165259652900834","error":""},"_links":{"self":[{"href":"https:\/\/www.europesays.com\/fr\/wp-json\/wp\/v2\/posts\/373876","targetHints":{"allow":["GET"]}}],"collection":[{"href":"https:\/\/www.europesays.com\/fr\/wp-json\/wp\/v2\/posts"}],"about":[{"href":"https:\/\/www.europesays.com\/fr\/wp-json\/wp\/v2\/types\/post"}],"author":[{"embeddable":true,"href":"https:\/\/www.europesays.com\/fr\/wp-json\/wp\/v2\/users\/2"}],"replies":[{"embeddable":true,"href":"https:\/\/www.europesays.com\/fr\/wp-json\/wp\/v2\/comments?post=373876"}],"version-history":[{"count":0,"href":"https:\/\/www.europesays.com\/fr\/wp-json\/wp\/v2\/posts\/373876\/revisions"}],"wp:featuredmedia":[{"embeddable":true,"href":"https:\/\/www.europesays.com\/fr\/wp-json\/wp\/v2\/media\/373877"}],"wp:attachment":[{"href":"https:\/\/www.europesays.com\/fr\/wp-json\/wp\/v2\/media?parent=373876"}],"wp:term":[{"taxonomy":"category","embeddable":true,"href":"https:\/\/www.europesays.com\/fr\/wp-json\/wp\/v2\/categories?post=373876"},{"taxonomy":"post_tag","embeddable":true,"href":"https:\/\/www.europesays.com\/fr\/wp-json\/wp\/v2\/tags?post=373876"}],"curies":[{"name":"wp","href":"https:\/\/api.w.org\/{rel}","templated":true}]}}