{"id":373880,"date":"2025-09-07T22:01:11","date_gmt":"2025-09-07T22:01:11","guid":{"rendered":"https:\/\/www.europesays.com\/fr\/373880\/"},"modified":"2025-09-07T22:01:11","modified_gmt":"2025-09-07T22:01:11","slug":"quelles-perturbations-prevoir-pour-la-ratp-et-la-sncf-cette-semaine-38","status":"publish","type":"post","link":"https:\/\/www.europesays.com\/fr\/373880\/","title":{"rendered":"Quelles perturbations pr\u00e9voir pour la RATP et la SNCF cette semaine\u00a0?"},"content":{"rendered":"<p>En cette deuxi\u00e8me semaine apr\u00e8s la rentr\u00e9e, la routine reprend peu \u00e0 peu dans la capitale et en \u00cele-de-France. Au-del\u00e0 des possibles changements dus aux manifestations du mercredi 10\u00a0septembre, faisons le point sur les perturbations RATP et SNCF cette semaine du lundi 8 au dimanche 14 septembre sur les lignes parisiennes et franciliennes.<\/p>\n<p>Les perturbations SNCF et RATP \u00e0 Paris et en \u00cele-de-France du lundi\u00a08 au dimanche 14\u00a0septembreM\u00e9tro<\/p>\n<ul>\n<li>Ligne 6\u00a0: jusqu\u2019au 28\u00a0septembre, l\u2019arr\u00eat ne sera pas desservi \u00e0 Cambronne (travaux).<\/li>\n<li>Ligne 10\u00a0: du dimanche au jeudi inclus, \u00e0 partir de 22h30 jusqu\u2019au lendemain matin, le trafic sera interrompu, jusqu\u2019au jeudi 2\u00a0octobre.<\/li>\n<\/ul>\n<p>RER<\/p>\n<ul>\n<li>RER A\u00a0: jusqu\u2019au vendredi 10\u00a0octobre, \u00e0 partir de 22h45, le trafic sera interrompu entre Paris Gare du Nord et A\u00e9roport Charles De Gaulle 2-TGV\/Mitry-Claye. Des bus de substitution seront mis en place.<\/li>\n<li><a href=\"https:\/\/www.20minutes.fr\/dossier\/rer_b\" class=\"c-link c-link--is-underlined\" target=\"_blank\" rel=\"noopener\">RER B<\/a>\u00a0: le week-end du 13 et 14\u00a0septembre 2025, le trafic estinterrompu entre Paris Nord et <a href=\"https:\/\/www.20minutes.fr\/dossier\/aeroport\" class=\"c-link c-link--is-underlined\" target=\"_blank\" rel=\"noopener\">A\u00e9roport<\/a> CDG2-TGV. Des bus de substitution seront mis en place.<\/li>\n<li><a href=\"https:\/\/www.20minutes.fr\/dossier\/rer_d\" class=\"c-link c-link--is-underlined\" target=\"_blank\" rel=\"noopener\">RER D<\/a>\u00a0: jusqu\u2019au 31\u00a0octobre, du lundi au vendredi, d\u00e8s 23h20, le trafic sera interrompu entre Gare du Nord et Creil (travaux). Des bus de substitution seront mis en place.<\/li>\n<\/ul>\n<p>Transilien<\/p>\n<ul>\n<li>Ligne J\u00a0: les week-ends du 13-14 et 20-21 septembre, le trafic sera interrompu entre Paris Saint-Lazare et Val de Reuil.<\/li>\n<li>Ligne K\u00a0: jusqu\u2019au vendredi 19\u00a0d\u00e9cembre en soir\u00e9e, le trafic sera interrompu entre Paris <a href=\"https:\/\/www.20minutes.fr\/dossier\/gare_du_nord\" class=\"c-link c-link--is-underlined\" target=\"_blank\" rel=\"noopener\">Gare du Nord<\/a> et Cr\u00e9py-en-Valois.<\/li>\n<li>Ligne L\u00a0: les week-ends des 13-14, 20-21, 27-28 septembre et 04-05 octobre, le trafic sera interrompu entre Suresnes Mont Val\u00e9rien et Versailles Rive Droite\/Saint-Nom-la-Bret\u00e8che. Moins de trains en service entre La D\u00e9fense et Suresnes Mont Val\u00e9rien.<\/li>\n<li>Ligne N\u00a0: jusqu\u2019au vendredi 12\u00a0d\u00e9cembre, le trafic sera interrompu entre Paris Est et Coulommiers en semaine d\u00e8s 21h30.<\/li>\n<li>Ligne R\u00a0: jusqu\u2019au vendredi 19\u00a0septembre, le trafic sera interrompu entre <a href=\"https:\/\/www.20minutes.fr\/dossier\/melun\" class=\"c-link c-link--is-underlined\" target=\"_blank\" rel=\"noopener\">Melun<\/a> et Montereau via H\u00e9ricy. Des bus de substitution seront mis en place.<\/li>\n<li>Ligne U\u00a0: jusqu\u2019au vendredi 12\u00a0septembre, le trafic sera interrompu entre La D\u00e9fense et La Verri\u00e8re. Le dernier train de La D\u00e9fense pour La Verri\u00e8re\u00a0: VERI de 22h15. Le dernier train de La Verri\u00e8re pour La <a href=\"https:\/\/www.20minutes.fr\/dossier\/defense\" class=\"c-link c-link--is-underlined\" target=\"_blank\" rel=\"noopener\">D\u00e9fense<\/a>\u00a0: DEFI de 21h20. Des bus de substitution seront mis en place.<\/li>\n<\/ul>\n<p>Tramway<\/p>\n<ul>\n<li>T1\u00a0: le trafic sera interrompu entre <a href=\"https:\/\/www.20minutes.fr\/dossier\/asnieres\" class=\"c-link c-link--is-underlined\" target=\"_blank\" rel=\"noopener\">Asni\u00e8res<\/a> \u2013 Quatre Routes et Gare de Saint-Denis et perturb\u00e9 sur le reste de la ligne en raison d\u2019une d\u00e9gradation par un tiers \u00e0 L\u2019\u00cele-Saint-Denis. Aucune reprise n\u2019est pr\u00e9vue.<\/li>\n<li>T2\u00a0: jusqu\u2019au 2\u00a0novembre 2025, le trafic sera interrompu entre Porte de Versailles et Suzanne Lenglen (travaux) Pour rejoindre la Porte de Versailles, depuis Suzanne Lenglen, allez \u00e0 pied jusqu\u2019\u00e0 la station Balard du T3a.<\/li>\n<li>T4\u00a0: jusqu\u2019au samedi 4\u00a0octobre au matin, le trafic sera interrompu entre les stations Gargan et Aulnay-sous-Bois dans les deux sens d\u00e8s 22h55. Le dernier tram au d\u00e9part d\u2019Aulnay-sous-Bois et Bondy sera \u00e0 22h47. Les tramways circulent entre Bondy et H\u00f4pital de Montfermeil jusqu\u2019\u00e0 la fin de service. Ils desservent Bondy et Gargan. Le premier tram de Bondy vers Aulnay-sous-Bois sera \u00e0 5h06 du mardi au vendredi et \u00e0 5h15 le samedi. Le premier tram d\u2019<a href=\"https:\/\/www.20minutes.fr\/economie\/aulnay\/\" class=\"c-link c-link--is-underlined\" target=\"_blank\" rel=\"noopener\">Aulnay-sous-Bois<\/a> vers Bondy sera \u00e0 5h04 du mardi au vendredi et \u00e0 5h18 le samedi. Des bus de substitution seront mis en place.<\/li>\n<\/ul>\n","protected":false},"excerpt":{"rendered":"En cette deuxi\u00e8me semaine apr\u00e8s la rentr\u00e9e, la routine reprend peu \u00e0 peu dans la capitale et en&hellip;\n","protected":false},"author":2,"featured_media":373881,"comment_status":"","ping_status":"","sticky":false,"template":"","format":"standard","meta":{"footnotes":""},"categories":[1592],"tags":[1111,11,1777,674,1011,27,662,12,626,625,1306,25,2215],"class_list":{"0":"post-373880","1":"post","2":"type-post","3":"status-publish","4":"format-standard","5":"has-post-thumbnail","7":"category-ile-de-france","8":"tag-actu","9":"tag-actualites","10":"tag-eu","11":"tag-europe","12":"tag-fr","13":"tag-france","14":"tag-ile-de-france","15":"tag-news","16":"tag-paris","17":"tag-ratp","18":"tag-regions","19":"tag-republique-francaise","20":"tag-sncf"},"share_on_mastodon":{"url":"https:\/\/pubeurope.com\/@fr\/115165271408485293","error":""},"_links":{"self":[{"href":"https:\/\/www.europesays.com\/fr\/wp-json\/wp\/v2\/posts\/373880","targetHints":{"allow":["GET"]}}],"collection":[{"href":"https:\/\/www.europesays.com\/fr\/wp-json\/wp\/v2\/posts"}],"about":[{"href":"https:\/\/www.europesays.com\/fr\/wp-json\/wp\/v2\/types\/post"}],"author":[{"embeddable":true,"href":"https:\/\/www.europesays.com\/fr\/wp-json\/wp\/v2\/users\/2"}],"replies":[{"embeddable":true,"href":"https:\/\/www.europesays.com\/fr\/wp-json\/wp\/v2\/comments?post=373880"}],"version-history":[{"count":0,"href":"https:\/\/www.europesays.com\/fr\/wp-json\/wp\/v2\/posts\/373880\/revisions"}],"wp:featuredmedia":[{"embeddable":true,"href":"https:\/\/www.europesays.com\/fr\/wp-json\/wp\/v2\/media\/373881"}],"wp:attachment":[{"href":"https:\/\/www.europesays.com\/fr\/wp-json\/wp\/v2\/media?parent=373880"}],"wp:term":[{"taxonomy":"category","embeddable":true,"href":"https:\/\/www.europesays.com\/fr\/wp-json\/wp\/v2\/categories?post=373880"},{"taxonomy":"post_tag","embeddable":true,"href":"https:\/\/www.europesays.com\/fr\/wp-json\/wp\/v2\/tags?post=373880"}],"curies":[{"name":"wp","href":"https:\/\/api.w.org\/{rel}","templated":true}]}}