{"id":373882,"date":"2025-09-07T22:02:11","date_gmt":"2025-09-07T22:02:11","guid":{"rendered":"https:\/\/www.europesays.com\/fr\/373882\/"},"modified":"2025-09-07T22:02:11","modified_gmt":"2025-09-07T22:02:11","slug":"le-siege-du-gouvernement-touche-par-des-frappes-russes","status":"publish","type":"post","link":"https:\/\/www.europesays.com\/fr\/373882\/","title":{"rendered":"le si\u00e8ge du gouvernement touch\u00e9 par des frappes russes"},"content":{"rendered":"<p>            lire plus tard<\/p>\n<p id=\"dialog__title\" class=\"dialog__title\">Pour sauvegarder cet article, connectez-vous ou cr\u00e9ez un compte franceinfo<\/p>\n<p class=\"dialog__description\">Sans paiement. Sans abonnement.<\/p>\n<p>        Fermer la fen\u00eatre d\u2019activation des notifications France Info<\/p>\n<p>            cr\u00e9er votre compte<\/p>\n<p>            se connecter<\/p>\n<p>        Fermer la fen\u00eatre de pr\u00e9sentation<\/p>\n<p>    Publi\u00e9 le 07\/09\/2025 20:22<\/p>\n<p>        Temps de lecture : 2min &#8211; vid\u00e9o : 2min<\/p>\n<p>    <img decoding=\"async\" class=\"francetv-player-wrapper__image\" alt=\"Guerre en Ukraine : le si\u00e8ge du gouvernement touch\u00e9 par des frappes russes\"  width=\"432\" height=\"243\" src=\"https:\/\/www.europesays.com\/fr\/wp-content\/uploads\/2025\/09\/video-2025-09-07t200028-770-68bdcbac35fc7844188689.jpg\" fetchpriority=\"high\"\/><\/p>\n<p>              Guerre en Ukraine : le si\u00e8ge du gouvernement touch\u00e9 par des frappes russes<br \/>\n                    (France 2)<\/p>\n<p>      2min<\/p>\n<p>\n  Des frappes russes ont touch\u00e9 le si\u00e8ge du gouvernement ukrainien dans la nuit de samedi 6 \u00e0 dimanche 7 septembre. Des attaques qui ont \u00e9t\u00e9 meurtri\u00e8res.\n<\/p>\n<p><strong>Ce texte correspond \u00e0 une partie de la retranscription du reportage ci-dessus. Cliquez sur la vid\u00e9o pour la regarder dans son int\u00e9gralit\u00e9.<\/strong><\/p>\n<p>Un bruit assourdissant. Et puis l&rsquo;impact. <a href=\"https:\/\/www.franceinfo.fr\/monde\/europe\/manifestations-en-ukraine\/\" rel=\"nofollow noopener\" target=\"_blank\">Le si\u00e8ge du gouvernement ukrainien<\/a>, au c\u0153ur m\u00eame de Kiev, a \u00e9t\u00e9 la cible d\u2019une frappe russe dans la nuit de samedi 6 \u00e0 dimanche 7 septembre. Le toit et les derniers \u00e9tages de l\u2019imposant b\u00e2timent de bureaux sont en flammes. Une \u00e9paisse fum\u00e9e s&rsquo;\u00e9l\u00e8ve au-dessus de l&#8217;embl\u00e9matique place Ma\u00efdan. C&rsquo;est la premi\u00e8re fois que la Russie vise le pouvoir ukrainien. S&rsquo;agit-il de la r\u00e9ponse de Vladimir Poutine \u00e0 Volodymyr Zelensky, qui refuse de se rendre \u00e0 Moscou pour le rencontrer ? C&rsquo;est l\u2019avis des Ukrainiens rencontr\u00e9s. \u00ab\u00a0C&rsquo;est s\u00fbrement un avertissement pour montrer jusqu&rsquo;o\u00f9 la Russie peut nous frapper\u00a0\u00bb, estime un passant. \u00ab\u00a0C&rsquo;est le symbole de notre pays, de notre gouvernement. C&rsquo;est le symbole de notre peuple ind\u00e9pendant. Donc c&rsquo;est une frappe contre nous. Mais on reste debout\u00a0\u00bb, lance une femme.\u00a0<\/p>\n<p>\u00c0 l&rsquo;int\u00e9rieur du b\u00e2timent endommag\u00e9, la Premi\u00e8re ministre ukrainienne se filme et d\u00e9nonce cette escalade. \u00ab\u00a0Il semble que la Russie ne cherche pas la paix et n&rsquo;est pas pr\u00eate pour des n\u00e9gociations\u00a0\u00bb, d\u00e9clare Yulia Svyrydenko, Premi\u00e8re ministre de l\u2019Ukraine.<\/p>\n<p>Sur une image, on peut voir l&rsquo;interception de l&rsquo;un des quelque 800 drones et missiles tir\u00e9s par la Russie. Pr\u00e8s de 50 ont atteint leur cible, des sites militaires, selon Moscou. Mais dans un quartier, c&rsquo;est bien un immeuble de logements qui a \u00e9t\u00e9 touch\u00e9 une nouvelle fois. \u00c9prouv\u00e9s, \u00e9puis\u00e9s, les habitants pleurent la mort d&rsquo;une femme et de son b\u00e9b\u00e9 et recherchent leur disparu. \u00ab\u00a0Mon ami est quelque part sous les d\u00e9combres. Les secours ont trouv\u00e9 un corps, mais on ne sait pas si c&rsquo;est le sien. On doit attendre l&rsquo;identification\u00a0\u00bb, partage une riveraine.<\/p>\n<p>Pour Volodymyr Zelensky, ces attaques constituent \u00ab\u00a0un crime d\u00e9lib\u00e9r\u00e9, une prolongation de la guerre, alors que la v\u00e9ritable diplomatie aurait pu commencer\u00a0\u00bb, \u00e9crit-il. Une opinion largement partag\u00e9e par la population ukrainienne.<\/p>\n","protected":false},"excerpt":{"rendered":"lire plus tard Pour sauvegarder cet article, connectez-vous ou cr\u00e9ez un compte franceinfo Sans paiement. Sans abonnement. Fermer&hellip;\n","protected":false},"author":2,"featured_media":373883,"comment_status":"","ping_status":"","sticky":false,"template":"","format":"standard","meta":{"footnotes":""},"categories":[1888],"tags":[1111,1928,11,1927,1777,674,1011,27,12,1926,626,1925,25],"class_list":{"0":"post-373882","1":"post","2":"type-post","3":"status-publish","4":"format-standard","5":"has-post-thumbnail","7":"category-paris","8":"tag-actu","9":"tag-actu-paris","10":"tag-actualites","11":"tag-actualites-paris","12":"tag-eu","13":"tag-europe","14":"tag-fr","15":"tag-france","16":"tag-news","17":"tag-news-paris","18":"tag-paris","19":"tag-paris-news","20":"tag-republique-francaise"},"share_on_mastodon":{"url":"https:\/\/pubeurope.com\/@fr\/115165275660093835","error":""},"_links":{"self":[{"href":"https:\/\/www.europesays.com\/fr\/wp-json\/wp\/v2\/posts\/373882","targetHints":{"allow":["GET"]}}],"collection":[{"href":"https:\/\/www.europesays.com\/fr\/wp-json\/wp\/v2\/posts"}],"about":[{"href":"https:\/\/www.europesays.com\/fr\/wp-json\/wp\/v2\/types\/post"}],"author":[{"embeddable":true,"href":"https:\/\/www.europesays.com\/fr\/wp-json\/wp\/v2\/users\/2"}],"replies":[{"embeddable":true,"href":"https:\/\/www.europesays.com\/fr\/wp-json\/wp\/v2\/comments?post=373882"}],"version-history":[{"count":0,"href":"https:\/\/www.europesays.com\/fr\/wp-json\/wp\/v2\/posts\/373882\/revisions"}],"wp:featuredmedia":[{"embeddable":true,"href":"https:\/\/www.europesays.com\/fr\/wp-json\/wp\/v2\/media\/373883"}],"wp:attachment":[{"href":"https:\/\/www.europesays.com\/fr\/wp-json\/wp\/v2\/media?parent=373882"}],"wp:term":[{"taxonomy":"category","embeddable":true,"href":"https:\/\/www.europesays.com\/fr\/wp-json\/wp\/v2\/categories?post=373882"},{"taxonomy":"post_tag","embeddable":true,"href":"https:\/\/www.europesays.com\/fr\/wp-json\/wp\/v2\/tags?post=373882"}],"curies":[{"name":"wp","href":"https:\/\/api.w.org\/{rel}","templated":true}]}}