{"id":373884,"date":"2025-09-07T22:03:12","date_gmt":"2025-09-07T22:03:12","guid":{"rendered":"https:\/\/www.europesays.com\/fr\/373884\/"},"modified":"2025-09-07T22:03:12","modified_gmt":"2025-09-07T22:03:12","slug":"paris-enseignement-agricole-les-temps-forts-de-la-rentree-2025-2026","status":"publish","type":"post","link":"https:\/\/www.europesays.com\/fr\/373884\/","title":{"rendered":"PARIS : Enseignement agricole &#8211; Les temps forts de la rentr\u00e9e 2025-2026"},"content":{"rendered":"<p style=\"text-align: left;\"><strong>Le lundi 1er septembre 2025, plus de 800 \u00e9tablissements publics et priv\u00e9s de l\u2019enseignement g\u00e9n\u00e9ral, technique et sup\u00e9rieur agricole ont accueilli leurs \u00e9l\u00e8ves, \u00e9tudiants, apprentis et stagiaires en formation continue.<\/strong><\/p>\n<p style=\"text-align: left;\">\u00ab\u00a0L\u2019enseignement agricole est aujourd\u2019hui au c\u0153ur des grands enjeux qui fa\u00e7onnent notre agriculture, notre alimentation et donc notre avenir. Face aux d\u00e9fis de la reconqu\u00eate de notre souverainet\u00e9 alimentaire, de la transition climatique et environnementale, il joue un r\u00f4le structurant : former des citoyens responsables, accompagner les vocations professionnelles et la r\u00e9ussite des jeunes, pr\u00e9parer des g\u00e9n\u00e9rations capables de nous nourrir et de transformer durablement nos syst\u00e8mes agricoles, alimentaires et environnementaux. Avec plus de 800 \u00e9tablissements, d\u2019enseignement technique et sup\u00e9rieur, qui maillent l\u2019ensemble du territoire, y compris en outre-mer, l\u2019enseignement agricole constitue un r\u00e9seau d\u2019excellence, d\u2019innovation et permet la r\u00e9ussite de tous, de la 4e aux dipl\u00f4mes d\u2019ing\u00e9nieur agronome ou v\u00e9t\u00e9rinaire. <\/p>\n<p style=\"text-align: left;\">Il offre \u00e0 chaque jeune un environnement d\u2019apprentissage, concret et pragmatique, exigeant et bienveillant, en lien \u00e9troit avec les acteurs du terrain et ouvert sur le monde, o\u00f9 l\u2019on peut se construire, progresser et r\u00e9ussir. La rentr\u00e9e 2025 s\u2019inscrit dans un tournant strat\u00e9gique, port\u00e9 par la loi d\u2019orientation pour la souverainet\u00e9 alimentaire et le renouvellement des g\u00e9n\u00e9rations en agriculture. Entr\u00e9e en vigueur le 25 mars 2025, cette loi fixe un objectif clair pour l\u2019enseignement agricole : augmenter de 30\u2009% le nombre d\u2019apprenants dans les fili\u00e8res agricoles et agroalimentaires d\u2019ici 2030. <\/p>\n<p style=\"text-align: left;\">Une ambition forte, rendue n\u00e9cessaire par l\u2019urgence du renouvellement des g\u00e9n\u00e9rations et les besoins en emplois dans les m\u00e9tiers du vivant. Pour y r\u00e9pondre, l\u2019enseignement agricole se renforce et continue d\u2019innover : le lancement du bachelor agro, un nouveau dipl\u00f4me de Bac +3 destin\u00e9 \u00e0 r\u00e9pondre aux besoins en comp\u00e9tences exprim\u00e9s par les fili\u00e8res professionnelles, forge un maillon suppl\u00e9mentaire dans l\u2019offre de formation entre les BTSA pr\u00e9par\u00e9s dans les \u00e9tablissements d\u2019enseignement technique et les \u00e9coles d\u2019ing\u00e9nieurs et v\u00e9t\u00e9rinaires. Le d\u00e9ploiement du mentorat et le recours \u00e0 des experts associ\u00e9s, qui permettent \u00e0 des professionnels d\u2019intervenir aupr\u00e8s des \u00e9l\u00e8ves et \u00e9tudiants, viennent enrichir l\u2019enseignement avec une exp\u00e9rience de terrain. Ces mesures s\u2019articulent autour d\u2019une ambition forte\u2009\u2009: attirer plus de jeunes vers les m\u00e9tiers du vivant. <\/p>\n<p style=\"text-align: left;\">Qu\u2019il s\u2019agisse d\u2019agriculture, d\u2019agroalimentaire, de for\u00eat, de paysage, de sant\u00e9 animale ou de services aux territoires, les perspectives sont nombreuses et porteuses de sens. Les secteurs agricole, agroalimentaire et de v\u00e9t\u00e9rinaire recrutent massivement, innovent en continu et recherchent des profils qualifi\u00e9s, capables de conjuguer performance et responsabilit\u00e9. L\u2019enseignement agricole est aussi une \u00e9cole de la diversit\u00e9 des trajectoires. Certains y viennent avec une vocation affirm\u00e9e, d\u2019autres y font un passage formateur qui les pr\u00e9pare \u00e0 d\u2019autres horizons. Ces parcours d\u2019excellence et de r\u00e9ussite, qu\u2019ils soient lin\u00e9aires ou non, font la richesse de notre mod\u00e8le \u00e9ducatif. <\/p>\n<p style=\"text-align: left;\">On peut ainsi suivre une formation dans un \u00e9tablissement agricole et devenir ing\u00e9nieur agronome, v\u00e9t\u00e9rinaire, chef d\u2019entreprise, \u00e9leveur, paysagiste ou encore astronaute ! La qualit\u00e9 des formations et des \u00e9quipes \u00e9ducatives se refl\u00e8te dans les tr\u00e8s bons r\u00e9sultats aux examens, les taux d\u2019insertion professionnelle \u00e9lev\u00e9s et la progression continue des effectifs : +7\u2009% en cinq ans. C\u2019est un signal fort de la confiance renouvel\u00e9e des familles, des jeunes et des professionnels. Ce dynamisme est le fruit de l\u2019engagement constant des \u00e9quipes p\u00e9dagogiques et \u00e9ducatives des \u00e9tablissements techniques et sup\u00e9rieurs, tous \u00e0 taille humaine, ancr\u00e9s dans leur territoire.<\/p>\n<p style=\"text-align: left;\"> En 2025-2026, les valeurs de la R\u00e9publique seront plus que jamais au c\u0153ur de l\u2019action \u00e9ducative. C\u2019est l\u2019une des priorit\u00e9s fortes de cette rentr\u00e9e : faire vivre, dans chaque \u00e9tablissement, la citoyennet\u00e9, l\u2019inclusion, la lutte contre les violences sexistes et sexuelles et contre le harc\u00e8lement, \u00e0 travers des projets, des pratiques \u00e9ducatives et un accompagnement renforc\u00e9 de chaque \u00e9l\u00e8ve ou \u00e9tudiant. Cet engagement s\u2019articule avec une ouverture affirm\u00e9e sur l\u2019Europe, notamment gr\u00e2ce aux mobilit\u00e9s Erasmus+, aux projets interculturels, aux concours de plaidoiries et aux nombreuses coop\u00e9rations internationales, qui enrichissent les parcours. \u00c0 toutes et tous, je souhaite une rentr\u00e9e engag\u00e9e, exigeante et pleine de perspectives.\u00ab\u00a0<strong> Annie Genevard, ministre de l\u2019Agriculture et de la Souverainet\u00e9 alimentaire.<\/strong><\/p>\n<p style=\"text-align: left;\"><strong>Temps forts de la rentr\u00e9e 2025-2026<\/strong><\/p>\n<p style=\"text-align: left;\"><img fetchpriority=\"high\" decoding=\"async\" class=\"alignnone size-full wp-image-862438\" src=\"https:\/\/www.europesays.com\/fr\/wp-content\/uploads\/2025\/09\/Capture-decran-2025-09-05-111257.png\" alt=\"\" width=\"771\" height=\"625\"  \/><\/p>\n<p style=\"text-align: left;\"><strong>SOURCE : Enseignement agricole \u2013 Rentr\u00e9e scolaire 2025. <\/strong><\/p>\n","protected":false},"excerpt":{"rendered":"Le lundi 1er septembre 2025, plus de 800 \u00e9tablissements publics et priv\u00e9s de l\u2019enseignement g\u00e9n\u00e9ral, technique et sup\u00e9rieur&hellip;\n","protected":false},"author":2,"featured_media":373885,"comment_status":"","ping_status":"","sticky":false,"template":"","format":"standard","meta":{"footnotes":""},"categories":[1888],"tags":[1111,1928,11,1927,1777,674,1011,27,12,1926,626,1925,25],"class_list":{"0":"post-373884","1":"post","2":"type-post","3":"status-publish","4":"format-standard","5":"has-post-thumbnail","7":"category-paris","8":"tag-actu","9":"tag-actu-paris","10":"tag-actualites","11":"tag-actualites-paris","12":"tag-eu","13":"tag-europe","14":"tag-fr","15":"tag-france","16":"tag-news","17":"tag-news-paris","18":"tag-paris","19":"tag-paris-news","20":"tag-republique-francaise"},"share_on_mastodon":{"url":"https:\/\/pubeurope.com\/@fr\/115165279313063518","error":""},"_links":{"self":[{"href":"https:\/\/www.europesays.com\/fr\/wp-json\/wp\/v2\/posts\/373884","targetHints":{"allow":["GET"]}}],"collection":[{"href":"https:\/\/www.europesays.com\/fr\/wp-json\/wp\/v2\/posts"}],"about":[{"href":"https:\/\/www.europesays.com\/fr\/wp-json\/wp\/v2\/types\/post"}],"author":[{"embeddable":true,"href":"https:\/\/www.europesays.com\/fr\/wp-json\/wp\/v2\/users\/2"}],"replies":[{"embeddable":true,"href":"https:\/\/www.europesays.com\/fr\/wp-json\/wp\/v2\/comments?post=373884"}],"version-history":[{"count":0,"href":"https:\/\/www.europesays.com\/fr\/wp-json\/wp\/v2\/posts\/373884\/revisions"}],"wp:featuredmedia":[{"embeddable":true,"href":"https:\/\/www.europesays.com\/fr\/wp-json\/wp\/v2\/media\/373885"}],"wp:attachment":[{"href":"https:\/\/www.europesays.com\/fr\/wp-json\/wp\/v2\/media?parent=373884"}],"wp:term":[{"taxonomy":"category","embeddable":true,"href":"https:\/\/www.europesays.com\/fr\/wp-json\/wp\/v2\/categories?post=373884"},{"taxonomy":"post_tag","embeddable":true,"href":"https:\/\/www.europesays.com\/fr\/wp-json\/wp\/v2\/tags?post=373884"}],"curies":[{"name":"wp","href":"https:\/\/api.w.org\/{rel}","templated":true}]}}