{"id":373895,"date":"2025-09-07T22:09:11","date_gmt":"2025-09-07T22:09:11","guid":{"rendered":"https:\/\/www.europesays.com\/fr\/373895\/"},"modified":"2025-09-07T22:09:11","modified_gmt":"2025-09-07T22:09:11","slug":"le-metro-londonien-fortement-perturbe-en-raison-dune-greve-des-agents","status":"publish","type":"post","link":"https:\/\/www.europesays.com\/fr\/373895\/","title":{"rendered":"le m\u00e9tro londonien fortement perturb\u00e9 en raison d&rsquo;une gr\u00e8ve des agents"},"content":{"rendered":"<p>Les conducteurs, agents de signalisation et de maintenance protestent contre le niveau des salaires et les conditions de travail.<\/p>\n<p class=\"fig-paragraph\">Une gr\u00e8ve quasi-totale d&rsquo;agents du\u00a0<a href=\"http:\/\/www.lefigaro.fr\/conjoncture\/une-panne-d-electricite-massive-paralyse-le-metro-de-londres-20250512\" data-fig-type=\"NewsFlash\" data-gtm-custom-categorie=\"navigation\" data-gtm-custom-action=\"crossclick\" data-gtm-custom-label=\"Contextuel\" data-gtm-event=\"customEventSPE\" data-fig-domain=\"LEFIGARO\" target=\"_blank\" rel=\"noopener\">m\u00e9tro londonien\u00a0<\/a>qui a commenc\u00e9 dimanche et doit se poursuivre jusqu&rsquo;\u00e0 jeudi\u00a0<a href=\"http:\/\/www.lefigaro.fr\/cinema\/coldplay-reporte-la-fin-de-leur-tournee-a-cause-de-la-greve-des-metros-a-londres-20250901\" data-fig-type=\"Article\" data-gtm-custom-categorie=\"navigation\" data-gtm-custom-action=\"crossclick\" data-gtm-custom-label=\"Contextuel\" data-gtm-event=\"customEventSPE\" data-fig-domain=\"LEFIGARO\" target=\"_blank\" rel=\"noopener\">perturbe les d\u00e9placements<\/a>\u00a0de millions de personnes dans\u00a0<a href=\"http:\/\/www.lefigaro.fr\/voyages\/dossier\/londres\" data-fig-type=\"Topic\" data-gtm-custom-categorie=\"navigation\" data-gtm-custom-action=\"crossclick\" data-gtm-custom-label=\"Contextuel\" data-gtm-event=\"customEventSPE\" data-fig-domain=\"LEFIGARO\" target=\"_blank\" rel=\"noopener\">la capitale britannique<\/a>.<\/p>\n<p class=\"fig-paragraph\">L&rsquo;op\u00e9rateur Transport for London (TFL), qui g\u00e8re le \u00abTube\u00bb, a annonc\u00e9 qu&rsquo;il y aurait peu ou aucun service entre lundi et jeudi sur l&rsquo;ensemble des 11 lignes. D\u00e9j\u00e0 dimanche, plusieurs lignes \u00e9taient \u00e0 l&rsquo;arr\u00eat et des stations ferm\u00e9es en raison du mouvement.<\/p>\n<p>                                    <a class=\"fig-a11y-skip a11y-hidden\" href=\"#fig-a11y-skip-main-inarticle\"><br \/>\n        Passer la publicit\u00e9<br \/>\n    <\/a><\/p>\n<p>Protestation contre le niveau des salaires et les conditions de travail<\/p>\n<p class=\"fig-paragraph\">Lanc\u00e9 \u00e0 l&rsquo;appel du syndicat des transports RMT, il concerne les conducteurs, agents de signalisation et de maintenance, et vise \u00e0 protester contre le niveau des salaires et les conditions de travail. Les bus et certaines lignes sp\u00e9cifiques, comme la r\u00e9cente Elizabeth Line, ne sont pas concern\u00e9s.<\/p>\n<p class=\"fig-paragraph\">Il s&rsquo;agit de la premi\u00e8re gr\u00e8ve aussi importante dans le m\u00e9tro, qui transporte jusqu&rsquo;\u00e0 5 millions de passagers par jour, depuis celle mars 2023, lorsque le pays \u00e9tait en proie \u00e0 une tr\u00e8s forte inflation du fait de la guerre en Ukraine.<\/p>\n<p>Deux concerts report\u00e9s<\/p>\n<p class=\"fig-paragraph\">Les gr\u00e9vistes refusent notamment la proposition de hausse de 3,4% des salaires de la direction de TfL, et demandent une r\u00e9duction des heures de travail hebdomadaires.<\/p>\n<p class=\"fig-paragraph\">Deux concerts du chanteur am\u00e9ricain Post Malone, pr\u00e9vus dimanche et lundi au Tottenham Hotspur Stadium, ont \u00e9t\u00e9 report\u00e9s \u00e0 deux dates ult\u00e9rieures, l&rsquo;organisateur Live Nation UK expliquant sur X que \u00absans service du Tube, il est impossible que les personnes puissent se rendre au concert et rentrer chez eux en s\u00e9curit\u00e9\u00bb.<\/p>\n","protected":false},"excerpt":{"rendered":"Les conducteurs, agents de signalisation et de maintenance protestent contre le niveau des salaires et les conditions de&hellip;\n","protected":false},"author":2,"featured_media":373896,"comment_status":"","ping_status":"","sticky":false,"template":"","format":"standard","meta":{"footnotes":""},"categories":[1588],"tags":[11,1777,674,6151,4534,12,473,1853,1851,1850,1852],"class_list":{"0":"post-373895","1":"post","2":"type-post","3":"status-publish","4":"format-standard","5":"has-post-thumbnail","7":"category-royaume-uni","8":"tag-actualites","9":"tag-eu","10":"tag-europe","11":"tag-greve","12":"tag-londres","13":"tag-news","14":"tag-royaume-uni","15":"tag-royaume-uni-de-grande-bretagne-et-dirlande-du-nord","16":"tag-uk","17":"tag-united-kingdom","18":"tag-united-kingdom-of-great-britain-and-northern-ireland"},"share_on_mastodon":{"url":"https:\/\/pubeurope.com\/@fr\/115165302936420584","error":""},"_links":{"self":[{"href":"https:\/\/www.europesays.com\/fr\/wp-json\/wp\/v2\/posts\/373895","targetHints":{"allow":["GET"]}}],"collection":[{"href":"https:\/\/www.europesays.com\/fr\/wp-json\/wp\/v2\/posts"}],"about":[{"href":"https:\/\/www.europesays.com\/fr\/wp-json\/wp\/v2\/types\/post"}],"author":[{"embeddable":true,"href":"https:\/\/www.europesays.com\/fr\/wp-json\/wp\/v2\/users\/2"}],"replies":[{"embeddable":true,"href":"https:\/\/www.europesays.com\/fr\/wp-json\/wp\/v2\/comments?post=373895"}],"version-history":[{"count":0,"href":"https:\/\/www.europesays.com\/fr\/wp-json\/wp\/v2\/posts\/373895\/revisions"}],"wp:featuredmedia":[{"embeddable":true,"href":"https:\/\/www.europesays.com\/fr\/wp-json\/wp\/v2\/media\/373896"}],"wp:attachment":[{"href":"https:\/\/www.europesays.com\/fr\/wp-json\/wp\/v2\/media?parent=373895"}],"wp:term":[{"taxonomy":"category","embeddable":true,"href":"https:\/\/www.europesays.com\/fr\/wp-json\/wp\/v2\/categories?post=373895"},{"taxonomy":"post_tag","embeddable":true,"href":"https:\/\/www.europesays.com\/fr\/wp-json\/wp\/v2\/tags?post=373895"}],"curies":[{"name":"wp","href":"https:\/\/api.w.org\/{rel}","templated":true}]}}