{"id":373901,"date":"2025-09-07T22:12:16","date_gmt":"2025-09-07T22:12:16","guid":{"rendered":"https:\/\/www.europesays.com\/fr\/373901\/"},"modified":"2025-09-07T22:12:16","modified_gmt":"2025-09-07T22:12:16","slug":"document-m6-mbappe-evoque-son-adaptation-au-real-madrid-jai-eu-la-chance-de-tomber-dans-le-meilleur-club-du-monde","status":"publish","type":"post","link":"https:\/\/www.europesays.com\/fr\/373901\/","title":{"rendered":"DOCUMENT M6 &#8211; Mbapp\u00e9 \u00e9voque son \u00ab\u00a0adaptation\u00a0\u00bb au Real Madrid : \u00ab\u00a0J&rsquo;ai eu la chance de tomber dans le meilleur club du monde\u00a0\u00bb"},"content":{"rendered":"<p class=\"article-p mdl\"><strong>\u00ab\u00a0Changement de club\u00a0\u00bb, \u00ab\u00a0changement de pays\u00a0\u00bb, \u00ab\u00a0changement de culture\u00a0\u00bb\u2026<\/strong> Apr\u00e8s sept ans pass\u00e9s au Paris Saint-Germain,\u00a0<a class=\"link\" href=\"https:\/\/www.rtl.fr\/sujet\/kylian-mbappe\" target=\"_blank\" rel=\"noopener\">Kylian Mbapp\u00e9<\/a>\u00a0\u00e9voque son \u00ab\u00a0adaptation\u00a0\u00bb progressive au Real Madrid,\u00a0<a class=\"link\" href=\"https:\/\/www.rtl.fr\/sport\/football\/kylian-mbappe-ce-qu-il-faut-retenir-de-son-premier-match-avec-le-real-madrid-7900408760\" title=\"Kylian Mbapp\u00e9 : ce qu&#039;il faut retenir de son premier match avec le Real Madrid\" target=\"_blank\" rel=\"noopener\">un an apr\u00e8s ses d\u00e9buts officiels avec le club espagnol<\/a>. S&rsquo;il a \u00e9t\u00e9 le meilleur buteur de la saison, son \u00e9quipe n&rsquo;est pas parvenue \u00e0 remporter la Liga, le championnat espagnol, et a \u00e9chou\u00e9 \u00e0 conserver son titre en\u00a0<a class=\"link\" href=\"https:\/\/www.rtl.fr\/sujet\/ligue-des-champions\" target=\"_blank\" rel=\"noopener\">Ligue des champions<\/a>,\u00a0<a class=\"link\" href=\"https:\/\/www.rtl.fr\/sport\/football\/ligue-des-champions-sans-trembler-arsenal-elimine-le-real-madrid-et-affrontera-le-psg-en-demi-finale-7900495168\" title=\"Ligue des champions : sans trembler, Arsenal \u00e9limine le Real Madrid et affrontera le PSG en demi-finale\" target=\"_blank\" rel=\"noopener\">\u00e9limin\u00e9e d\u00e8s les quarts<\/a>.\n<\/p>\n<p>\u00ab\u00a0Je pense que<strong> la premi\u00e8re saison a \u00e9t\u00e9 riche en apprentissage\u00a0\u00bb, <\/strong>commente Kylian Mbapp\u00e9 ce dimanche 7 septembre dans\u00a0<a class=\"link\" href=\"https:\/\/www.m6.fr\/le-2020-anne-sophie-lapix-p_27347\" target=\"_blank\" rel=\"noopener\">le 20.20, la nouvelle \u00e9mission d&rsquo;Anne-Sophie Lapix sur M6<\/a>. \u00ab\u00a0On n&rsquo;a pas forc\u00e9ment gagn\u00e9 ce qu&rsquo;on voulait gagner, mais on a beaucoup appris et je pense que \u00e7a va nous aider pour cette saison. On a h\u00e2te de le d\u00e9montrer en tout cas.\u00a0\u00bb<\/p>\n<p>            La \u00ab\u00a0qu\u00eate\u00a0\u00bb : \u00ab\u00a0Gagner des troph\u00e9es et s&rsquo;am\u00e9liorer\u00a0\u00bb<\/p>\n<p class=\"article-p mdl\">\nLe joueur estime avoir \u00ab\u00a0eu <strong>la chance de tomber dans le meilleur club du monde\u00a0\u00bb.<\/strong> \u00ab\u00a0Donc c&rsquo;est facile, il y a plus dur pour s&rsquo;adapter, pour changer de climat et de pays\u00a0\u00bb, commente-t-il, \u00e9voquant au passage les bons d\u00e9buts du Real pour cette nouvelle saison.\n<\/p>\n<p>\u00ab\u00a0Mais ce n&rsquo;est que le d\u00e9but\u00a0\u00bb, temporise-t-il. \u00ab\u00a0Une saison c&rsquo;est tr\u00e8s long,<strong> il va falloir rester r\u00e9gulier, <\/strong>attentif et toujours essayer d&rsquo;avoir cette qu\u00eate. de gagner des troph\u00e9es et de s&rsquo;am\u00e9liorer. Je pense qu&rsquo;on en est conscients et au club tout le monde en est conscient.\u00a0\u00bb<\/p>\n<p>            Ce qui lui manque de la France ? \u00ab\u00a0La nourriture\u00a0\u00bb<\/p>\n<p class=\"article-p mdl\">\nSi Kylian Mbapp\u00e9 vante les m\u00e9rites du Real, reste une chose dont il est nostalgique quand on \u00e9voque la France: \u00ab\u00a0La nourriture\u00a0\u00bb, sourit-il. <strong>\u00ab\u00a0C&rsquo;est bien, l&rsquo;Espagne, c&rsquo;est bien, mais la France, c&rsquo;est autre chose\u00a0\u00bb,<\/strong> assure le footballeur.<\/p>\n<p class=\"article-p mdl\">\u00ab\u00a0J&rsquo;ai eu la chance de voyager beaucoup dans ma carri\u00e8re et dans ma vie. Je suis toujours content de rentrer avec la qualit\u00e9 des produits, la qualit\u00e9 des aliments\u2026 Le confort aussi, parce qu&rsquo;on est dans un pays qui est formidable.\u00a0\u00bb<\/p>\n<p>    La r\u00e9daction vous recommande<\/p>\n<p class=\"s-newsletter__title\">\n                L\u2019actualit\u00e9 par la r\u00e9daction de RTL dans votre bo\u00eete mail.\n            <\/p>\n<p class=\"s-newsletter__subtitle\">\n                Gr\u00e2ce \u00e0 votre compte RTL abonnez-vous \u00e0 la newsletter RTL info pour suivre toute l&rsquo;actualit\u00e9 au quotidien\n            <\/p>\n<p>\n                                    Lire la suite\n                                <\/p>\n","protected":false},"excerpt":{"rendered":"\u00ab\u00a0Changement de club\u00a0\u00bb, \u00ab\u00a0changement de pays\u00a0\u00bb, \u00ab\u00a0changement de culture\u00a0\u00bb\u2026 Apr\u00e8s sept ans pass\u00e9s au Paris Saint-Germain,\u00a0Kylian Mbapp\u00e9\u00a0\u00e9voque son&hellip;\n","protected":false},"author":2,"featured_media":373902,"comment_status":"","ping_status":"","sticky":false,"template":"","format":"standard","meta":{"footnotes":""},"categories":[1586],"tags":[11,21313,1777,674,1779,107,2619,63,1011,27,6477,12,4790,25,1778,364],"class_list":{"0":"post-373901","1":"post","2":"type-post","3":"status-publish","4":"format-standard","5":"has-post-thumbnail","7":"category-europe","8":"tag-actualites","9":"tag-anne-sophie-lapix","10":"tag-eu","11":"tag-europe","12":"tag-european-union","13":"tag-fil-info","14":"tag-fil-sport","15":"tag-football","16":"tag-fr","17":"tag-france","18":"tag-kylian-mbappe","19":"tag-news","20":"tag-real-madrid","21":"tag-republique-francaise","22":"tag-ue","23":"tag-union-europeenne"},"share_on_mastodon":{"url":"https:\/\/pubeurope.com\/@fr\/115165314716858955","error":""},"_links":{"self":[{"href":"https:\/\/www.europesays.com\/fr\/wp-json\/wp\/v2\/posts\/373901","targetHints":{"allow":["GET"]}}],"collection":[{"href":"https:\/\/www.europesays.com\/fr\/wp-json\/wp\/v2\/posts"}],"about":[{"href":"https:\/\/www.europesays.com\/fr\/wp-json\/wp\/v2\/types\/post"}],"author":[{"embeddable":true,"href":"https:\/\/www.europesays.com\/fr\/wp-json\/wp\/v2\/users\/2"}],"replies":[{"embeddable":true,"href":"https:\/\/www.europesays.com\/fr\/wp-json\/wp\/v2\/comments?post=373901"}],"version-history":[{"count":0,"href":"https:\/\/www.europesays.com\/fr\/wp-json\/wp\/v2\/posts\/373901\/revisions"}],"wp:featuredmedia":[{"embeddable":true,"href":"https:\/\/www.europesays.com\/fr\/wp-json\/wp\/v2\/media\/373902"}],"wp:attachment":[{"href":"https:\/\/www.europesays.com\/fr\/wp-json\/wp\/v2\/media?parent=373901"}],"wp:term":[{"taxonomy":"category","embeddable":true,"href":"https:\/\/www.europesays.com\/fr\/wp-json\/wp\/v2\/categories?post=373901"},{"taxonomy":"post_tag","embeddable":true,"href":"https:\/\/www.europesays.com\/fr\/wp-json\/wp\/v2\/tags?post=373901"}],"curies":[{"name":"wp","href":"https:\/\/api.w.org\/{rel}","templated":true}]}}