{"id":373903,"date":"2025-09-07T22:13:10","date_gmt":"2025-09-07T22:13:10","guid":{"rendered":"https:\/\/www.europesays.com\/fr\/373903\/"},"modified":"2025-09-07T22:13:10","modified_gmt":"2025-09-07T22:13:10","slug":"en-direct-gaza-le-hamas-se-dit-pret-a-sasseoir-immediatement-a-la-table-des-negociations-le-monde-fr","status":"publish","type":"post","link":"https:\/\/www.europesays.com\/fr\/373903\/","title":{"rendered":"En direct, Gaza : le Hamas se dit \u00ab pr\u00eat \u00e0 s\u2019asseoir imm\u00e9diatement \u00e0 la table des n\u00e9gociations \u00bb &#8211; Le Monde.fr"},"content":{"rendered":"<ol>\n<li><a href=\"https:\/\/news.google.com\/rss\/articles\/CBMi8gFBVV95cUxQdUN0dEhmb3ljRUFQd2FpQUpUWVAwV2dkeVRTZUJPMGVsYkdWSU15VFdOZ2dfUHFsYWhLX3ZZdS1LZW5kRFdyQ24xX3lxUzdIYkhfTEctbjZ4Zjgzd1VRdEV2SFFRUWlqck90VDNSUWV1TzdIOXotMkJUdTFsVnVLY2EyNVFPZTUycEZBU1FodUZKS255VEptdE95MVExTXFkQXE0bmdqb2tYWVZ5bTJMeFQ3UkVLbGVfOF9KRDd4Zm1aR01Dbnh6NnFIdDFWWDZlblJzSVUyX1V3OW1jRmdMaWRaNDdkcEhzdzVXXzk5T2JZUQ?oc=5\" target=\"_blank\" rel=\"nofollow noopener\">En direct, Gaza : le Hamas se dit \u00ab pr\u00eat \u00e0 s\u2019asseoir imm\u00e9diatement \u00e0 la table des n\u00e9gociations \u00bb<\/a>&nbsp;&nbsp;Le Monde.fr<\/li>\n<li><a href=\"https:\/\/news.google.com\/rss\/articles\/CBMiwwFBVV95cUxNZDE4a2VvMEZSSkF3S1F3d1ZkVDVhQklvckYzM3Q4aVpzdHktQkI1Njh3TFN2ZlJFOWp6TDJwZkQ5NUNidUhpZWxETVBEX1Q4TUdlaFo4X1g5TjVHanN5dXFub0tpNWpTaU9UR3Jtb1l4dVNlYWNjc1plUlhXak5QSExyYURTOGZ6WEEzakNVaVZMOTNPTzRIMTlpaHVmR2tMVjVVaU9lQmJZQWFJSUYtWjd5a0U3X19KOXQ2SXBnVTFLZjg?oc=5\" target=\"_blank\" rel=\"nofollow noopener\">LIVEBLOG | Sud-Liban : Frappe Isra\u00e9lienne Signal\u00e9e Sur Un Camion Pr\u00e8s De Tyr<\/a>&nbsp;&nbsp;i24NEWS<\/li>\n<li><a href=\"https:\/\/news.google.com\/rss\/articles\/CBMirwJBVV95cUxNT1BQdzZWYTdnT0RVdkd2X3VpcHlXWHZSY1M5b0Z6U28wWmZ1YXdyTmRsM2NxU3RWeTNvQmRrTWdMNEpiNzlRbXhUaGw3Q2dRd3VmN25FMERXdkM1d1dBRG5wTUNYSmFWbms3WDlwbjFMbWM2dElfREN2T3RiamUzMHo0ZUFEYW1qSzBNUUZxa3A4YWxOd2dOMDRydmozSW53VElZV2xCLWt6cTBiVUQ0azIwTGNPRzNGdFZibkt6NDhTRW8xSWZHbjY3dTgzcjVQQ0prcmVlNGhSOVZud293MHBRQVR6U2U0Q3dtT3JrRG8tendBRk1vOFRlZVZUQnpVcHJ5U05lZFk0bnhtX21aU283LWFucU5wY1FDeGV2a0VqMVluQjhvNk5HbnhLQ1k?oc=5\" target=\"_blank\" rel=\"nofollow noopener\">Attaque massive contre l\u2019Ukraine, l\u2019arm\u00e9e isra\u00e9lienne tue les civils \u00e0 Gaza-ville, le petit-fils de Nelson Mandela \u00e0 bord de la Global Sumud Flotilla\u2026 Ce qu\u2019il ne fallait pas rater ce week-end<\/a>&nbsp;&nbsp;L&rsquo;Humanit\u00e9<\/li>\n<li><a href=\"https:\/\/news.google.com\/rss\/articles\/CBMi7AFBVV95cUxQb3h0Z29kOEMxZW5VM1JrZkRBdS1YTHFpVlNORUZsejJOeWxoOUY4S1ZnSnRRdnNla1U2OWtqclhzUlVjRnMyNnRtanV0OFdXZzY4d3Z1R1hFUHE1czlhaUN3TXhadGVhMXNoWDRicmJtTjFQTXRvU1BZWUpRdk1WTEkxVEJJRVdtYkhrRjQtYVl5MDhnUmN3S1RSS1hXcmRDdU9iczhKbzFsRGZlMDBiU2JzZDhqTTNTcUZINUJJRFpOajJxSlpud3Jld3h5VjRRSXJReHkzcjNEYnMwdEg3WHhaSjVBUUwxamlaRg?oc=5\" target=\"_blank\" rel=\"nofollow noopener\">Benyamin Netanyahou annonce une extension des op\u00e9rations militaires \u00e0 Gaza-ville<\/a>&nbsp;&nbsp;Ouest-France<\/li>\n<li><a href=\"https:\/\/news.google.com\/rss\/articles\/CBMitAFBVV95cUxPZkJZMHVQdFF1OG9TUE1sREJYQjh3eEFOTjhucVIyT0lubnZ3YVNpRk85WWF6SVR3bmZ5RmV4cEFBUzgxbzVsSWpLSDAtV1I5aDctVjNrcWkzUi1zYm1neGRlei1yVnBkYThnTGRSQ2xlT0tSaUNBdjFOeFRDTXJrNWVleFgzR1dqbFMydi1qQ0wxcjFCWE00U2tzT0NndmtGdGNHZ2hCZVllU1dJaWI2NmE0cWY?oc=5\" target=\"_blank\" rel=\"nofollow noopener\">\u00c0 Gaza-Ville, la population ext\u00e9nu\u00e9e n\u2019a m\u00eame plus la force de fuir<\/a>&nbsp;&nbsp;La Croix<\/li>\n<\/ol>\n","protected":false},"excerpt":{"rendered":"En direct, Gaza : le Hamas se dit \u00ab pr\u00eat \u00e0 s\u2019asseoir imm\u00e9diatement \u00e0 la table des n\u00e9gociations&hellip;\n","protected":false},"author":2,"featured_media":373904,"comment_status":"","ping_status":"","sticky":false,"template":"","format":"standard","meta":{"footnotes":""},"categories":[2],"tags":[11,1011,27,12,25],"class_list":{"0":"post-373903","1":"post","2":"type-post","3":"status-publish","4":"format-standard","5":"has-post-thumbnail","7":"category-actualites","8":"tag-actualites","9":"tag-fr","10":"tag-france","11":"tag-news","12":"tag-republique-francaise"},"share_on_mastodon":{"url":"https:\/\/pubeurope.com\/@fr\/115165318728178241","error":""},"_links":{"self":[{"href":"https:\/\/www.europesays.com\/fr\/wp-json\/wp\/v2\/posts\/373903","targetHints":{"allow":["GET"]}}],"collection":[{"href":"https:\/\/www.europesays.com\/fr\/wp-json\/wp\/v2\/posts"}],"about":[{"href":"https:\/\/www.europesays.com\/fr\/wp-json\/wp\/v2\/types\/post"}],"author":[{"embeddable":true,"href":"https:\/\/www.europesays.com\/fr\/wp-json\/wp\/v2\/users\/2"}],"replies":[{"embeddable":true,"href":"https:\/\/www.europesays.com\/fr\/wp-json\/wp\/v2\/comments?post=373903"}],"version-history":[{"count":0,"href":"https:\/\/www.europesays.com\/fr\/wp-json\/wp\/v2\/posts\/373903\/revisions"}],"wp:featuredmedia":[{"embeddable":true,"href":"https:\/\/www.europesays.com\/fr\/wp-json\/wp\/v2\/media\/373904"}],"wp:attachment":[{"href":"https:\/\/www.europesays.com\/fr\/wp-json\/wp\/v2\/media?parent=373903"}],"wp:term":[{"taxonomy":"category","embeddable":true,"href":"https:\/\/www.europesays.com\/fr\/wp-json\/wp\/v2\/categories?post=373903"},{"taxonomy":"post_tag","embeddable":true,"href":"https:\/\/www.europesays.com\/fr\/wp-json\/wp\/v2\/tags?post=373903"}],"curies":[{"name":"wp","href":"https:\/\/api.w.org\/{rel}","templated":true}]}}