{"id":373905,"date":"2025-09-07T22:14:10","date_gmt":"2025-09-07T22:14:10","guid":{"rendered":"https:\/\/www.europesays.com\/fr\/373905\/"},"modified":"2025-09-07T22:14:10","modified_gmt":"2025-09-07T22:14:10","slug":"donald-trump-siffle-au-debut-de-la-finale-alcaraz-sinner","status":"publish","type":"post","link":"https:\/\/www.europesays.com\/fr\/373905\/","title":{"rendered":"Donald Trump siffl\u00e9 au d\u00e9but de la finale Alcaraz-Sinner"},"content":{"rendered":"<p>On connaissait la Trump Tower, il y a d\u00e9sormais la Trump Hour. La venue du pr\u00e9sident des Etats-Unis \u00e0 la finale de l\u2019<a href=\"https:\/\/www.20minutes.fr\/sport\/us_open\/\" class=\"c-link c-link--is-underlined\" rel=\"nofollow noopener\" target=\"_blank\">US Open<\/a> <a href=\"https:\/\/www.20minutes.fr\/sport\/4171646-20250907-direct-sinner-alcaraz-belle-apres-roland-wimbledon-finale-us-open-suivre-partir-20h\" class=\"c-link c-link--is-underlined\" rel=\"nofollow noopener\" target=\"_blank\">entre Jannik Sinner et Carlos Alcaraz<\/a>, dimanche, a retard\u00e9 le d\u00e9but du match. Cons\u00e9quence\u00a0: les spectateurs ont bri\u00e8vement siffl\u00e9 <a href=\"https:\/\/www.20minutes.fr\/dossier\/donald_trump\" class=\"c-link c-link--is-underlined\" rel=\"nofollow noopener\" target=\"_blank\">Donald Trump<\/a>. Le retard est d\u00fb aux mesures de s\u00e9curit\u00e9 mises en place pour sa venue.<\/p>\n<p>Alors que l\u2019Espagnol <a href=\"https:\/\/www.20minutes.fr\/sport\/carlos-alcaraz\/\" class=\"c-link c-link--is-underlined\" rel=\"nofollow noopener\" target=\"_blank\">Carlos Alcaraz<\/a> venait de remporter le premier set 6-2, le visage du premier chef d\u2019Etat am\u00e9ricain en exercice \u00e0 assister \u00e0 une finale \u00e0 Flushing Meadows depuis\u00a02000 a \u00e9t\u00e9 projet\u00e9 sur les \u00e9crans g\u00e9ants du stade Arthur-Ashe, suscitant un concert de sifflets et quelques applaudissements, a constat\u00e9 un journaliste de l\u2019AFP.<\/p>\n<\/p>\n<p>Son arriv\u00e9e dans le stade, environ deux heures plus t\u00f4t, et sa pr\u00e9sence en tribune lors du chant de l\u2019hymne national am\u00e9ricain avait re\u00e7u un accueil plus partag\u00e9, entre sifflets et applaudissements.<\/p>\n<p>Interdiction de montrer \u00ab\u00a0toute perturbation\u00a0\u00bb \u00e0 la t\u00e9l\u00e9<\/p>\n<p>Le match avait commenc\u00e9 avec plus d\u2019une demi-heure de retard avec un stade alors pas encore rempli et de longues files d\u2019attente \u00e0 l\u2019entr\u00e9e du court. Les organisateurs du tournoi ont formellement repouss\u00e9 le d\u00e9but de la finale \u00ab\u00a0pour s\u2019assurer que les supporters aient du temps suppl\u00e9mentaire pour rejoindre leurs si\u00e8ges\u00a0\u00bb, selon un communiqu\u00e9.<\/p>\n<p>Avec la venue du pr\u00e9sident am\u00e9ricain \u00e0 Flushing Meadows, un contr\u00f4le de s\u00e9curit\u00e9 suppl\u00e9mentaire a \u00e9t\u00e9 instaur\u00e9 dimanche aux grilles d\u2019entr\u00e9e.<\/p>\n<p>Par ailleurs, selon plusieurs m\u00e9dias am\u00e9ricains, les organisateurs du tournoi ont demand\u00e9 aux diffuseurs TV de la finale de \u00ab\u00a0s\u2019abstenir de montrer toute perturbation vis-\u00e0-vis de la pr\u00e9sence du pr\u00e9sident, \u00e0 quelque titre que ce soit\u00a0\u00bb.<\/p>\n","protected":false},"excerpt":{"rendered":"On connaissait la Trump Tower, il y a d\u00e9sormais la Trump Hour. La venue du pr\u00e9sident des Etats-Unis&hellip;\n","protected":false},"author":2,"featured_media":373906,"comment_status":"","ping_status":"","sticky":false,"template":"","format":"standard","meta":{"footnotes":""},"categories":[2],"tags":[11,7779,75,73,1011,27,20859,12,25,517,1467,4172],"class_list":{"0":"post-373905","1":"post","2":"type-post","3":"status-publish","4":"format-standard","5":"has-post-thumbnail","7":"category-actualites","8":"tag-actualites","9":"tag-carlos-alcaraz","10":"tag-donald-trump","11":"tag-etats-unis","12":"tag-fr","13":"tag-france","14":"tag-jannik-sinner","15":"tag-news","16":"tag-republique-francaise","17":"tag-sport","18":"tag-tennis","19":"tag-us-open"},"share_on_mastodon":{"url":"https:\/\/pubeurope.com\/@fr\/115165322523466840","error":""},"_links":{"self":[{"href":"https:\/\/www.europesays.com\/fr\/wp-json\/wp\/v2\/posts\/373905","targetHints":{"allow":["GET"]}}],"collection":[{"href":"https:\/\/www.europesays.com\/fr\/wp-json\/wp\/v2\/posts"}],"about":[{"href":"https:\/\/www.europesays.com\/fr\/wp-json\/wp\/v2\/types\/post"}],"author":[{"embeddable":true,"href":"https:\/\/www.europesays.com\/fr\/wp-json\/wp\/v2\/users\/2"}],"replies":[{"embeddable":true,"href":"https:\/\/www.europesays.com\/fr\/wp-json\/wp\/v2\/comments?post=373905"}],"version-history":[{"count":0,"href":"https:\/\/www.europesays.com\/fr\/wp-json\/wp\/v2\/posts\/373905\/revisions"}],"wp:featuredmedia":[{"embeddable":true,"href":"https:\/\/www.europesays.com\/fr\/wp-json\/wp\/v2\/media\/373906"}],"wp:attachment":[{"href":"https:\/\/www.europesays.com\/fr\/wp-json\/wp\/v2\/media?parent=373905"}],"wp:term":[{"taxonomy":"category","embeddable":true,"href":"https:\/\/www.europesays.com\/fr\/wp-json\/wp\/v2\/categories?post=373905"},{"taxonomy":"post_tag","embeddable":true,"href":"https:\/\/www.europesays.com\/fr\/wp-json\/wp\/v2\/tags?post=373905"}],"curies":[{"name":"wp","href":"https:\/\/api.w.org\/{rel}","templated":true}]}}