{"id":373907,"date":"2025-09-07T22:15:11","date_gmt":"2025-09-07T22:15:11","guid":{"rendered":"https:\/\/www.europesays.com\/fr\/373907\/"},"modified":"2025-09-07T22:15:11","modified_gmt":"2025-09-07T22:15:11","slug":"en-france-la-colere-sociale-monte-avant-la-chute-probable-du-gouvernement-bayrou","status":"publish","type":"post","link":"https:\/\/www.europesays.com\/fr\/373907\/","title":{"rendered":"En France, la col\u00e8re sociale monte avant la chute probable du gouvernement Bayrou"},"content":{"rendered":"<p>\n                                                La situation sociale se tend alors que la chute du gouvernement de Fran\u00e7ois Bayrou semble d\u00e9sormais in\u00e9vitable. Le mercredi 3 septembre, une centaine de personnes se sont rassembl\u00e9es en assembl\u00e9e g\u00e9n\u00e9rale sur l&rsquo;esplanade de la Place des F\u00eates, dans le nord-est parisien, pour pr\u00e9parer le mouvement social du 10 septembre.                    <\/p>\n<p>Parmi la centaine de personnes qui se sont rassembl\u00e9es sur l&rsquo;esplanade de la Place des F\u00eates, un quartier populaire de <a href=\"https:\/\/www.rfi.fr\/fr\/tag\/paris\/\" target=\"_self\" rel=\"noopener\"><strong>Paris<\/strong><\/a>, beaucoup de jeunes trentenaires, ainsi que quelques curieux du quartier. Camille, pr\u00e9sente sur les lieux, exprime ses attentes avec ferveur. \u00ab J&rsquo;attends beaucoup de tout ce qui va s&rsquo;organiser \u00e0 partir du 10 septembre comme rassemblements. Parce que, au-del\u00e0 de ce qui se passe en politique, de la question des salaires qui sont gel\u00e9s, des augmentations et du sujet des aides, c&rsquo;est surtout par rapport aux jeunes et \u00e0 l&#8217;emploi. Le sujet de l&rsquo;accessibilit\u00e9 \u00e0 l&#8217;emploi est tr\u00e8s important. Il y a beaucoup de personnes qui se voient refuser des emplois par rapport \u00e0 leur \u00e2ge, leur orientation, leur ethnie, leur origine sociale. Tout le monde devrait avoir sa chance. C&rsquo;est important de se battre pour l&rsquo;avenir, de ne pas laisser faire, d&rsquo;\u00eatre l\u00e0 et de dire que le peuple peut faire valoir sa voix dans notre pays. On est un pays qui est une d\u00e9mocratie. On a acquis des droits par la force du peuple. On est en 2025. Ce qu&rsquo;on lit dans les livres d&rsquo;histoire, on peut le refaire pour faire valoir ce qu&rsquo;on m\u00e9rite \u00bb, d\u00e9taille-t-elle avec passion.<\/p>\n<p> \u00ab Envoyer un message le 10 septembre \u00bb <\/p>\n<p>La r\u00e9union commence dans une ambiance tendue. Un photographe est pri\u00e9 de quitter les lieux, ce qui d\u00e9clenche une discussion sur la pr\u00e9sence des journalistes. Simon assiste \u00e0 la sc\u00e8ne de loin. \u00ab On sent une \u00e9nergie. On sent qu&rsquo;on est un peu \u00e9nerv\u00e9. C&rsquo;est int\u00e9ressant de se rassembler, de s&rsquo;\u00e9couter et de penser \u00e0 ce qu&rsquo;on peut faire pour envoyer un message le 10 septembre prochain. Il y a quelque chose qui para\u00eet d\u00e9connect\u00e9 et qui n\u00e9cessite qu&rsquo;on rappelle qu&rsquo;il y a des gens qui sont mobilis\u00e9s pour ne pas laisser tomber \u00bb, explique-t-il.<\/p>\n<p>Interrog\u00e9 sur la chute probable du gouvernement de <a href=\"https:\/\/www.rfi.fr\/fr\/tag\/fran\u00e7ois-bayrou\/\" target=\"_self\" rel=\"noopener\"><strong>Fran\u00e7ois Bayrou<\/strong><\/a>, ce lundi, Simon reste sceptique. \u00ab C&rsquo;est une tr\u00e8s bonne question. Je ne sais pas du tout. Je ne sais pas si cela va soulever encore plus ou finalement un peu amoindrir l&rsquo;\u00e9lan actuel. Mais il est probable, malheureusement, que ce soit Macron ou le prochain gouvernement, que cela ne change pas grand-chose sur le fond des choses. Donc cela m&rsquo;\u00e9tonnerait que cela s&rsquo;essouffle compl\u00e8tement \u00bb, estime-t-il.<\/p>\n<p>Alors que les d\u00e9bats se poursuivent sur les actions \u00e0 mener le 10 septembre \u00e0 Paris, Lila, une habitante du quartier, a tenu \u00e0 \u00eatre pr\u00e9sente. \u00ab Les gens n&rsquo;en peuvent plus, ils ne supportent plus cette vie. Vous voyez des \u00e9tudiants en train de faire la queue pour manger au Secours catholique. Ils disent que les \u00e9tudiants sont aid\u00e9s, qu&rsquo;il y a suffisamment d&rsquo;aides pour la jeunesse. Mais il n&rsquo;y a rien pour la jeunesse\u00a0\u00bb, d\u00e9plore-t-elle. Au terme de deux heures de d\u00e9bats, il est d\u00e9cid\u00e9 de bloquer plusieurs portes du p\u00e9riph\u00e9rique parisien mercredi. Il s&rsquo;agit surtout de marquer les esprits avec l&rsquo;intention affich\u00e9e d&rsquo;inscrire le mouvement dans la dur\u00e9e.<\/p>\n<p class=\"a-read-more\">\u00c0 lire aussi<a href=\"https:\/\/www.rfi.fr\/fr\/podcasts\/reportage-france\/20250825-france-face-\u00e0-la-pr\u00e9carit\u00e9-alimentaire-un-nouveau-mod\u00e8le-solidaire-en-exp\u00e9rimentation\" target=\"_self\" class=\"a-read-more__link\" rel=\"noopener\">France: face \u00e0 la pr\u00e9carit\u00e9 alimentaire, un nouveau mod\u00e8le solidaire en exp\u00e9rimentation<\/a><\/p>\n","protected":false},"excerpt":{"rendered":"La situation sociale se tend alors que la chute du gouvernement de Fran\u00e7ois Bayrou semble d\u00e9sormais in\u00e9vitable. Le&hellip;\n","protected":false},"author":2,"featured_media":373908,"comment_status":"","ping_status":"","sticky":false,"template":"","format":"standard","meta":{"footnotes":""},"categories":[4],"tags":[11,1011,27,431,12,626,13811,5920,25,104],"class_list":{"0":"post-373907","1":"post","2":"type-post","3":"status-publish","4":"format-standard","5":"has-post-thumbnail","7":"category-france","8":"tag-actualites","9":"tag-fr","10":"tag-france","11":"tag-francois-bayrou","12":"tag-news","13":"tag-paris","14":"tag-politique-francaise","15":"tag-reportage-france","16":"tag-republique-francaise","17":"tag-societe"},"share_on_mastodon":{"url":"https:\/\/pubeurope.com\/@fr\/115165326387607658","error":""},"_links":{"self":[{"href":"https:\/\/www.europesays.com\/fr\/wp-json\/wp\/v2\/posts\/373907","targetHints":{"allow":["GET"]}}],"collection":[{"href":"https:\/\/www.europesays.com\/fr\/wp-json\/wp\/v2\/posts"}],"about":[{"href":"https:\/\/www.europesays.com\/fr\/wp-json\/wp\/v2\/types\/post"}],"author":[{"embeddable":true,"href":"https:\/\/www.europesays.com\/fr\/wp-json\/wp\/v2\/users\/2"}],"replies":[{"embeddable":true,"href":"https:\/\/www.europesays.com\/fr\/wp-json\/wp\/v2\/comments?post=373907"}],"version-history":[{"count":0,"href":"https:\/\/www.europesays.com\/fr\/wp-json\/wp\/v2\/posts\/373907\/revisions"}],"wp:featuredmedia":[{"embeddable":true,"href":"https:\/\/www.europesays.com\/fr\/wp-json\/wp\/v2\/media\/373908"}],"wp:attachment":[{"href":"https:\/\/www.europesays.com\/fr\/wp-json\/wp\/v2\/media?parent=373907"}],"wp:term":[{"taxonomy":"category","embeddable":true,"href":"https:\/\/www.europesays.com\/fr\/wp-json\/wp\/v2\/categories?post=373907"},{"taxonomy":"post_tag","embeddable":true,"href":"https:\/\/www.europesays.com\/fr\/wp-json\/wp\/v2\/tags?post=373907"}],"curies":[{"name":"wp","href":"https:\/\/api.w.org\/{rel}","templated":true}]}}