{"id":373909,"date":"2025-09-07T22:18:11","date_gmt":"2025-09-07T22:18:11","guid":{"rendered":"https:\/\/www.europesays.com\/fr\/373909\/"},"modified":"2025-09-07T22:18:11","modified_gmt":"2025-09-07T22:18:11","slug":"lea-champon-la-mobylette-tout-terrain-aussi-precieuse-dans-le-pack-quau-milieu-des-trois-quarts","status":"publish","type":"post","link":"https:\/\/www.europesays.com\/fr\/373909\/","title":{"rendered":"L\u00e9a Champon, la mobylette tout-terrain aussi pr\u00e9cieuse dans le pack qu&rsquo;au milieu des trois-quarts"},"content":{"rendered":"\n<p>Quinze secondes plus tard, l&rsquo;\u00e9quipe de France a r\u00e9cup\u00e9r\u00e9 le ballon sur un en-avant sud-africain. L&rsquo;action rebondit dans l&rsquo;autre sens, du c\u00f4t\u00e9 de Champon. Boulard va \u00e9carter le ballon vers sa troisi\u00e8me-ligne, plac\u00e9e non pas dans le couloir, mais juste avant, \u00e0 la fa\u00e7on d&rsquo;une centre. Avec l&rsquo;aili\u00e8re Grisez \u00e0 sa droite, L\u00e9a Champon dispose d&rsquo;un large espace pour manoeuvrer, fixer et propulser sa co\u00e9quipi\u00e8re.<\/p>\n","protected":false},"excerpt":{"rendered":"Quinze secondes plus tard, l&rsquo;\u00e9quipe de France a r\u00e9cup\u00e9r\u00e9 le ballon sur un en-avant sud-africain. L&rsquo;action rebondit dans&hellip;\n","protected":false},"author":2,"featured_media":373910,"comment_status":"","ping_status":"","sticky":false,"template":"","format":"standard","meta":{"footnotes":""},"categories":[1416],"tags":[1011,27,479,1468,60],"class_list":{"0":"post-373909","1":"post","2":"type-post","3":"status-publish","4":"format-standard","5":"has-post-thumbnail","7":"category-rugby","8":"tag-fr","9":"tag-france","10":"tag-rugby","11":"tag-rugby-football","12":"tag-sports"},"share_on_mastodon":{"url":"https:\/\/pubeurope.com\/@fr\/115165338347496150","error":""},"_links":{"self":[{"href":"https:\/\/www.europesays.com\/fr\/wp-json\/wp\/v2\/posts\/373909","targetHints":{"allow":["GET"]}}],"collection":[{"href":"https:\/\/www.europesays.com\/fr\/wp-json\/wp\/v2\/posts"}],"about":[{"href":"https:\/\/www.europesays.com\/fr\/wp-json\/wp\/v2\/types\/post"}],"author":[{"embeddable":true,"href":"https:\/\/www.europesays.com\/fr\/wp-json\/wp\/v2\/users\/2"}],"replies":[{"embeddable":true,"href":"https:\/\/www.europesays.com\/fr\/wp-json\/wp\/v2\/comments?post=373909"}],"version-history":[{"count":0,"href":"https:\/\/www.europesays.com\/fr\/wp-json\/wp\/v2\/posts\/373909\/revisions"}],"wp:featuredmedia":[{"embeddable":true,"href":"https:\/\/www.europesays.com\/fr\/wp-json\/wp\/v2\/media\/373910"}],"wp:attachment":[{"href":"https:\/\/www.europesays.com\/fr\/wp-json\/wp\/v2\/media?parent=373909"}],"wp:term":[{"taxonomy":"category","embeddable":true,"href":"https:\/\/www.europesays.com\/fr\/wp-json\/wp\/v2\/categories?post=373909"},{"taxonomy":"post_tag","embeddable":true,"href":"https:\/\/www.europesays.com\/fr\/wp-json\/wp\/v2\/tags?post=373909"}],"curies":[{"name":"wp","href":"https:\/\/api.w.org\/{rel}","templated":true}]}}